{"id":320576,"date":"2025-08-15T10:04:15","date_gmt":"2025-08-15T10:04:15","guid":{"rendered":"https:\/\/www.europesays.com\/fr\/320576\/"},"modified":"2025-08-15T10:04:15","modified_gmt":"2025-08-15T10:04:15","slug":"atp-cincinnati-tsitsipas-pas-emballe-par-sinner-le-tennis-sans-drama-cest-juste-du-cardio-avec-du-materiel-couteux","status":"publish","type":"post","link":"https:\/\/www.europesays.com\/fr\/320576\/","title":{"rendered":"ATP &#8211; Cincinnati > Tsitsipas pas emball\u00e9 par Sinner ? \u00ab\u00a0Le tennis sans drama, c&rsquo;est juste du cardio avec du mat\u00e9riel\u00a0co\u00fbteux\u00a0\u00bb"},"content":{"rendered":"<p>Stefanos Tsitsipas s\u2019ex\u00adprime r\u00e9gu\u00adli\u00e8\u00adre\u00adment sur son compte X.<\/p>\n<p>Bien que, souvent, il publie des messages sans lien direct avec le tennis, il semble cette fois\u2010ci y faire r\u00e9f\u00e9rence<\/p>\n<blockquote class=\"twitter-tweet\" data-width=\"550\" data-dnt=\"true\">\n<p lang=\"en\" dir=\"ltr\">Tennis without drama is just cardio with expen\u00adsive equipment.<\/p>\n<p>\u2014 Stefanos Tsitsipas (@steftsitsipas) <a href=\"https:\/\/twitter.com\/steftsitsipas\/status\/1956107814998564958?ref_src=twsrc%5Etfw\" data-wpel-link=\"external\" target=\"_blank\" rel=\"nofollow external noopener\">August 14,\u00a02025<\/a><\/p><\/blockquote>\n<p><strong>\u00ab\u202fLe tennis sans drama, c\u2019est juste du cardio avec du mat\u00e9\u00adriel\u00a0co\u00fbteux\u202f\u00bb<\/strong><\/p>\n<p>Une d\u00e9cla\u00adra\u00adtion qui laisse planer le\u00a0doute.<\/p>\n<p>Faisait\u2010il allu\u00adsion \u00e0 Jannik Sinner lors de son <a href=\"https:\/\/www.welovetennis.fr\/atp\/atp-cincinnati\/sinner-apres-sa-victoire-ecrasante-contre-aliassime-jai-senti-quaujourdhui-je-jouais-un-tennis-formidable\" data-wpel-link=\"internal\" rel=\"nofollow noopener\" target=\"_blank\">match large\u00adment ma\u00eetris\u00e9 face \u00e0 F\u00e9lix Auger\u2010Aliassime<\/a>\u202f?<\/p>\n<p>Nul ne le sait, car le joueur Italien n\u2019est pas direc\u00adte\u00adment vis\u00e9 dans les mots du Grec, mais il semble y faire r\u00e9f\u00e9rence.<\/p>\n<p>On esp\u00e8re que Tsitsipas se concen\u00adtrera davan\u00adtage sur le court lors des prochaines \u00e9ch\u00e9ances, avec l\u2019US Open en ligne de\u00a0mire.<\/p>\n<p class=\"post-published-date\" style=\"color: silver; font-size: 75%; text-align: left;\">Publi\u00e9 le vendredi 15 ao\u00fbt 2025 \u00e0 10:05<\/p>\n<p><script async src=\"https:\/\/platform.twitter.com\/widgets.js\" charset=\"utf-8\"><\/script><\/p>\n","protected":false},"excerpt":{"rendered":"Stefanos Tsitsipas s\u2019ex\u00adprime r\u00e9gu\u00adli\u00e8\u00adre\u00adment sur son compte X. Bien que, souvent, il publie des messages sans lien direct&hellip;\n","protected":false},"author":2,"featured_media":295618,"comment_status":"","ping_status":"","sticky":false,"template":"","format":"standard","meta":{"footnotes":""},"categories":[1415],"tags":[14496,1011,27,2127,60,1467,5443],"class_list":{"0":"post-320576","1":"post","2":"type-post","3":"status-publish","4":"format-standard","5":"has-post-thumbnail","7":"category-tennis","8":"tag-auger-aliassime","9":"tag-fr","10":"tag-france","11":"tag-sinner","12":"tag-sports","13":"tag-tennis","14":"tag-tsitsipas"},"share_on_mastodon":{"url":"https:\/\/pubeurope.com\/@fr\/115032218851337939","error":""},"_links":{"self":[{"href":"https:\/\/www.europesays.com\/fr\/wp-json\/wp\/v2\/posts\/320576","targetHints":{"allow":["GET"]}}],"collection":[{"href":"https:\/\/www.europesays.com\/fr\/wp-json\/wp\/v2\/posts"}],"about":[{"href":"https:\/\/www.europesays.com\/fr\/wp-json\/wp\/v2\/types\/post"}],"author":[{"embeddable":true,"href":"https:\/\/www.europesays.com\/fr\/wp-json\/wp\/v2\/users\/2"}],"replies":[{"embeddable":true,"href":"https:\/\/www.europesays.com\/fr\/wp-json\/wp\/v2\/comments?post=320576"}],"version-history":[{"count":0,"href":"https:\/\/www.europesays.com\/fr\/wp-json\/wp\/v2\/posts\/320576\/revisions"}],"wp:featuredmedia":[{"embeddable":true,"href":"https:\/\/www.europesays.com\/fr\/wp-json\/wp\/v2\/media\/295618"}],"wp:attachment":[{"href":"https:\/\/www.europesays.com\/fr\/wp-json\/wp\/v2\/media?parent=320576"}],"wp:term":[{"taxonomy":"category","embeddable":true,"href":"https:\/\/www.europesays.com\/fr\/wp-json\/wp\/v2\/categories?post=320576"},{"taxonomy":"post_tag","embeddable":true,"href":"https:\/\/www.europesays.com\/fr\/wp-json\/wp\/v2\/tags?post=320576"}],"curies":[{"name":"wp","href":"https:\/\/api.w.org\/{rel}","templated":true}]}}