{"id":320589,"date":"2025-08-15T10:12:18","date_gmt":"2025-08-15T10:12:18","guid":{"rendered":"https:\/\/www.europesays.com\/fr\/320589\/"},"modified":"2025-08-15T10:12:18","modified_gmt":"2025-08-15T10:12:18","slug":"salon-du-livre-de-saint-remy-de-provence","status":"publish","type":"post","link":"https:\/\/www.europesays.com\/fr\/320589\/","title":{"rendered":"Salon du livre de Saint-R\u00e9my-de-Provence"},"content":{"rendered":"<p>Port\u00e9e par l\u2019association Un Jour Un Livre, cette quatri\u00e8me \u00e9dition du salon du livre \u00e0 Saint-R\u00e9my-de-Provence accueillera 55 auteurs, locaux, r\u00e9gionaux et nationaux le 13 septembre 2025.<\/p>\n<p>Le Salon<\/p>\n<p>L\u2019\u00e9quipe\u00a0<a target=\"_blank\" rel=\"nofollow noopener noreferrer\" class=\"IciLink ici-link IciArticleLink g-ici-body-regular-1 underline brand svelte-lu7k6w\" href=\"https:\/\/www.unjourunlivresaintremydeprovence.fr\/\">Un Jour Un Livre<\/a>, pr\u00e9sid\u00e9e par Edith Godard, \u00e0 travers cet \u00e9v\u00e9nement culturel, cr\u00e9e du lien, suscite des rencontres, d\u00e9veloppe le go\u00fbt \u00e0 la lecture et l\u2019\u00e9criture et r\u00e9v\u00e8le des p\u00e9pites litt\u00e9raires. Chaque ann\u00e9e le salon \u00e9volue en qualit\u00e9 et en renomm\u00e9e.<\/p>\n<p>Des moments riches en perspective seront propos\u00e9s, gratuitement. Ateliers pour enfants et adultes (illustration, \u00e9criture, calligraphie, dict\u00e9e g\u00e9ante, lecture) et tables rondes\/conf\u00e9rences se succ\u00e8deront toute la journ\u00e9e.<\/p>\n<p>Des temps forts\u00a0: \u00e0 10h la r\u00e9v\u00e9lation des prix litt\u00e9raires \u00ab\u00a0Le coup de c\u0153ur des Alpilles\u00a0\u00bb, cat\u00e9gorie adulte et cat\u00e9gorie jeunesse et adolescents sera proclam\u00e9e par la Marraine et les jur\u00e9s.<br \/>(Le jury pour la jeunesse est compos\u00e9 par 9 classes des \u00e9coles \u00e9l\u00e9mentaires et la sixi\u00e8me du coll\u00e8ge Glanum)<\/p>\n<p>La journ\u00e9e se terminera par une lecture th\u00e9\u00e2tralis\u00e9e \u00e0 trois voix d\u2019extraits du livre \u00ab\u00a0Van Gogh, quatre saisons \u00e0 Saint Paul\u00a0\u00bb. Cette prestation, pr\u00e9par\u00e9e par Anne Marie Cellier, \u00e9crivaine et dramaturge, sera accompagn\u00e9e par un violoncelle. On attend un magnifique instant litt\u00e9raire et musical.<\/p>\n<p><img loading=\"lazy\" decoding=\"async\" class=\"VisualPreview svelte-1rldrkz\" src=\"data:image\/jpeg;base64,\/9j\/2wBDACgcHiMeGSgjISMtKygwPGRBPDc3PHtYXUlkkYCZlo+AjIqgtObDoKrarYqMyP\/L2u71\/\/\/\/m8H\/\/\/\/6\/+b9\/\/j\/2wBDASstLTw1PHZBQXb4pYyl+Pj4+Pj4+Pj4+Pj4+Pj4+Pj4+Pj4+Pj4+Pj4+Pj4+Pj4+Pj4+Pj4+Pj4+Pj4+Pj4+Pj\/wAARCAAqAB0DASIAAhEBAxEB\/8QAGAABAQEBAQAAAAAAAAAAAAAAAgEAAwT\/xAAWEAEBAQAAAAAAAAAAAAAAAAAAARH\/xAAVAQEBAAAAAAAAAAAAAAAAAAAAAf\/EABQRAQAAAAAAAAAAAAAAAAAAAAD\/2gAMAwEAAhEDEQA\/APY2tUA5V0IUBLBrpQqCQoKgdGw6NUHGVgf\/2Q==\" alt=\"Salon du livre de Saint-R\u00e9my-de-Provence\" width=\"600\" height=\"850\"\/>  Salon du livre de Saint-R\u00e9my-de-Provence  &#8211; Affiche 2025Le programme<\/p>\n<p><strong>Animations<\/strong><\/p>\n<p><strong>9h30<\/strong> Ouverture du salon au public<br \/>Pr\u00e9sentation de la marraine Simonetta Greggio<\/p>\n<p><strong>10h00<\/strong> Proclamation des laur\u00e9ats au prix litt\u00e9raire le \u00ab\u00a0Coup de c\u0153ur des Alpilles\u00a0\u00bbcat\u00e9gorie Adulte, Jeunesse et Ados. Remise des prix par la marraine, en pr\u00e9sence des officiels.<\/p>\n<p><strong>11h30<\/strong> Ap\u00e9ritif avec les officiels, les auteurs, le public et les sponsors.<br \/>Animation musicale par Christian Billon.<\/p>\n<p><strong>14h30<\/strong>\u00a0<br \/>\u00a0&#8211; Atelier \u00ab\u00a0d\u00e9gustation litt\u00e9raire\u00a0\u00bb anim\u00e9 par Christine Ramage.<br \/>Enfants de 7 \u00e0 14 ans. Les ar\u00e8nes Barnier<br \/>&#8211; Atelier d\u2019\u00e9criture anim\u00e9 par Laurie Duarte.<br \/>Adultes et adolescents.\u00a0Salle de la biblioth\u00e8que<\/p>\n<p><strong>15h00<\/strong><br \/>&#8211; Atelier illustration anim\u00e9 par Fanny Le Rouhet<br \/>Enfants de 5 \u00e0 15 ans. Les ar\u00e8nes Barnier<br \/>&#8211; Atelier de calligraphie anim\u00e9 par Ji Dahai<br \/>Adultes et adolescents Salle de la biblioth\u00e8que<\/p>\n<p><strong>16h30<\/strong> Atelier \u00ab\u00a0dict\u00e9e g\u00e9ante\u00a0\u00bb anim\u00e9 par Jocelyne Sitt et B\u00e9n\u00e9dicte Gaillard<br \/>Premi\u00e8re lecture par Simonetta Greggio. Adultes et adolescents. Les ar\u00e8nes Barnier<\/p>\n<p>Infos pratiques<\/p>\n<p>\ud83d\udcc6 13 septembre de 9h30 \u00e0 18h<br \/>\ud83d\udccd Saint-R\u00e9my-de-Provence\u00a0 &#8211; Ar\u00e8nes Barnier et Biblioth\u00e8que<br \/><a target=\"_blank\" rel=\"nofollow noopener noreferrer\" class=\"IciLink ici-link IciArticleLink g-ici-body-regular-1 underline brand svelte-lu7k6w\" href=\"https:\/\/www.unjourunlivresaintremydeprovence.fr\/accueil\/programme-2025\">\ud83d\udcd2 Tables rondes et programme complet<\/a>\u00a0\u00a0Les conf\u00e9rences et lectures sont gratuites et l\u2019acc\u00e8s est libre<br \/>\ud83e\uddfeLes animations sont gratuites et sur inscription \u00e0 la biblioth\u00e8que, tel. 04 90 92 70 21 ou par SMS au 06 80 26 09 51<br \/>\ud83c\udf78Une buvette avec une l\u00e9g\u00e8re restauration sera propos\u00e9e toute la journ\u00e9e<\/p>\n","protected":false},"excerpt":{"rendered":"Port\u00e9e par l\u2019association Un Jour Un Livre, cette quatri\u00e8me \u00e9dition du salon du livre \u00e0 Saint-R\u00e9my-de-Provence accueillera 55&hellip;\n","protected":false},"author":2,"featured_media":320590,"comment_status":"","ping_status":"","sticky":false,"template":"","format":"standard","meta":{"footnotes":""},"categories":[1357],"tags":[1379,58,59,1011,27,1380],"class_list":{"0":"post-320589","1":"post","2":"type-post","3":"status-publish","4":"format-standard","5":"has-post-thumbnail","7":"category-livres","8":"tag-books","9":"tag-divertissement","10":"tag-entertainment","11":"tag-fr","12":"tag-france","13":"tag-livres"},"share_on_mastodon":{"url":"https:\/\/pubeurope.com\/@fr\/115032250318567170","error":""},"_links":{"self":[{"href":"https:\/\/www.europesays.com\/fr\/wp-json\/wp\/v2\/posts\/320589","targetHints":{"allow":["GET"]}}],"collection":[{"href":"https:\/\/www.europesays.com\/fr\/wp-json\/wp\/v2\/posts"}],"about":[{"href":"https:\/\/www.europesays.com\/fr\/wp-json\/wp\/v2\/types\/post"}],"author":[{"embeddable":true,"href":"https:\/\/www.europesays.com\/fr\/wp-json\/wp\/v2\/users\/2"}],"replies":[{"embeddable":true,"href":"https:\/\/www.europesays.com\/fr\/wp-json\/wp\/v2\/comments?post=320589"}],"version-history":[{"count":0,"href":"https:\/\/www.europesays.com\/fr\/wp-json\/wp\/v2\/posts\/320589\/revisions"}],"wp:featuredmedia":[{"embeddable":true,"href":"https:\/\/www.europesays.com\/fr\/wp-json\/wp\/v2\/media\/320590"}],"wp:attachment":[{"href":"https:\/\/www.europesays.com\/fr\/wp-json\/wp\/v2\/media?parent=320589"}],"wp:term":[{"taxonomy":"category","embeddable":true,"href":"https:\/\/www.europesays.com\/fr\/wp-json\/wp\/v2\/categories?post=320589"},{"taxonomy":"post_tag","embeddable":true,"href":"https:\/\/www.europesays.com\/fr\/wp-json\/wp\/v2\/tags?post=320589"}],"curies":[{"name":"wp","href":"https:\/\/api.w.org\/{rel}","templated":true}]}}