{"id":320612,"date":"2025-08-15T10:24:14","date_gmt":"2025-08-15T10:24:14","guid":{"rendered":"https:\/\/www.europesays.com\/fr\/320612\/"},"modified":"2025-08-15T10:24:14","modified_gmt":"2025-08-15T10:24:14","slug":"des-bovins-de-la-zone-de-surveillance-abattus-a-saint-etienne","status":"publish","type":"post","link":"https:\/\/www.europesays.com\/fr\/320612\/","title":{"rendered":"des bovins de la zone de surveillance abattus \u00e0 Saint-\u00c9tienne"},"content":{"rendered":"<p>Le premier cas hexagonal de dermatose nodulaire, cette maladie, tr\u00e8s pr\u00e9sente en Afrique du Nord, qui affecte les bovins (fi\u00e8vres et nodules sur la peau) mais qui n\u2019est pas transmissible \u00e0 l\u2019homme, avait \u00e9t\u00e9 recens\u00e9 le 29\u00a0juin dans les Alpes. Depuis, 74 foyers ont \u00e9t\u00e9 recens\u00e9s en Savoie et Haute-Savoie.<\/p>\n<p>Une zone r\u00e9glement\u00e9e comprenant une zone dite de protection de 20\u00a0km autour des foyers et une zone dite de surveillance (50\u00a0km autour des foyers) a \u00e9t\u00e9 mise en place et un plan de vaccination des animaux a \u00e9t\u00e9 organis\u00e9. <a href=\"https:\/\/www.leprogres.fr\/societe\/2025\/08\/12\/dermatose-nodulaire-plus-de-70-des-bovins-vaccines-dans-la-zone-reglementee\" target=\"_blank\" rel=\"nofollow noopener\">Plus de 70\u00a0% des 310\u00a0000 bovins concern\u00e9s en Savoie et Haute-Savoie<\/a>, mais aussi dans l\u2019Is\u00e8re et l\u2019Ain ont d\u00e9j\u00e0 \u00e9t\u00e9 vaccin\u00e9s.<\/p>\n<p>Des bovins, non porteurs de la maladie, provenant d\u2019une commune de l\u2019Is\u00e8re situ\u00e9e en zone de surveillance, ont \u00e9t\u00e9 abattus \u00e0 Saint-\u00c9tienne, cette semaine. La sortie des bovins de cette zone \u00e0 destination d\u2019un abattoir situ\u00e9 en zone indemne, comme c\u2019est le cas de la Loire, peut \u00eatre autoris\u00e9e \u00e0 titre d\u00e9rogatoire lorsque les abattoirs situ\u00e9s dans la zone r\u00e9glement\u00e9e ne sont pas en capacit\u00e9 de les prendre en charge.<\/p>\n<p>Elle est subordonn\u00e9e au respect de conditions sanitaires strictes (examen des animaux par le v\u00e9t\u00e9rinaire sanitaire 24 heures avant leur d\u00e9part permettant de s\u2019assurer qu\u2019ils n\u2019ont aucun signe \u00e9vocateur de dermatose nodulaire, transport dans un v\u00e9hicule \u00e9tanche, propre et d\u00e9sinsectis\u00e9, protocole particulier \u00e0 l\u2019arriv\u00e9e des animaux pour \u00e9viter le croisement avec d\u2019autres b\u00e9taill\u00e8res\u2026).<\/p>\n","protected":false},"excerpt":{"rendered":"Le premier cas hexagonal de dermatose nodulaire, cette maladie, tr\u00e8s pr\u00e9sente en Afrique du Nord, qui affecte les&hellip;\n","protected":false},"author":2,"featured_media":320613,"comment_status":"","ping_status":"","sticky":false,"template":"","format":"standard","meta":{"footnotes":""},"categories":[9653],"tags":[1111,11,327,1867,2430,33,7539,1777,674,1011,27,3367,12,25,4001,7538,104],"class_list":{"0":"post-320612","1":"post","2":"type-post","3":"status-publish","4":"format-standard","5":"has-post-thumbnail","7":"category-saint-etienne","8":"tag-actu","9":"tag-actualites","10":"tag-agriculture","11":"tag-animaux","12":"tag-auvergne-rhone-alpes","13":"tag-economie","14":"tag-edition-loire-sud","15":"tag-eu","16":"tag-europe","17":"tag-fr","18":"tag-france","19":"tag-loire","20":"tag-news","21":"tag-republique-francaise","22":"tag-saint-etienne","23":"tag-saint-etienne-ville","24":"tag-societe"},"share_on_mastodon":{"url":"https:\/\/pubeurope.com\/@fr\/115032297560503491","error":""},"_links":{"self":[{"href":"https:\/\/www.europesays.com\/fr\/wp-json\/wp\/v2\/posts\/320612","targetHints":{"allow":["GET"]}}],"collection":[{"href":"https:\/\/www.europesays.com\/fr\/wp-json\/wp\/v2\/posts"}],"about":[{"href":"https:\/\/www.europesays.com\/fr\/wp-json\/wp\/v2\/types\/post"}],"author":[{"embeddable":true,"href":"https:\/\/www.europesays.com\/fr\/wp-json\/wp\/v2\/users\/2"}],"replies":[{"embeddable":true,"href":"https:\/\/www.europesays.com\/fr\/wp-json\/wp\/v2\/comments?post=320612"}],"version-history":[{"count":0,"href":"https:\/\/www.europesays.com\/fr\/wp-json\/wp\/v2\/posts\/320612\/revisions"}],"wp:featuredmedia":[{"embeddable":true,"href":"https:\/\/www.europesays.com\/fr\/wp-json\/wp\/v2\/media\/320613"}],"wp:attachment":[{"href":"https:\/\/www.europesays.com\/fr\/wp-json\/wp\/v2\/media?parent=320612"}],"wp:term":[{"taxonomy":"category","embeddable":true,"href":"https:\/\/www.europesays.com\/fr\/wp-json\/wp\/v2\/categories?post=320612"},{"taxonomy":"post_tag","embeddable":true,"href":"https:\/\/www.europesays.com\/fr\/wp-json\/wp\/v2\/tags?post=320612"}],"curies":[{"name":"wp","href":"https:\/\/api.w.org\/{rel}","templated":true}]}}