{"id":320624,"date":"2025-08-15T10:31:10","date_gmt":"2025-08-15T10:31:10","guid":{"rendered":"https:\/\/www.europesays.com\/fr\/320624\/"},"modified":"2025-08-15T10:31:10","modified_gmt":"2025-08-15T10:31:10","slug":"deces-dune-adolescente-au-luna-park-de-perols-ce-que-revele-lautopsie","status":"publish","type":"post","link":"https:\/\/www.europesays.com\/fr\/320624\/","title":{"rendered":"d\u00e9c\u00e8s d&rsquo;une adolescente au Luna Park de P\u00e9rols, ce que r\u00e9v\u00e8le l\u2019autopsie"},"content":{"rendered":"<p>            Par<br \/>\n        <strong><br \/>\n            <a href=\"https:\/\/actu.fr\/auteur\/metropoop\" title=\"Consulter tous les articles de R\u00e9daction M\u00e9tropolitain\" target=\"_blank\" rel=\"noopener\">R\u00e9daction M\u00e9tropolitain<\/a><br \/>\n        <\/strong><\/p>\n<p>        Publi\u00e9 le<\/p>\n<p>            15 ao\u00fbt 2025 \u00e0 11h38        <\/p>\n<p>Le drame s\u2019est produit <strong>ce mercredi 13 ao\u00fbt 2025<\/strong>, peu avant l\u2019ouverture du Luna Park de P\u00e9rols. La victime se trouvait dans la caravane de sa famille, install\u00e9e sur le parking du Parc des Expositions pour la saison estivale. Les proches ont alert\u00e9 les secours apr\u00e8s l\u2019avoir trouv\u00e9e en arr\u00eat cardiorespiratoire. Les pompiers et le SAMU sont intervenus rapidement et ont tent\u00e9 de la r\u00e9animer sur place.<\/p>\n<p>    <a href=\"https:\/\/www.google.com\/maps\/embed?pb=!1m18!1m12!1m3!1d23114.090373704526!2d3.8338559999999995!3d43.6011008!2m3!1f0!2f0!3f0!3m2!1i1024!2i768!4f13.1!3m3!1m2!1s0x12b6a4d4493e02e5%3A0x1217e75b63971103!2sParc%20des%20Expositions%20de%20Montpellier%2C%20P%C3%A9rols!5e0!3m2!1sfr!2sfr!4v1755250426856!5m2!1sfr!2sfr\" title=\"Ouvrie le lien\" target=\"_blank\" rel=\"noopener\">Cliquez ici pour visualiser le contenu<\/a><\/p>\n<p class=\" wall-content\">La jeune fille a \u00e9t\u00e9 transport\u00e9e en urgence vers l\u2019h\u00f4pital. Les \u00e9quipes m\u00e9dicales ont poursuivi les tentatives de r\u00e9animation dans l\u2019ambulance, <a href=\"https:\/\/actu.fr\/occitanie\/perols_34198\/pres-de-montpellier-perols-autopsie-apres-le-deces-d-une-adolescente-souffrante-de-crises-d-epilepsie_63035570.html\" target=\"_blank\" rel=\"noopener\">mais le d\u00e9c\u00e8s a \u00e9t\u00e9 constat\u00e9 pendant le trajet<\/a>. Les forces de l\u2019ordre se sont rendues sur place pour effectuer les premi\u00e8res constatations.<\/p>\n<p>Enqu\u00eates et conclusions m\u00e9dicales<\/p>\n<p class=\" wall-content\">Le parquet a ouvert une enqu\u00eate en recherche des causes de la mort. Une autopsie a \u00e9t\u00e9 ordonn\u00e9e d\u00e8s le lendemain. Les r\u00e9sultats, communiqu\u00e9s <strong>ce vendredi 15 ao\u00fb<\/strong>t, indiquent que l\u2019adolescente a \u00e9t\u00e9 victime d\u2019une crise d\u2019\u00e9pilepsie. Cette pathologie chronique \u00e9tait connue. L\u2019examen n\u2019a r\u00e9v\u00e9l\u00e9 aucune autre cause. Le corps a \u00e9t\u00e9 restitu\u00e9 \u00e0 la famille.<\/p>\n<p class=\" wall-content\">Suivez toute l\u2019actualit\u00e9 de vos villes et m\u00e9dias favoris en vous inscrivant \u00e0 <a href=\"https:\/\/moncompte.actu.fr\" title=\"D\u00e9couvez Mon Actu\" rel=\"nofollow noopener\" data-trk=\"{&quot;cta&quot;:{&quot;action&quot;:&quot;https:\\\/\\\/moncompte.actu.fr&quot;,&quot;category&quot;:&quot;mon compte&quot;,&quot;from&quot;:&quot;article footer&quot;,&quot;name&quot;:&quot;Mon actu&quot;,&quot;type&quot;:&quot;cta&quot;}}\" target=\"_blank\">Mon Actu<\/a>.<\/p>\n","protected":false},"excerpt":{"rendered":"Par R\u00e9daction M\u00e9tropolitain Publi\u00e9 le 15 ao\u00fbt 2025 \u00e0 11h38 Le drame s\u2019est produit ce mercredi 13 ao\u00fbt&hellip;\n","protected":false},"author":2,"featured_media":320625,"comment_status":"","ping_status":"","sticky":false,"template":"","format":"standard","meta":{"footnotes":""},"categories":[9599],"tags":[1111,11,15154,1777,674,118,652,11501,1011,27,2208,12,2680,25],"class_list":{"0":"post-320624","1":"post","2":"type-post","3":"status-publish","4":"format-standard","5":"has-post-thumbnail","7":"category-montpellier","8":"tag-actu","9":"tag-actualites","10":"tag-chu-de-montpellier","11":"tag-eu","12":"tag-europe","13":"tag-faits-divers","14":"tag-famille","15":"tag-fete-foraine","16":"tag-fr","17":"tag-france","18":"tag-montpellier","19":"tag-news","20":"tag-occitanie","21":"tag-republique-francaise"},"share_on_mastodon":{"url":"https:\/\/pubeurope.com\/@fr\/115032325028653470","error":""},"_links":{"self":[{"href":"https:\/\/www.europesays.com\/fr\/wp-json\/wp\/v2\/posts\/320624","targetHints":{"allow":["GET"]}}],"collection":[{"href":"https:\/\/www.europesays.com\/fr\/wp-json\/wp\/v2\/posts"}],"about":[{"href":"https:\/\/www.europesays.com\/fr\/wp-json\/wp\/v2\/types\/post"}],"author":[{"embeddable":true,"href":"https:\/\/www.europesays.com\/fr\/wp-json\/wp\/v2\/users\/2"}],"replies":[{"embeddable":true,"href":"https:\/\/www.europesays.com\/fr\/wp-json\/wp\/v2\/comments?post=320624"}],"version-history":[{"count":0,"href":"https:\/\/www.europesays.com\/fr\/wp-json\/wp\/v2\/posts\/320624\/revisions"}],"wp:featuredmedia":[{"embeddable":true,"href":"https:\/\/www.europesays.com\/fr\/wp-json\/wp\/v2\/media\/320625"}],"wp:attachment":[{"href":"https:\/\/www.europesays.com\/fr\/wp-json\/wp\/v2\/media?parent=320624"}],"wp:term":[{"taxonomy":"category","embeddable":true,"href":"https:\/\/www.europesays.com\/fr\/wp-json\/wp\/v2\/categories?post=320624"},{"taxonomy":"post_tag","embeddable":true,"href":"https:\/\/www.europesays.com\/fr\/wp-json\/wp\/v2\/tags?post=320624"}],"curies":[{"name":"wp","href":"https:\/\/api.w.org\/{rel}","templated":true}]}}