{"id":320626,"date":"2025-08-15T10:35:16","date_gmt":"2025-08-15T10:35:16","guid":{"rendered":"https:\/\/www.europesays.com\/fr\/320626\/"},"modified":"2025-08-15T10:35:16","modified_gmt":"2025-08-15T10:35:16","slug":"un-portrait-de-stendhal-signe-eduardo-arroyo-discretement-conserve-a-grenoble","status":"publish","type":"post","link":"https:\/\/www.europesays.com\/fr\/320626\/","title":{"rendered":"Un portrait de Stendhal sign\u00e9 Eduardo Arroyo discr\u00e8tement conserv\u00e9 \u00e0 Grenoble"},"content":{"rendered":"<p>                                <a href=\"https:\/\/www.echodumardi.com\/culture-loisirs\/un-portrait-de-stendhal-signe-eduardo-arroyo-discretement-conserve-a-grenoble\/?print=pdf\" class=\"pdfprnt-button pdfprnt-button-pdf\" target=\"_blank\" rel=\"nofollow noopener\"><img decoding=\"async\" src=\"https:\/\/www.europesays.com\/fr\/wp-content\/uploads\/2025\/05\/pdf_button.jpg\" alt=\"image_pdf\" title=\"View PDF\"\/><\/a><a href=\"https:\/\/www.echodumardi.com\/culture-loisirs\/un-portrait-de-stendhal-signe-eduardo-arroyo-discretement-conserve-a-grenoble\/?print=print\" class=\"pdfprnt-button pdfprnt-button-print\" target=\"_blank\" rel=\"nofollow noopener\"><\/p>\n<p><strong>Il est des lieux, plus ou moins fr\u00e9quent\u00e9s qui rec\u00e8lent d\u2019oeuvres artistiques m\u00e9sestim\u00e9es, car le plus souvent invisibles aux yeux des usagers. Coup de projecteur sur un portrait de Stendhal sign\u00e9 d\u2019un grand artiste espagnol contemporain \u00e0 d\u00e9couvrir \u00e0 Grenoble.<\/strong><\/p>\n<p>C\u2019est \u00e9videmment \u00e0 la cit\u00e9 scolaire Stendhal de Grenoble que le tableau est expos\u00e9, \u00e0 l\u2019abri de presque tous. Le tableau est sign\u00e9 du c\u00e9l\u00e8bre artiste contemporain espagnol, Eduardo Arroyo (1937-2018), r\u00e9alis\u00e9 au d\u00e9but des ann\u00e9es 2000. Il s\u2019agit d\u2019un portrait peint de Stendhal que seuls les \u00e9l\u00e8ves ont la chance de pouvoir admirer. Le tableau est accroch\u00e9 en hauteur, au-dessus de la porte d\u2019entr\u00e9e de l\u2019ancienne chapelle transform\u00e9e aujourd\u2019hui en centre de documentation et d\u2019information. <\/p>\n<p>L\u2019oeuvre est construite en deux parties : la principale repr\u00e9sente la t\u00eate de Stendhal cern\u00e9e par des bandes aux tons fonc\u00e9s. Les contours du visage multicolore sont dessin\u00e9s par la chevelure et la barbe noires tandis que le nez couleur ocre ressort tout particuli\u00e8rement. Un bandeau vertical rouge vif sert d\u2019\u00e9criteau avec le nom Stendhal \u00e9crit en lettres compos\u00e9es de minuscules taches de couleurs. <\/p>\n<p>M\u00e9connue du grand public, cette toile est propri\u00e9t\u00e9 de la R\u00e9gion Auvergne-Rh\u00f4ne- Alpes qui l\u2019aurait achet\u00e9e pour pr\u00e8s de 120 000 euros. Il s\u2019agit d\u2019une commande de la collectivit\u00e9 adress\u00e9e \u00e0 l\u2019artiste espagnol afin de compenser la destruction d\u2019une autre de ses oeuvres intitul\u00e9e Le March\u00e9 aux chapeaux. Cette fresque de neuf m\u00e8tres de haut et six m\u00e8tres de large avait \u00e9t\u00e9 r\u00e9alis\u00e9e sur une des fa\u00e7ades de l\u2019\u00e9tablissement scolaire en 1982 dans le cadre de l\u2019op\u00e9ration nationale treize murs peints en France. Jack Lang, ministre de la Culture, avait m\u00eame assist\u00e9 \u00e0 son inauguration. En 2000, Arroyo avait \u00e9t\u00e9 alert\u00e9 par le conservateur du Mus\u00e9e de Grenoble, que la fresque allait \u00eatre d\u00e9truite dans le cadre d\u2019une op\u00e9ration de r\u00e9novation de l\u2019\u00e9tablissement. L\u2019artiste, avait fait valoir ses droits d\u2019auteur et obtenu de la R\u00e9gion cette nouvelle commande en compensation.\u00a0<\/p>\n<p><img loading=\"lazy\" decoding=\"async\" width=\"1024\" height=\"683\" src=\"https:\/\/www.europesays.com\/fr\/wp-content\/uploads\/2025\/08\/2-balade-en-canoe-Large-1024x683.jpeg\" alt=\"\" class=\"wp-image-130329\"  \/><\/p>\n<p class=\"has-black-color has-text-color has-background has-link-color wp-elements-17b83f04e65bcc969dd335fa37069cd9\" style=\"background-color:#ff8126c2\"><strong>A visiter \u00e0 proximit\u00e9<\/strong><br \/>A Grenoble durant l\u2019\u00e9t\u00e9, l\u2019office de tourisme propose de nombreuses et diverses visites guid\u00e9es. Pour les amateurs de street-art, il y a la visite guid\u00e9e street-art et ap\u00e9ro propos\u00e9e le mardi \u00e0 18h30 en juillet et en ao\u00fbt. (10 \u00e0 12 euros). Les vendredi, samedi et dimanche \u00e0 14h30, ce sont des visites sur le th\u00e8me Grenoble insolite qui sont propos\u00e9es (6 euros). Mais aussi les balades culturelles en cano\u00eb sur l\u2019Is\u00e8re, propos\u00e9es en partenariat avec le club d\u2019aviron grenoblois, chaque samedi \u00e0 10h. (De 19 \u00e0 23,5 euros).<\/p>\n<p>Photo : \u00a9Grenoble Alpes Tourisme<\/p>\n<p><img loading=\"lazy\" decoding=\"async\" width=\"1024\" height=\"768\" src=\"https:\/\/www.europesays.com\/fr\/wp-content\/uploads\/2025\/08\/3-deguster-Large-1-1024x768.jpeg\" alt=\"\" class=\"wp-image-130328\"  \/><\/p>\n<p class=\"has-white-color has-text-color has-background has-link-color wp-elements-778a18e5ca0e6ce24f6725e92e7221ee\" style=\"background-color:#3b1d08\"><strong>A d\u00e9guster<\/strong><br \/>A proximit\u00e9 de la cit\u00e9 scolaire Stendhal se trouvent les halles Sainte-Claire qui abritent de nombreux artisans commer\u00e7ants de bouche de qualit\u00e9 sans oublier le march\u00e9 qui se tient chaque samedi et dimanche jusqu\u2019\u00e0 13h30 autour de la halle. Pour les fous de chocolat, on ne saurait que trop conseiller de faire une halte \u00e0 la p\u00e2tisserie-chocolaterie La For\u00eat noire, situ\u00e9e rue Alphand. Pour ceux qui pr\u00e9f\u00e8rent les glaces, rendez-vous rue Lazare-Carnot, \u00e0 la Cr\u00e8me Croquante. Pour les restaurants, par exemple le restaurant \u00e9toil\u00e9 Le Fantin Latour.<\/p>\n<p>Photo : \u00a9Thomas Richardson<\/p>\n<p><img loading=\"lazy\" decoding=\"async\" width=\"1024\" height=\"683\" src=\"https:\/\/www.europesays.com\/fr\/wp-content\/uploads\/2025\/08\/4-bastille-Large-1024x683.jpeg\" alt=\"\" class=\"wp-image-130330\"  \/><\/p>\n<p class=\"has-white-color has-text-color has-background has-link-color wp-elements-5eec2fda2e58849399e73460684c91d8\" style=\"background-color:#3a572c\"><strong>A \u00e9couter et \u00e0 voir<\/strong><br \/>Le fort de la Bastille est une destination incontournable pour tout visiteur de Grenoble, c\u2019est m\u00eame la premi\u00e8re destination touristique de l\u2019Is\u00e8re. En cette p\u00e9riode estivale, le site propose de nombreuses animations gratuites, en particulier en soir\u00e9e : ap\u00e9ro-concerts, cin\u00e9 plein air, cours de pilates, etc. Jusqu\u2019\u00e0 la 16e \u00e9dition de la f\u00eate de la Bastille, organis\u00e9e le 5 septembre.<\/p>\n<p>Photo : \u00a9Caroline Thermoz-Liaudy<\/p>\n<p><img loading=\"lazy\" decoding=\"async\" width=\"1024\" height=\"706\" src=\"https:\/\/www.europesays.com\/fr\/wp-content\/uploads\/2025\/08\/5-Se-baigner-Large-1024x706.jpeg\" alt=\"\" class=\"wp-image-130331\"  \/><\/p>\n<p class=\"has-black-color has-text-color has-background has-link-color wp-elements-e0328345533a367af8f36c2ed9866e93\" style=\"background-color:#73daee\"><strong>Se baigner<\/strong><br \/>Dans la ville, le bassin ext\u00e9rieur de la piscine Jean-Bron, rue Lazare-Carnot, est ouvert tous les jours jusqu\u2019au dimanche 31 ao\u00fbt 2025 de 9h30 \u00e0 14h et de 15h30 \u00e0 19h. Des matinales, d\u00e8s 7h30 et des nocturnes jusqu\u2019\u00e0 20h30, sont propos\u00e9es chaque semaine les mardis et jeudis. Pour ceux qui pr\u00e9f\u00e8rent se baigner dans les lacs, la base de loisirs du Bois-Fran\u00e7ais, \u00e0 Dom\u00e8ne, est ouverte jusqu\u2019\u00e0 fin ao\u00fbt.<\/p>\n<p>Photo : \u00a9PxHere<\/p>\n<p class=\"has-text-align-right\"><a href=\"https:\/\/www.linkedin.com\/in\/thomas-richardson-537a34b2\/?originalSubdomain=fr\" target=\"_blank\" rel=\"noreferrer noopener nofollow\">Thomas Richardson<\/a> (<a href=\"https:\/\/mesinfos.fr\/tout-lyon\" target=\"_blank\" rel=\"noreferrer noopener nofollow\">Tout Lyon<\/a>), membre du\u00a0<a href=\"https:\/\/reso-hebdo-eco.com\/\" target=\"_blank\" rel=\"noreferrer noopener nofollow\">R\u00e9so Hebdo Eco<\/a><\/p>\n<p><img loading=\"lazy\" decoding=\"async\" width=\"1024\" height=\"601\" src=\"https:\/\/www.europesays.com\/fr\/wp-content\/uploads\/2025\/08\/image-2.png\" alt=\"\" class=\"wp-image-130325\" style=\"width:540px;height:auto\"  \/>                                  <\/p>\n","protected":false},"excerpt":{"rendered":"Il est des lieux, plus ou moins fr\u00e9quent\u00e9s qui rec\u00e8lent d\u2019oeuvres artistiques m\u00e9sestim\u00e9es, car le plus souvent invisibles&hellip;\n","protected":false},"author":2,"featured_media":320627,"comment_status":"","ping_status":"","sticky":false,"template":"","format":"standard","meta":{"footnotes":""},"categories":[9566],"tags":[1111,11,2430,1777,674,1011,27,2731,12,25],"class_list":{"0":"post-320626","1":"post","2":"type-post","3":"status-publish","4":"format-standard","5":"has-post-thumbnail","7":"category-grenoble","8":"tag-actu","9":"tag-actualites","10":"tag-auvergne-rhone-alpes","11":"tag-eu","12":"tag-europe","13":"tag-fr","14":"tag-france","15":"tag-grenoble","16":"tag-news","17":"tag-republique-francaise"},"share_on_mastodon":{"url":"https:\/\/pubeurope.com\/@fr\/115032340952567789","error":""},"_links":{"self":[{"href":"https:\/\/www.europesays.com\/fr\/wp-json\/wp\/v2\/posts\/320626","targetHints":{"allow":["GET"]}}],"collection":[{"href":"https:\/\/www.europesays.com\/fr\/wp-json\/wp\/v2\/posts"}],"about":[{"href":"https:\/\/www.europesays.com\/fr\/wp-json\/wp\/v2\/types\/post"}],"author":[{"embeddable":true,"href":"https:\/\/www.europesays.com\/fr\/wp-json\/wp\/v2\/users\/2"}],"replies":[{"embeddable":true,"href":"https:\/\/www.europesays.com\/fr\/wp-json\/wp\/v2\/comments?post=320626"}],"version-history":[{"count":0,"href":"https:\/\/www.europesays.com\/fr\/wp-json\/wp\/v2\/posts\/320626\/revisions"}],"wp:featuredmedia":[{"embeddable":true,"href":"https:\/\/www.europesays.com\/fr\/wp-json\/wp\/v2\/media\/320627"}],"wp:attachment":[{"href":"https:\/\/www.europesays.com\/fr\/wp-json\/wp\/v2\/media?parent=320626"}],"wp:term":[{"taxonomy":"category","embeddable":true,"href":"https:\/\/www.europesays.com\/fr\/wp-json\/wp\/v2\/categories?post=320626"},{"taxonomy":"post_tag","embeddable":true,"href":"https:\/\/www.europesays.com\/fr\/wp-json\/wp\/v2\/tags?post=320626"}],"curies":[{"name":"wp","href":"https:\/\/api.w.org\/{rel}","templated":true}]}}