{"id":320629,"date":"2025-08-15T10:41:45","date_gmt":"2025-08-15T10:41:45","guid":{"rendered":"https:\/\/www.europesays.com\/fr\/320629\/"},"modified":"2025-08-15T10:41:45","modified_gmt":"2025-08-15T10:41:45","slug":"rafting-serigraphie-balade-nos-coups-de-coeur-ce-mercredi-13-aout-2025-a-rennes-sport-2","status":"publish","type":"post","link":"https:\/\/www.europesays.com\/fr\/320629\/","title":{"rendered":"Rafting, s\u00e9rigraphie, balade\u2026 Nos coups de c\u0153ur ce mercredi 13\u00a0ao\u00fbt 2025 \u00e0 Rennes . Sport"},"content":{"rendered":"<p>Ce mercredi 13\u00a0ao\u00fbt 2025, on casse notre routine\u00a0! Des activit\u00e9s vari\u00e9es et originales attendent petits et grands \u00e0 Rennes (Ille-et-Vilaine). Voici notre s\u00e9lection.<\/p>\n<p>On ne risque pas de s\u2019ennuyer ce mercredi 13\u00a0ao\u00fbt 2025, \u00e0 <a rel=\"noopener\" target=\"_blank\" href=\"https:\/\/rennes.maville.com\/info\/info-locale\/\">Rennes<\/a>\u00a0et ses alentours. Entre activit\u00e9s nautiques, cr\u00e9ations personnalis\u00e9es, escalade, d\u00e9couverte de nids g\u00e9ants, et de portraits abstraits r\u00e9alis\u00e9s d\u2019une fa\u00e7on plut\u00f4t unique.<\/p>\n<p>Rafting en eaux vives \u00e0 deux pas de Rennes<\/p>\n<p>Besoin d\u2019une bonne dose de sensations fortes\u00a0? La base Sports nature de Cesson-S\u00e9vign\u00e9 (Ille-et-Vilaine), \u00e0 cinq kilom\u00e8tres de Rennes, propose du rafting (descente rapide de cours d\u2019eaux) jusqu\u2019en septembre. Unique en Bretagne, la rivi\u00e8re d\u2019eaux vives de la base nautique a m\u00eame \u00e9t\u00e9 labellis\u00e9e centre de pr\u00e9paration pour les Jeux olympiques de Paris 2024. La base nautique propose aussi la location de paddle, cano\u00eb, kayak.<\/p>\n<p><strong>Jusqu\u2019en septembre\u00a02025<\/strong>, 2, route de Paris, Cesson-S\u00e9vign\u00e9. R\u00e9servations au\u00a002\u00a023\u00a045\u00a018\u00a018.<\/p>\n<p><strong>Lire aussi<\/strong>\u00a0: <a rel=\"noopener\" target=\"_blank\" href=\"https:\/\/rennes.maville.com\/actu\/actudet_-en-ille-et-vilaine-ces-lieux-de-baignade-parfaits-pour-eviter-les-plages-bondees-_7-6930629_actu.Htm\">En Ille-et-Vilaine, ces lieux de baignade parfaits pour \u00e9viter les plages bond\u00e9es<\/a><\/p>\n<p>\t<img decoding=\"async\" src=\"https:\/\/www.europesays.com\/fr\/wp-content\/uploads\/2025\/08\/P35402610D6932816G_px_640_.jpg\" alt=\"photo bloc de la salle d\u2019escalade the roof install\u00e9 dans l\u2019ancien h\u00f4pital de l\u2019h\u00f4tel-dieu, au c\u0153ur de rennes.  \u00a9  the roof rennes\" width=\"640\" title=\" Bloc de la salle d\u2019escalade The Roof install\u00e9 dans l\u2019ancien h\u00f4pital de l\u2019H\u00f4tel-Dieu, au c\u0153ur de Rennes.   The Roof Rennes \"\/><\/p>\n<p class=\"elmt-legende\"> Bloc de la salle d\u2019escalade The Roof install\u00e9 dans l\u2019ancien h\u00f4pital de l\u2019H\u00f4tel-Dieu, au c\u0153ur de Rennes.   The Roof Rennes <\/p>\n<p>Atelier de s\u00e9rigraphie<\/p>\n<p>Ce mercredi apr\u00e8s-midi, la graphiste illustratrice Anna Michalak, \u00e0 qui l\u2019on doit les visuels du <a href=\"https:\/\/rennes.maville.com\/actu\/actudet_-a-rennes-le-festival-transat-en-ville-organise-la-fete-pour-ceux-qui-ne-partent-pas-en-vacances-_52674-6929093_actu.Htm\" target=\"_blank\" rel=\"noopener\">festival Transat en ville<\/a>, anime un atelier s\u00e9rigraphie sur la place de la Mairie. Il sera possible de tester gratuitement cette technique d\u2019impression sur du textile ou papier. Pour repartir avec un souvenir, il est conseill\u00e9 d\u2019apporter son propre t-shirt ou un totebag clair en coton (ou mati\u00e8re similaire) et sans reliefs. Programme complet du festival sur <a rel=\"noopener\" target=\"_blank\" href=\"https:\/\/ete.rennes.fr\/agenda\/transat-en-ville\/\">Cet \u00e9t\u00e9 Rennes<\/a>.<\/p>\n<p><strong>Mercredi 13\u00a0ao\u00fbt 2025<\/strong>, de 15\u00a0h\u00a030 \u00e0 17\u00a0h\u00a030, place de la Mairie, Rennes, gratuit.<\/p>\n<p>Sur la trace des nids g\u00e9ants<\/p>\n<p>L\u2019exposition permanente en plein air Muz Yer (en breton \u00ab\u00a0maison \u00e0 oiseau\u00a0\u00bb) propose une balade de huit kilom\u00e8tres sur la trace de grands nichoirs \u00e0 oiseaux, au d\u00e9part du parc des Gayeulles. Dessin\u00e9s par huit architectes fran\u00e7ais et \u00e9trangers, ces nids g\u00e9ants sensibilisent \u00e0 la fragilit\u00e9 des milieux. Elle traverse les prairies Saint-Martin, les quais et les bords de Vilaine avant de se terminer dans le quartier de la Courrouze. La balade est gratuite et accessible \u00e0 pied en 1\u00a0h\u00a030 ou \u00e0 v\u00e9lo en 40\u00a0minutes.<\/p>\n<p>Au d\u00e9part du parc des Gayeulles, rue du professeur Maurice-Audin, Rennes, gratuit.<\/p>\n<p>Escalade<\/p>\n<p>Pour les mordus de la grimpe, Rennes ne manque pas de murs d\u2019escalade. Trois salles sont accessibles et chacune a sa sp\u00e9cificit\u00e9\u00a0: Modjo, id\u00e9ale pour faire de la voie, grimper en hauteur. Son mur mesure huit m\u00e8tres de haut et comporte onze couloirs et sept enrouleurs automatiques pour grimper seul. Block\u2019out\u00a0: d\u00e9di\u00e9e au bloc la salle allie sport et d\u00e9tente, avec son espace sauna en acc\u00e8s libre. The Roof\u00a0: insolite et familiale, la salle est situ\u00e9e dans l\u2019ancien h\u00f4pital de l\u2019H\u00f4tel-Dieu, avec une salle de grimpe et un espace pour le bloc.\u00a0Quelques sites en ext\u00e9rieur sont \u00e9galement accessibles pr\u00e8s de Rennes, \u00e0 condition d\u2019\u00eatre bien \u00e9quip\u00e9.<\/p>\n<p>D\u00e9couverte d\u2019une expo \u00e0 la galerie Oniris<\/p>\n<p>Cet \u00e9t\u00e9, la galerie Oniris expose les portraits de l\u2019artiste nantais Philippe Cogn\u00e9e. Connus pour ses tableaux r\u00e9alis\u00e9s \u00e0 la cire, chauff\u00e9e puis \u00e9cras\u00e9e, ses portraits m\u00ealent plusieurs mod\u00e8les historiques, amis, proches et lui-m\u00eame. Sa technique singuli\u00e8re invite le spectateur \u00e0 recomposer les figures. Une mani\u00e8re de repr\u00e9senter la fragilit\u00e9 de la repr\u00e9sentation humaine, en disparition.<\/p>\n<p><strong>Jusqu\u2019au 13\u00a0septembre 2025, <\/strong>de 10\u00a0h \u00e0 12\u00a0h et de 14\u00a0h \u00e0 18\u00a0h, 38 rue d\u2019Antrain, Rennes, gratuit.<\/p>\n<p>\u00a0<\/p>\n","protected":false},"excerpt":{"rendered":"Ce mercredi 13\u00a0ao\u00fbt 2025, on casse notre routine\u00a0! Des activit\u00e9s vari\u00e9es et originales attendent petits et grands \u00e0&hellip;\n","protected":false},"author":2,"featured_media":314537,"comment_status":"","ping_status":"","sticky":false,"template":"","format":"standard","meta":{"footnotes":""},"categories":[2821],"tags":[1111,11,3809,1465,829,1777,674,63,1011,27,4044,1792,1922,12,584,25,479,517,1470],"class_list":{"0":"post-320629","1":"post","2":"type-post","3":"status-publish","4":"format-standard","5":"has-post-thumbnail","7":"category-rennes","8":"tag-actu","9":"tag-actualites","10":"tag-ball","11":"tag-basket","12":"tag-bretagne","13":"tag-eu","14":"tag-europe","15":"tag-football","16":"tag-fr","17":"tag-france","18":"tag-guingamp","19":"tag-handball","20":"tag-info","21":"tag-news","22":"tag-rennes","23":"tag-republique-francaise","24":"tag-rugby","25":"tag-sport","26":"tag-volley"},"share_on_mastodon":{"url":"https:\/\/pubeurope.com\/@fr\/115032364720708628","error":""},"_links":{"self":[{"href":"https:\/\/www.europesays.com\/fr\/wp-json\/wp\/v2\/posts\/320629","targetHints":{"allow":["GET"]}}],"collection":[{"href":"https:\/\/www.europesays.com\/fr\/wp-json\/wp\/v2\/posts"}],"about":[{"href":"https:\/\/www.europesays.com\/fr\/wp-json\/wp\/v2\/types\/post"}],"author":[{"embeddable":true,"href":"https:\/\/www.europesays.com\/fr\/wp-json\/wp\/v2\/users\/2"}],"replies":[{"embeddable":true,"href":"https:\/\/www.europesays.com\/fr\/wp-json\/wp\/v2\/comments?post=320629"}],"version-history":[{"count":0,"href":"https:\/\/www.europesays.com\/fr\/wp-json\/wp\/v2\/posts\/320629\/revisions"}],"wp:featuredmedia":[{"embeddable":true,"href":"https:\/\/www.europesays.com\/fr\/wp-json\/wp\/v2\/media\/314537"}],"wp:attachment":[{"href":"https:\/\/www.europesays.com\/fr\/wp-json\/wp\/v2\/media?parent=320629"}],"wp:term":[{"taxonomy":"category","embeddable":true,"href":"https:\/\/www.europesays.com\/fr\/wp-json\/wp\/v2\/categories?post=320629"},{"taxonomy":"post_tag","embeddable":true,"href":"https:\/\/www.europesays.com\/fr\/wp-json\/wp\/v2\/tags?post=320629"}],"curies":[{"name":"wp","href":"https:\/\/api.w.org\/{rel}","templated":true}]}}