{"id":320630,"date":"2025-08-15T10:42:12","date_gmt":"2025-08-15T10:42:12","guid":{"rendered":"https:\/\/www.europesays.com\/fr\/320630\/"},"modified":"2025-08-15T10:42:12","modified_gmt":"2025-08-15T10:42:12","slug":"4-recrues-convoquees-2-grands-absents-le-groupe-de-lom-face-a-rennes","status":"publish","type":"post","link":"https:\/\/www.europesays.com\/fr\/320630\/","title":{"rendered":"4 recrues convoqu\u00e9es, 2 grands absents&#8230; Le groupe de l&rsquo;OM face \u00e0 Rennes"},"content":{"rendered":"<p><strong><\/p>\n<p>L\u2019Olympique de Marseille s\u2019appr\u00eate \u00e0 entamer officiellement sa saison 2025-26 ce vendredi soir (20h45) sur la pelouse du Stade Rennais.<\/p>\n<p><\/strong><\/p>\n<p>Au lendemain de la conf\u00e9rence de presse de Roberto De Zerbi et Leonardo Balerdi, <strong>les Olympiens se sont envol\u00e9s pour la Bretagne<\/strong> ce samedi pour d\u00e9fier les Rouge et Noir dans le cadre de la 1\u00e8re journ\u00e9e de Ligue 1.<\/p>\n<p>Pour ce premier match officiel de la saison, le coach marseillais a convoqu\u00e9 un groupe de 21 joueurs dans lequel on retrouve la plupart des recrues estivales \u00e0 l\u2019image de <strong>CJ Egan-Riley, Timothy Weah, Angel Gomes et Pierre-Emerick Aubameyang. <\/strong><\/p>\n<p>Comme attendu, <a href=\"https:\/\/www.footmarseille.com\/127562-un-ancien-de-ligue-1-encense-paixao\" rel=\"nofollow noopener\" target=\"_blank\">Igor Paix\u00e3o ne sera pas pr\u00e9sent pour ce d\u00e9placement au Roazhon Park.<\/a> Le Br\u00e9silien est actuellement indisponible en raison d\u2019<strong>une blessure musculaire contract\u00e9e pendant la pr\u00e9paration estivale <\/strong>avec le Feyenoord Rotterdam. Le d\u00e9fenseur argentin Facundo Medina est quant \u00e0 lui suspendu pour cette rencontre.<\/p>\n<blockquote class=\"twitter-tweet\" data-width=\"500\" data-dnt=\"true\">\n<p lang=\"fr\" dir=\"ltr\">\ud83d\udccb \ud835\udc12\ud835\udc10\ud835\udc14\ud835\udc00\ud835\udc03 \ud835\udc0b\ud835\udc08\ud835\udc12\ud835\udc13<\/p>\n<p>Voici les 2\ufe0f\u20e31\ufe0f\u20e3 joueurs retenus par coach \ud835\uddd7\ud835\uddf2 \ud835\udded\ud835\uddf2\ud835\uddff\ud835\uddef\ud835\uddf6 \ud83c\uddee\ud83c\uddf9 pour ce premier match de la saison \u2694\ufe0f <a href=\"https:\/\/twitter.com\/hashtag\/SRFCOM?src=hash&amp;ref_src=twsrc%5Etfw\" rel=\"noopener nofollow\" target=\"_blank\">#SRFCOM<\/a> <a href=\"https:\/\/t.co\/B92b6ElcHa\" rel=\"nofollow\">pic.twitter.com\/B92b6ElcHa<\/a><\/p>\n<p>\u2014 Olympique de Marseille (@OM_Officiel) <a href=\"https:\/\/twitter.com\/OM_Officiel\/status\/1956293276174106942?ref_src=twsrc%5Etfw\" rel=\"noopener nofollow\" target=\"_blank\">August 15, 2025<\/a><\/p><\/blockquote>\n<p> <script async src=\"https:\/\/platform.twitter.com\/widgets.js\" charset=\"utf-8\"><\/script><\/p>\n","protected":false},"excerpt":{"rendered":"L\u2019Olympique de Marseille s\u2019appr\u00eate \u00e0 entamer officiellement sa saison 2025-26 ce vendredi soir (20h45) sur la pelouse du&hellip;\n","protected":false},"author":2,"featured_media":74088,"comment_status":"","ping_status":"","sticky":false,"template":"","format":"standard","meta":{"footnotes":""},"categories":[2821],"tags":[1111,11,829,1777,674,1011,27,12,584,25],"class_list":{"0":"post-320630","1":"post","2":"type-post","3":"status-publish","4":"format-standard","5":"has-post-thumbnail","7":"category-rennes","8":"tag-actu","9":"tag-actualites","10":"tag-bretagne","11":"tag-eu","12":"tag-europe","13":"tag-fr","14":"tag-france","15":"tag-news","16":"tag-rennes","17":"tag-republique-francaise"},"share_on_mastodon":{"url":"https:\/\/pubeurope.com\/@fr\/115032368223974032","error":""},"_links":{"self":[{"href":"https:\/\/www.europesays.com\/fr\/wp-json\/wp\/v2\/posts\/320630","targetHints":{"allow":["GET"]}}],"collection":[{"href":"https:\/\/www.europesays.com\/fr\/wp-json\/wp\/v2\/posts"}],"about":[{"href":"https:\/\/www.europesays.com\/fr\/wp-json\/wp\/v2\/types\/post"}],"author":[{"embeddable":true,"href":"https:\/\/www.europesays.com\/fr\/wp-json\/wp\/v2\/users\/2"}],"replies":[{"embeddable":true,"href":"https:\/\/www.europesays.com\/fr\/wp-json\/wp\/v2\/comments?post=320630"}],"version-history":[{"count":0,"href":"https:\/\/www.europesays.com\/fr\/wp-json\/wp\/v2\/posts\/320630\/revisions"}],"wp:featuredmedia":[{"embeddable":true,"href":"https:\/\/www.europesays.com\/fr\/wp-json\/wp\/v2\/media\/74088"}],"wp:attachment":[{"href":"https:\/\/www.europesays.com\/fr\/wp-json\/wp\/v2\/media?parent=320630"}],"wp:term":[{"taxonomy":"category","embeddable":true,"href":"https:\/\/www.europesays.com\/fr\/wp-json\/wp\/v2\/categories?post=320630"},{"taxonomy":"post_tag","embeddable":true,"href":"https:\/\/www.europesays.com\/fr\/wp-json\/wp\/v2\/tags?post=320630"}],"curies":[{"name":"wp","href":"https:\/\/api.w.org\/{rel}","templated":true}]}}