{"id":320631,"date":"2025-08-15T10:44:11","date_gmt":"2025-08-15T10:44:11","guid":{"rendered":"https:\/\/www.europesays.com\/fr\/320631\/"},"modified":"2025-08-15T10:44:11","modified_gmt":"2025-08-15T10:44:11","slug":"le-foyer-destructeur-dun-couple-insere","status":"publish","type":"post","link":"https:\/\/www.europesays.com\/fr\/320631\/","title":{"rendered":"le foyer \u00ab\u00a0destructeur\u00a0\u00bb d\u2019un couple ins\u00e9r\u00e9"},"content":{"rendered":"<p class=\"xsm-p emxed-markup\">D\u2019une voix calme et solennelle, Marc Picard, le pr\u00e9sident de la chambre des comparutions imm\u00e9diates, r\u00e9sume les cons\u00e9quences de ce dossier de violences conjugales r\u00e9ciproques\u00a0: \u00ab\u00a0On n\u2019a pas encore le nom du gagnant de cette bataille sanglante \u00e0 laquelle vous vous livrez depuis des ann\u00e9es. Mais on a d\u00e9j\u00e0 le nom du perdant\u00a0: c\u2019est celui de votre fils\u00a0\u00bb, \u00e2g\u00e9 de deux ans.<\/p>\n<p class=\"xsm-p emxed-markup\">Dans le box des pr\u00e9venus, le p\u00e8re de famille de 37 ans doit r\u00e9pondre de violences habituelles sur sa compagne depuis six ann\u00e9es, parmi lesquelles des gifles, des insultes, des menaces, des cheveux arrach\u00e9s, des crachats et des \u00e9tranglements. C\u2019est sa victime, qui de guerre lasse, a fini par d\u00e9poser une main courante \u00e0 son encontre le 29\u00a0juillet, t\u00e9moignant d\u2019un \u00e9tranglement la veille qui lui a laiss\u00e9 une large trace rouge sur le cou et des h\u00e9matomes sur le corps, immortalis\u00e9s en photo par sa s\u0153ur.<\/p>\n<p class=\"xsm-p emxed-markup\">Elle relate aussi un \u00e9pisode en date du 14\u00a0juillet, dont le coup de t\u00eate lui a valu trois points de suture. L\u2019enqu\u00eate va \u00e9tablir qu\u2019elle a d\u00e9j\u00e0 \u00e9t\u00e9 consult\u00e9e une clinique pour des violences subies en 2019, et que d\u2019autres coups ont \u00e9t\u00e9 port\u00e9s devant leur enfant en juin\u00a02024.<\/p>\n<p>  Aveux complets du mis en cause<\/p>\n<p class=\"xsm-p emxed-markup\">Plac\u00e9 en garde \u00e0 vue, le trentenaire reconna\u00eet imm\u00e9diatement l\u2019ensemble des faits d\u00e9nonc\u00e9s par sa compagne. N\u00e9anmoins, il d\u00e9clare avoir lui-m\u00eame \u00e9t\u00e9 violent\u00e9. Notamment le 24\u00a0janvier 2024, lorsque la m\u00e8re de son fils lui a ass\u00e9n\u00e9 un coup de couteau dans le dos. \u00c0 l\u2019\u00e9poque, pour justifier du pneumothorax qui lui a valu cinq jours d\u2019hospitalisation, il avait assur\u00e9 \u00e0 la police avoir \u00e9t\u00e9 agress\u00e9 dans la rue par deux inconnus.<\/p>\n<p class=\"xsm-p emxed-markup\">\u00c0 la barre, la femme de 35 ans &#8211; jug\u00e9e pour deux faits de violences avec incapacit\u00e9 totale de travail, respectivement de six et 21 jours &#8211; confirme avoir bless\u00e9 son conjoint avec un couteau de cuisine. \u00ab\u00a0J\u2019\u00e9tais en train de faire la cuisine. Il a commenc\u00e9 \u00e0 me caresser la joue pour m\u2019humilier. J\u2019ai refus\u00e9 qu\u2019il me touche. J\u2019ai recul\u00e9 de quelques pas. Il m\u2019a pris au cou avec une main. C\u2019\u00e9tait lui ou moi. J\u2019ai r\u00e9ussi \u00e0 m\u2019extraire. Je l\u2019ai pouss\u00e9. Il s\u2019est tourn\u00e9 et l\u00e0 j\u2019ai mis le coup\u00a0\u00bb, d\u00e9taille la pr\u00e9venue.<\/p>\n<p class=\"xsm-p emxed-markup\">Le 28\u00a0juillet, elle l\u2019a fait chuter en le retenant par son sac en bandouli\u00e8re. Une chute qui s\u2019est sold\u00e9e, pour lui, par une fracture du poignet.<\/p>\n<p class=\"xsm-p emxed-markup question\">\u00ab\u00a0C\u2019est terrible de devenir une personne qu\u2019on d\u00e9teste\u00a0\u00bb<\/p>\n<p class=\"xsm-p emxed-markup\">\u00ab\u00a0J\u2019ai toujours voulu croire qu\u2019il changerait. Parfois j\u2019ai voulu partir, mais il me retenait\u00a0\u00bb, t\u00e9moigne-t-elle en pleurs. Quelques m\u00e8tres plus loin, celui qui est d\u00e9sormais son ex-conjoint essuie \u00e9galement ses larmes. \u00ab\u00a0Je ne m\u2019attends plus \u00e0 ce qu\u2019on se remette ensemble. Je veux juste une relation apais\u00e9e pour notre fils\u2026 En tant qu\u2019homme, poursuit-il, c\u2019est terrible de devenir une personne qu\u2019on d\u00e9teste. C\u2019est une vraie torture.\u00a0\u00bb<\/p>\n<p class=\"xsm-p emxed-markup\">Le procureur Yann Martinez d\u00e9peint une ambiance \u00ab\u00a0destructrice\u00a0\u00bb, dans un foyer o\u00f9 les coups heurtent tant \u00ab\u00a0physiquement que psychologiquement\u00a0\u00bb. Il constate \u00ab\u00a0la situation p\u00e9nale distincte\u00a0\u00bb des pr\u00e9venus. \u00ab\u00a0Monsieur est en r\u00e9cidive l\u00e9gale car il a \u00e9t\u00e9 condamn\u00e9 pour des violences en 2018. Madame est inconnue de la justice, mais les faits qui lui sont reproch\u00e9s sont graves en termes d\u2019intensit\u00e9\u00a0\u00bb.<\/p>\n<p>  Coup d\u2019arr\u00eat \u00ab\u00a0de la folie priv\u00e9e qui anime ce couple\u00a0\u00bb<\/p>\n<p class=\"xsm-p emxed-markup\">Me Cindy Baumeister, conseil du mis en cause, parle \u00ab\u00a0d\u2019un dossier terrible\u00a0\u00bb. Elle conc\u00e8de son soulagement de les voir devant la justice \u00ab\u00a0afin que la folie priv\u00e9e qui anime ce couple puisse prendre fin. Le syst\u00e8me \u00e9tait tellement install\u00e9 qu\u2019ils n\u2019y voyaient plus le probl\u00e8me.\u00a0\u00bb<\/p>\n<p class=\"xsm-p emxed-markup\">Me Charl\u00e8ne Sanner, avocate de la pr\u00e9venue, plaide la l\u00e9gitime d\u00e9fense concernant le coup de couteau. \u00ab\u00a0Elle le dit\u00a0: c\u2019\u00e9tait soit lui, soit moi\u00a0\u00bb. Si sa cliente a conc\u00e9d\u00e9 avoir eu des gestes de col\u00e8re, son conseil temp\u00e8re\u00a0: \u00ab\u00a0Il y a avant tout la peur. Cette peur qui lui fait donner le coup de couteau\u00a0\u00bb, insiste-t-elle.<\/p>\n<p class=\"xsm-p emxed-markup\">Le pr\u00e9venu a \u00e9t\u00e9 condamn\u00e9 \u00e0 24 mois de prison avec sursis probatoire, assortis notamment d\u2019une interdiction de contact avec son ex. Cette derni\u00e8re a \u00e9t\u00e9 sanctionn\u00e9e par 18 mois de prison avec sursis. Elle a l\u2019interdiction de d\u00e9tenir une arme durant trois ans et l\u2019interdiction d\u2019entrer en contact avec le pr\u00e9venu durant un an.<\/p>\n","protected":false},"excerpt":{"rendered":"D\u2019une voix calme et solennelle, Marc Picard, le pr\u00e9sident de la chambre des comparutions imm\u00e9diates, r\u00e9sume les cons\u00e9quences&hellip;\n","protected":false},"author":2,"featured_media":320632,"comment_status":"","ping_status":"","sticky":false,"template":"","format":"standard","meta":{"footnotes":""},"categories":[2820],"tags":[1111,11,2880,1777,674,274,107,1011,27,775,12,25,640],"class_list":{"0":"post-320631","1":"post","2":"type-post","3":"status-publish","4":"format-standard","5":"has-post-thumbnail","7":"category-strasbourg","8":"tag-actu","9":"tag-actualites","10":"tag-edition-strasbourg","11":"tag-eu","12":"tag-europe","13":"tag-faits-divers-justice","14":"tag-fil-info","15":"tag-fr","16":"tag-france","17":"tag-grand-est","18":"tag-news","19":"tag-republique-francaise","20":"tag-strasbourg"},"share_on_mastodon":{"url":"https:\/\/pubeurope.com\/@fr\/115032376227952536","error":""},"_links":{"self":[{"href":"https:\/\/www.europesays.com\/fr\/wp-json\/wp\/v2\/posts\/320631","targetHints":{"allow":["GET"]}}],"collection":[{"href":"https:\/\/www.europesays.com\/fr\/wp-json\/wp\/v2\/posts"}],"about":[{"href":"https:\/\/www.europesays.com\/fr\/wp-json\/wp\/v2\/types\/post"}],"author":[{"embeddable":true,"href":"https:\/\/www.europesays.com\/fr\/wp-json\/wp\/v2\/users\/2"}],"replies":[{"embeddable":true,"href":"https:\/\/www.europesays.com\/fr\/wp-json\/wp\/v2\/comments?post=320631"}],"version-history":[{"count":0,"href":"https:\/\/www.europesays.com\/fr\/wp-json\/wp\/v2\/posts\/320631\/revisions"}],"wp:featuredmedia":[{"embeddable":true,"href":"https:\/\/www.europesays.com\/fr\/wp-json\/wp\/v2\/media\/320632"}],"wp:attachment":[{"href":"https:\/\/www.europesays.com\/fr\/wp-json\/wp\/v2\/media?parent=320631"}],"wp:term":[{"taxonomy":"category","embeddable":true,"href":"https:\/\/www.europesays.com\/fr\/wp-json\/wp\/v2\/categories?post=320631"},{"taxonomy":"post_tag","embeddable":true,"href":"https:\/\/www.europesays.com\/fr\/wp-json\/wp\/v2\/tags?post=320631"}],"curies":[{"name":"wp","href":"https:\/\/api.w.org\/{rel}","templated":true}]}}