{"id":320637,"date":"2025-08-15T10:47:09","date_gmt":"2025-08-15T10:47:09","guid":{"rendered":"https:\/\/www.europesays.com\/fr\/320637\/"},"modified":"2025-08-15T10:47:09","modified_gmt":"2025-08-15T10:47:09","slug":"apres-le-15-aout-il-faudra-payer-pour-se-garer-dans-ces-rues","status":"publish","type":"post","link":"https:\/\/www.europesays.com\/fr\/320637\/","title":{"rendered":"apr\u00e8s le 15 ao\u00fbt, il faudra payer pour se garer dans ces rues"},"content":{"rendered":"<p>            Par<br \/>\n        <strong><br \/>\n            <a href=\"https:\/\/actu.fr\/auteur\/clemence-pays02-actu-fr\" title=\"Consulter tous les articles de Cl\u00e9mence Pays\" target=\"_blank\" rel=\"noopener\">Cl\u00e9mence Pays<\/a><br \/>\n        <\/strong><\/p>\n<p>        Publi\u00e9 le<\/p>\n<p>            15 ao\u00fbt 2025 \u00e0 12h22        <\/p>\n<p>Depuis le 14\u00a0juillet 2025, <a href=\"https:\/\/actu.fr\/pays-de-la-loire\/nantes_44109\/stationnement-a-nantes-9-500-places-deviennent-gratuites-pendant-les-vacances-d-ete_62914022.html\" target=\"_blank\" rel=\"noopener\">les automobilistes n\u2019ont plus besoin de r\u00e9gler leur stationnement dans certaines rues de Nantes<\/a> pourtant \u00e9quip\u00e9es d\u2019horodateur. \u00ab\u2009Cette mesure de la Ville de Nantes concerne <strong>plus de 15\u2009800 places,<\/strong> dans les quartiers situ\u00e9s entre le c\u0153ur de ville et les boulevards de ceinture XIXe\u00a0si\u00e8cle, dans une partie de l\u2019\u00eele de Nantes ou encore le secteur de l\u2019h\u00f4pital Saint-Jacques \u00e0 Nantes Sud\u2009\u00bb, peut-on lire sur le site de la m\u00e9tropole.<\/p>\n<p class=\" wall-content\">Une mesure applicable <strong>en zone jaune,<\/strong> du 14\u00a0juillet au vendredi 15\u00a0ao\u00fbt inclus. Attention donc, <strong>\u00e0 partir du samedi 16\u00a0ao\u00fbt, il faudra bien penser \u00e0 payer pour stationner<\/strong> en zone jaune.<\/p>\n<p>Quel tarif en zone jaune\u2009?<\/p>\n<p class=\" wall-content\">En zone jaune, le stationnement est payant <strong>du lundi au samedi, de 9h \u00e0 12h et de 14h \u00e0 19h.<\/strong> Il est limit\u00e9 \u00e0 8\u00a0heures par jour.<\/p>\n<p class=\" wall-content\">Le <a href=\"https:\/\/naolib.fr\/fr\/tarifs\/stationnement\/voirie\/nantes\" target=\"_blank\" rel=\"noopener\">site de Naolib<\/a> indique les tarifs suivants\u2009:<\/p>\n<ul class=\" wall-content\">\n<li><strong>15\u00a0minutes, 0,30\u00a0euro\u2009;<\/strong><\/li>\n<li>30\u00a0minutes, 0,80\u00a0euro\u2009;<\/li>\n<li><strong>1 heure, 1,60\u00a0euro\u2009;<\/strong><\/li>\n<li>1 heure 30, 2,30\u00a0euros\u2009;<\/li>\n<li>2\u00a0heures, 3,10\u00a0euros\u2009;<\/li>\n<li>3\u00a0heures, 4,50\u00a0euros\u2009;<\/li>\n<li>4\u00a0heures, 8\u00a0euros\u2009;<\/li>\n<li>5\u00a0heures, 13\u00a0euros\u2009;<\/li>\n<li>6\u00a0heures, 21\u00a0euros\u2009;<\/li>\n<li>7\u00a0heures, 29\u00a0euros\u2009;<\/li>\n<li><strong>8\u00a0heures, 40\u00a0euros.<\/strong><\/li>\n<\/ul>\n<p class=\" wall-content\">Pour rappel, \u00e0 Nantes, il existe \u00e9galement une<strong> zone rouge.<\/strong> Dans celle-ci le stationnement est payant du lundi au samedi, de 9h \u00e0 19h et est limit\u00e9 \u00e0 10\u00a0heures. Une heure de stationnement est factur\u00e9e au prix de 2,60\u00a0euros.<\/p>\n<p class=\" wall-content\">Une <a href=\"https:\/\/experience.arcgis.com\/experience\/838f35c6970e4917ae71c3d7eefb36ba\" target=\"_blank\" rel=\"noopener\">carte<\/a> \u00e9dit\u00e9e par la Ville de Nantes permet d\u2019identifier les zones jaunes et rouges.<\/p>\n<p class=\" wall-content\">Suivez toute l\u2019actualit\u00e9 de vos villes et m\u00e9dias favoris en vous inscrivant \u00e0 <a href=\"https:\/\/moncompte.actu.fr\" title=\"D\u00e9couvez Mon Actu\" rel=\"nofollow noopener\" data-trk=\"{&quot;cta&quot;:{&quot;action&quot;:&quot;https:\\\/\\\/moncompte.actu.fr&quot;,&quot;category&quot;:&quot;mon compte&quot;,&quot;from&quot;:&quot;article footer&quot;,&quot;name&quot;:&quot;Mon actu&quot;,&quot;type&quot;:&quot;cta&quot;}}\" target=\"_blank\">Mon Actu<\/a>.<\/p>\n","protected":false},"excerpt":{"rendered":"Par Cl\u00e9mence Pays Publi\u00e9 le 15 ao\u00fbt 2025 \u00e0 12h22 Depuis le 14\u00a0juillet 2025, les automobilistes n\u2019ont plus&hellip;\n","protected":false},"author":2,"featured_media":320638,"comment_status":"","ping_status":"","sticky":false,"template":"","format":"standard","meta":{"footnotes":""},"categories":[2818],"tags":[1111,11,1777,674,1011,27,766,12,2636,25,104,6173],"class_list":{"0":"post-320637","1":"post","2":"type-post","3":"status-publish","4":"format-standard","5":"has-post-thumbnail","7":"category-nantes","8":"tag-actu","9":"tag-actualites","10":"tag-eu","11":"tag-europe","12":"tag-fr","13":"tag-france","14":"tag-nantes","15":"tag-news","16":"tag-pays-de-la-loire","17":"tag-republique-francaise","18":"tag-societe","19":"tag-stationnement"},"share_on_mastodon":{"url":"https:\/\/pubeurope.com\/@fr\/115032388064717397","error":""},"_links":{"self":[{"href":"https:\/\/www.europesays.com\/fr\/wp-json\/wp\/v2\/posts\/320637","targetHints":{"allow":["GET"]}}],"collection":[{"href":"https:\/\/www.europesays.com\/fr\/wp-json\/wp\/v2\/posts"}],"about":[{"href":"https:\/\/www.europesays.com\/fr\/wp-json\/wp\/v2\/types\/post"}],"author":[{"embeddable":true,"href":"https:\/\/www.europesays.com\/fr\/wp-json\/wp\/v2\/users\/2"}],"replies":[{"embeddable":true,"href":"https:\/\/www.europesays.com\/fr\/wp-json\/wp\/v2\/comments?post=320637"}],"version-history":[{"count":0,"href":"https:\/\/www.europesays.com\/fr\/wp-json\/wp\/v2\/posts\/320637\/revisions"}],"wp:featuredmedia":[{"embeddable":true,"href":"https:\/\/www.europesays.com\/fr\/wp-json\/wp\/v2\/media\/320638"}],"wp:attachment":[{"href":"https:\/\/www.europesays.com\/fr\/wp-json\/wp\/v2\/media?parent=320637"}],"wp:term":[{"taxonomy":"category","embeddable":true,"href":"https:\/\/www.europesays.com\/fr\/wp-json\/wp\/v2\/categories?post=320637"},{"taxonomy":"post_tag","embeddable":true,"href":"https:\/\/www.europesays.com\/fr\/wp-json\/wp\/v2\/tags?post=320637"}],"curies":[{"name":"wp","href":"https:\/\/api.w.org\/{rel}","templated":true}]}}