{"id":320639,"date":"2025-08-15T10:48:26","date_gmt":"2025-08-15T10:48:26","guid":{"rendered":"https:\/\/www.europesays.com\/fr\/320639\/"},"modified":"2025-08-15T10:48:26","modified_gmt":"2025-08-15T10:48:26","slug":"compositions-chaine-tv-cotes-et-heure-3","status":"publish","type":"post","link":"https:\/\/www.europesays.com\/fr\/320639\/","title":{"rendered":"Compositions, Cha\u00eene TV, Cotes et Heure"},"content":{"rendered":"<p style=\"text-align: justify;\"><strong>LIGUE 1 2025-2026 \u2013 \u00c0 quelle heure et sur quelle cha\u00eene TV suivre le match de Ligue 1 entre le FC Nantes et le Paris Saint-Germain ? Retrouvez \u00e9galement les compositions des deux \u00e9quipes.<\/strong><\/p>\n<p style=\"text-align: justify;\">La rencontre entre le <a href=\"https:\/\/dicodusport.fr\/blog\/mercato-nantes-2025-2026-le-tableau-complet-des-transferts-arrivees-et-departs\/\" target=\"_blank\" rel=\"noopener\"><strong>FC Nantes<\/strong><\/a> et le <a href=\"https:\/\/dicodusport.fr\/blog\/mercato-psg-2025-2026-le-tableau-complet-des-transferts-arrivees-et-departs\/\" target=\"_blank\" rel=\"noopener\"><strong>Paris Saint-Germain<\/strong><\/a>, comptant pour la premi\u00e8re journ\u00e9e de Ligue 1 2025\/2026, aura lieu dimanche 17 ao\u00fbt \u00e0 20h45, au Stade de La Beaujoire de Nantes.<\/p>\n<p>Nantes pour un exploit ?<\/p>\n<p style=\"text-align: justify;\">Nantes va entamer sa 13\u00e8me saison cons\u00e9cutive en Ligue 1, mais a d\u00fb encore se battre pour le maintien durant toute la saison derni\u00e8re, un exercice compliqu\u00e9 pour les Canaris. L\u2019arriv\u00e9e de <strong>Luis Castro<\/strong> sur le banc permettra peut-\u00eatre de lancer un nouveau cycle, m\u00eame si le FCNA a perdu quelques joueurs d\u2019importance comme <strong>Jean-Charles Castelleto<\/strong> et<strong> Nathan Z\u00e9z\u00e9<\/strong>, partis au Moyen-Orient.<\/p>\n<p style=\"text-align: justify;\">Mais pour entamer la saison, les Nantais vont devoir d\u00e9fier le champion d\u2019Europe. Le PSG reste sur quatre titres cons\u00e9cutifs en Ligue 1, et n\u2019a jamais r\u00e9ussi dans son histoire \u00e0 faire la passe de cinq. Les Parisiens sont les grands favoris pour cette nouvelle campagne, et si leur intersaison a \u00e9t\u00e9 r\u00e9duite \u00e0 peau de chagrin, ils ont prouv\u00e9 mercredi qu\u2019ils n\u2019avaient rien perdu de leur niveau en arrachant la Supercoupe d\u2019Europe malgr\u00e9 une situation compliqu\u00e9e durant la rencontre.<\/p>\n<p><a href=\"https:\/\/dicodusport.fr\/blog\/supercoupe-deurope-le-psg-arrache-un-succes-miraculeux-aux-tirs-au-but-contre-tottenham\/\" class=\"vlp-link\" title=\"SuperCoupe d\u2019Europe : Le PSG arrache un succ\u00e8s miraculeux aux tirs au but contre Tottenham\" target=\"_blank\" rel=\"noopener\"><img loading=\"lazy\" decoding=\"async\" style=\"max-width: 792px;\" width=\"792\" height=\"445\" class=\"attachment-800x445 size-800x445 perfmatters-lazy\" alt=\"SuperCoupe d\u2019Europe Le PSG arrache un succ\u00e8s miraculeux aux tirs au but contre Tottenham (1)\" src=\"https:\/\/www.europesays.com\/fr\/wp-content\/uploads\/2025\/08\/SuperCoupe-dEurope-Le-PSG-arrache-un-succes-miraculeux-aux-tirs-au-but-contre-Tottenham-1.png\"  data-\/><\/p>\n<p>SuperCoupe d\u2019Europe : Le PSG arrache un succ\u00e8s miraculeux aux tirs au but contre Tottenham<\/p>\n<p>Domin\u00e9 pendant une heure de jeu, le PSG a arrach\u00e9 un succ\u00e8s miraculeux aux tirs au but contre Tottenham.<\/p>\n<p>Lire l&rsquo;article<\/p>\n<p>dicodusport.fr<\/p>\n<p style=\"text-align: justify;\">N\u00e9anmoins, la saison pass\u00e9e, Nantes \u00e9tait l\u2019une des trois \u00e9quipes de Ligue 1 \u00e0 ne pas avoir perdu contre le PSG, arrachant deux matchs nuls <strong>1-1<\/strong>. Mais chez les bookmakers, les Parisiens sont logiquement favoris de ce match de cl\u00f4ture de la premi\u00e8re journ\u00e9e.<\/p>\n<p>Ligue 1 : Le programme TV de Nantes \u2013 PSG<br \/>\nDimanche 17 ao\u00fbt 2025<\/p>\n<p style=\"text-align: justify;\"><b>Match diffus\u00e9 sur Ligue 1+<\/b><b>\u00a0: <\/b>D\u00e9but du match \u00e0<strong> 20h45.<\/strong><\/p>\n<p>Les compositions de Nantes \u2013 PSG<br \/>\nLa composition de Nantes<\/p>\n<p style=\"text-align: justify;\">\u00c0 venir\u2026<\/p>\n<p>La composition du PSG<\/p>\n<p style=\"text-align: justify;\">\u00c0 venir\u2026<\/p>\n<p>Les cotes de Nantes \u2013 PSG<\/p>\n<tr style=\"height: 16px;\">\n<td style=\"background-color: #404040; border-color: #ededed; width: 840px; text-align: left;\" colspan=\"3\"><strong><img loading=\"lazy\" decoding=\"async\" class=\"alignnone wp-image-512842 perfmatters-lazy\" alt=\"\" width=\"14\" height=\"13\" src=\"https:\/\/www.europesays.com\/fr\/wp-content\/uploads\/2025\/05\/Logo-Winamax.png\"  data-\/> Dimanche 17 ao\u00fbt, 20h45<\/strong><\/td>\n<\/tr>\n<tr style=\"height: 24px;\">\n<td style=\"background-color: #ffffff; border-color: #ededed; vertical-align: middle; text-align: center; width: 266px;\"><strong>Nantes<br \/><\/strong><a href=\"https:\/\/www.winamax.fr\/paris-sportifs\/match\/61511946?banid=33423\" class=\"su-button su-button-style-flat su-button-wide\" style=\"color:#fff;background-color:#0860ff;border-color:#074dcc;border-radius:5px\" target=\"_blank\" rel=\"noopener noreferrer\"> 7.50<\/a><\/td>\n<td style=\"background-color: #ffffff; border-color: #ededed; vertical-align: middle; text-align: center; width: 266px;\"><strong>Match nul<\/strong><br \/><a href=\"https:\/\/www.winamax.fr\/paris-sportifs\/match\/61511946?banid=33423\" class=\"su-button su-button-style-flat su-button-wide\" style=\"color:#fff;background-color:#0860ff;border-color:#074dcc;border-radius:5px\" target=\"_blank\" rel=\"noopener noreferrer\"> 5.50<\/a><\/td>\n<td style=\"background-color: #ffffff; border-color: #ededed; vertical-align: middle; text-align: center; width: 266px;\"><strong>PSG<\/strong><br \/><a href=\"https:\/\/www.winamax.fr\/paris-sportifs\/match\/61511946?banid=33423\" class=\"su-button su-button-style-flat su-button-wide\" style=\"color:#fff;background-color:#0860ff;border-color:#074dcc;border-radius:5px\" target=\"_blank\" rel=\"noopener noreferrer\"> 1.35<\/a><\/td>\n<\/tr>\n<p style=\"text-align: justify;\">Tentez votre chance en profitant de votre <a href=\"https:\/\/www.winamax.fr\/registration\/landing\/affiliation_Bonus100?banid=33423\" target=\"_blank\" rel=\"noopener\">1er d\u00e9p\u00f4t doubl\u00e9 jusqu\u2019\u00e0 100 \u20ac<\/a> direct en paris gratuits sur Winamax !<\/p>\n<p>\n<a href=\"https:\/\/dicodusport.fr\/blog\/offres\/abonnements-sans-pub\/\" target=\"_blank\" rel=\"noopener\"><img loading=\"lazy\" decoding=\"async\" class=\"alignnone size-full wp-image-501284 perfmatters-lazy\" alt=\"\" width=\"1200\" height=\"200\" src=\"https:\/\/www.europesays.com\/fr\/wp-content\/uploads\/2025\/04\/Abonnements-sans-pubs-Dicodusport.png\"\/><\/a><\/p>\n","protected":false},"excerpt":{"rendered":"LIGUE 1 2025-2026 \u2013 \u00c0 quelle heure et sur quelle cha\u00eene TV suivre le match de Ligue 1&hellip;\n","protected":false},"author":2,"featured_media":320640,"comment_status":"","ping_status":"","sticky":false,"template":"","format":"standard","meta":{"footnotes":""},"categories":[2818],"tags":[1111,11,2113,1777,674,462,63,1011,27,66,766,12,91,2636,502,25],"class_list":{"0":"post-320639","1":"post","2":"type-post","3":"status-publish","4":"format-standard","5":"has-post-thumbnail","7":"category-nantes","8":"tag-actu","9":"tag-actualites","10":"tag-breve","11":"tag-eu","12":"tag-europe","13":"tag-fc-nantes","14":"tag-football","15":"tag-fr","16":"tag-france","17":"tag-ligue-1","18":"tag-nantes","19":"tag-news","20":"tag-paris-saint-germain","21":"tag-pays-de-la-loire","22":"tag-programme-tv","23":"tag-republique-francaise"},"share_on_mastodon":{"url":"https:\/\/pubeurope.com\/@fr\/115032391986205210","error":""},"_links":{"self":[{"href":"https:\/\/www.europesays.com\/fr\/wp-json\/wp\/v2\/posts\/320639","targetHints":{"allow":["GET"]}}],"collection":[{"href":"https:\/\/www.europesays.com\/fr\/wp-json\/wp\/v2\/posts"}],"about":[{"href":"https:\/\/www.europesays.com\/fr\/wp-json\/wp\/v2\/types\/post"}],"author":[{"embeddable":true,"href":"https:\/\/www.europesays.com\/fr\/wp-json\/wp\/v2\/users\/2"}],"replies":[{"embeddable":true,"href":"https:\/\/www.europesays.com\/fr\/wp-json\/wp\/v2\/comments?post=320639"}],"version-history":[{"count":0,"href":"https:\/\/www.europesays.com\/fr\/wp-json\/wp\/v2\/posts\/320639\/revisions"}],"wp:featuredmedia":[{"embeddable":true,"href":"https:\/\/www.europesays.com\/fr\/wp-json\/wp\/v2\/media\/320640"}],"wp:attachment":[{"href":"https:\/\/www.europesays.com\/fr\/wp-json\/wp\/v2\/media?parent=320639"}],"wp:term":[{"taxonomy":"category","embeddable":true,"href":"https:\/\/www.europesays.com\/fr\/wp-json\/wp\/v2\/categories?post=320639"},{"taxonomy":"post_tag","embeddable":true,"href":"https:\/\/www.europesays.com\/fr\/wp-json\/wp\/v2\/tags?post=320639"}],"curies":[{"name":"wp","href":"https:\/\/api.w.org\/{rel}","templated":true}]}}