{"id":320648,"date":"2025-08-15T10:54:11","date_gmt":"2025-08-15T10:54:11","guid":{"rendered":"https:\/\/www.europesays.com\/fr\/320648\/"},"modified":"2025-08-15T10:54:11","modified_gmt":"2025-08-15T10:54:11","slug":"5-choses-a-savoir-sur-berke-ozer-le-successeur-de-chevalier","status":"publish","type":"post","link":"https:\/\/www.europesays.com\/fr\/320648\/","title":{"rendered":"5 choses \u00e0 savoir sur Berke \u00d6zer, le successeur de Chevalier"},"content":{"rendered":"<p class=\"date\">\n                                                            Emmanuel LANGELLIER, Media365 : publi\u00e9 le vendredi 15 ao\u00fbt 2025 \u00e0 11h40\n                                                    <\/p>\n<p>Retrouvez 5 choses \u00e0 conna\u00eetre sur le nouveau gardien du LOSC, Berke \u00d6zer, qui succ\u00e8de \u00e0 Lucas Chevalier, c\u00e9d\u00e9 cet \u00e9t\u00e9 au PSG.<\/p>\n<p>Une derni\u00e8re grosse saison<\/p>\n<p><a href=\"https:\/\/sports.orange.fr\/football\/mercato\/article\/mercato-le-losc-recrute-ozer-successeur-de-chevalier-CNT000002kb43V.html\" rel=\"nofollow noopener\" target=\"_blank\"> Officiellement recrut\u00e9 jeudi par Lille <\/a> pour 4 ans et un montant entre 4,5 et 5 millions d&rsquo;euros, Berke \u00d6zer d\u00e9barque en provenance du club turc d&rsquo;Ey\u00fcpspor o\u00f9 il \u00e9volue depuis 2023 et avec qui il a r\u00e9alis\u00e9 un bel exercice la saison pass\u00e9e. Le gardien de 25 ans a contribu\u00e9 \u00e0 la 6e place d\u00e9croch\u00e9e en championnat par son \u00e9quipe en signant notamment 11 clean sheets en 34 rencontres.<\/p>\n<p>Tout frais international<\/p>\n<p>L&rsquo;ancien gardien d&rsquo;Altinordu, Fenerbah\u00e7e, Westerlo et Portimenense a f\u00eat\u00e9 ses 2 premi\u00e8res s\u00e9lections avec l&rsquo;\u00e9quipe nationale de Turquie il y a 2 mois : en amical contre les Etats-Unis le 7 juin (2-1) et face au Mexique (0-1), le 11 juin. Promu par Vincenzo Montella, \u00d6zer a ainsi b\u00e9n\u00e9fici\u00e9 d&rsquo;une belle visibilit\u00e9 pour se montrer. Il va tenter de devenir titulaire en vue de la Coupe du monde 2026.<\/p>\n<p>Des similarit\u00e9s avec Chevalier<\/p>\n<p>Successeur de Lucas Chevalier dans le but lillois, Berke \u00d6zer poss\u00e8de un profil similaire au Fran\u00e7ais, <a href=\"https:\/\/sports.orange.fr\/football\/ligue-des-champions\/article\/psg-chevalier-une-premiere-a-rebondissements-exclu-CNT000002kbwZ2.html\" rel=\"nofollow noopener\" target=\"_blank\"> vendu cet \u00e9t\u00e9 au Paris-SG <\/a> pour 40 millions d&rsquo;euros (+15 de bonus). Grand (1,91 m), le Turc est efficace dans les airs, performant sur ses appuis et dispose de tr\u00e8s bons r\u00e9flexes. Son jeu au pied reste toutefois \u00e0 am\u00e9liorer.<\/p>\n<p>Cachotier avec son papa<\/p>\n<p>Dans son enfance, \u00d6zer voulait reprendre les gants de son p\u00e8re, gardien de but lui aussi. Mais il a d&rsquo;abord jou\u00e9 les cachotiers avec son paternel. \u00ab Mon p\u00e8re ne voulait pas vraiment que je sois gardien, il trouvait que c&rsquo;\u00e9tait le poste le plus ingrat du football, avait-il d\u00e9taill\u00e9 en d\u00e9cembre 2020 aupr\u00e8s du site turc Fanatik. Alors, au d\u00e9but, je lui ai cach\u00e9. Il savait que j&rsquo;\u00e9tais joueur. Puis, apr\u00e8s avoir arr\u00eat\u00e9 3 penalties en un seul match, mes entra\u00eeneurs m&rsquo;ont propos\u00e9 de lui parler de la possibilit\u00e9 de devenir gardien de but au centre de formation. Apr\u00e8s avoir discut\u00e9 avec mon p\u00e8re, il est devenu mon plus grand supporter. \u00bb<\/p>\n<p>5e Turc du LOSC<\/p>\n<p>Embauch\u00e9 jusqu&rsquo;en 2029, Berke \u00d6zer devient le 5e joueur turc de l&rsquo;histoire du club lillois apr\u00e8s Engin Verel en 1981, Zeki \u00c7elik, Burak Yilmaz et Yusuf Yazici. Les 3 derniers avaient men\u00e9 le LOSC au titre de champion en 2021. \u00ab Le fait d&rsquo;\u00eatre ici aujourd&rsquo;hui, comme Burak, Zeki et Yusuf avant moi, c&rsquo;est une tr\u00e8s grande fiert\u00e9 \u00bb, a soulign\u00e9 le dernier rempart de 25 ans sur le site du LOSC.<\/p>\n","protected":false},"excerpt":{"rendered":"Emmanuel LANGELLIER, Media365 : publi\u00e9 le vendredi 15 ao\u00fbt 2025 \u00e0 11h40 Retrouvez 5 choses \u00e0 conna\u00eetre sur&hellip;\n","protected":false},"author":2,"featured_media":320649,"comment_status":"","ping_status":"","sticky":false,"template":"","format":"standard","meta":{"footnotes":""},"categories":[2815],"tags":[1111,11,1777,674,1011,27,811,1307,12,25],"class_list":{"0":"post-320648","1":"post","2":"type-post","3":"status-publish","4":"format-standard","5":"has-post-thumbnail","7":"category-lille","8":"tag-actu","9":"tag-actualites","10":"tag-eu","11":"tag-europe","12":"tag-fr","13":"tag-france","14":"tag-hauts-de-france","15":"tag-lille","16":"tag-news","17":"tag-republique-francaise"},"share_on_mastodon":{"url":"https:\/\/pubeurope.com\/@fr\/115032415495712696","error":""},"_links":{"self":[{"href":"https:\/\/www.europesays.com\/fr\/wp-json\/wp\/v2\/posts\/320648","targetHints":{"allow":["GET"]}}],"collection":[{"href":"https:\/\/www.europesays.com\/fr\/wp-json\/wp\/v2\/posts"}],"about":[{"href":"https:\/\/www.europesays.com\/fr\/wp-json\/wp\/v2\/types\/post"}],"author":[{"embeddable":true,"href":"https:\/\/www.europesays.com\/fr\/wp-json\/wp\/v2\/users\/2"}],"replies":[{"embeddable":true,"href":"https:\/\/www.europesays.com\/fr\/wp-json\/wp\/v2\/comments?post=320648"}],"version-history":[{"count":0,"href":"https:\/\/www.europesays.com\/fr\/wp-json\/wp\/v2\/posts\/320648\/revisions"}],"wp:featuredmedia":[{"embeddable":true,"href":"https:\/\/www.europesays.com\/fr\/wp-json\/wp\/v2\/media\/320649"}],"wp:attachment":[{"href":"https:\/\/www.europesays.com\/fr\/wp-json\/wp\/v2\/media?parent=320648"}],"wp:term":[{"taxonomy":"category","embeddable":true,"href":"https:\/\/www.europesays.com\/fr\/wp-json\/wp\/v2\/categories?post=320648"},{"taxonomy":"post_tag","embeddable":true,"href":"https:\/\/www.europesays.com\/fr\/wp-json\/wp\/v2\/tags?post=320648"}],"curies":[{"name":"wp","href":"https:\/\/api.w.org\/{rel}","templated":true}]}}