{"id":320662,"date":"2025-08-15T11:02:14","date_gmt":"2025-08-15T11:02:14","guid":{"rendered":"https:\/\/www.europesays.com\/fr\/320662\/"},"modified":"2025-08-15T11:02:14","modified_gmt":"2025-08-15T11:02:14","slug":"aucun-train-clermont-paris-supprime-a-compter-de-lundi","status":"publish","type":"post","link":"https:\/\/www.europesays.com\/fr\/320662\/","title":{"rendered":"Aucun train Clermont-Paris supprim\u00e9 \u00e0 compter de lundi"},"content":{"rendered":"<p>\t\t\t\t\t\t\t\t\t\t\t<img loading=\"lazy\" decoding=\"async\" width=\"1110\" title=\"Aucun train Clermont-Paris supprim\u00e9 \u00e0 compter de lundi\" class=\"img-fluid  mb-3\" src=\"https:\/\/www.radiorva.com\/media\/news\/thumb\/1110x624_aucun-train-clermont-paris-supprime-a-compter-de-lundi_689edb9d0866f.webp\" alt=\"Aucun train Clermont-Paris supprim\u00e9 \u00e0 compter de lundi\" itemprop=\"image\" height=\"624\"\/>\t\t\t\t\t\t\t\t\t\t\t\t<\/p>\n<p>Aucun train Clermont-Paris supprim\u00e9 \u00e0 compter de lundi &#8211; RVA<\/p>\n<p itemprop=\"description\"><strong>Les usagers en ont assez.<\/strong><\/p>\n<p>Depuis vendredi dernier, et jusqu&rsquo;\u00e0 ce dimanche, des trains Clermont-Paris sont r\u00e9guli\u00e8rement supprim\u00e9s pour anticiper les trop fortes chaleurs. Mais \u00e0 compter de lundi, les sept allers-retours quotidiens de ces Intercit\u00e9s seront de retour.<\/p>\n<p>La SNCF ne s&rsquo;est toutefois pas engag\u00e9e sur la dur\u00e9e, ce retour \u00e0 la normale ne concerne pour le moment que lundi, mardi et mercredi. Selon les pr\u00e9visions de M\u00e9t\u00e9o-France, de nouvelles suppressions pourraient avoir lieu.<\/p>\n<blockquote class=\"twitter-tweet\"><p>&#13;<\/p>\n<p dir=\"ltr\" lang=\"fr\">10 \u00e0 16 trains supprim\u00e9s depuis le 7 ao\u00fbt sur 3 lignes <a href=\"https:\/\/twitter.com\/Intercites?ref_src=twsrc%5Etfw\" target=\"_blank\" rel=\"noopener\">@Intercites<\/a> tellement connu pour les nombreux dysfonctionnement<\/p>\n<p>Auriez vous eu la meme r\u00e9action, si SNCF avais d\u00e9cider de supprim\u00e9 tous les <a href=\"https:\/\/twitter.com\/TGVINOUI?ref_src=twsrc%5Etfw\" target=\"_blank\" rel=\"noopener\">@TGVINOUI<\/a> entre Paris et Lyon entre 11h et 15h ?\ud83e\udd14 <a href=\"https:\/\/t.co\/6OTabI5tBv\">https:\/\/t.co\/6OTabI5tBv<\/a><\/p>\n<p>&#13;<br \/>\n\u2014 Usagers des Trains d&rsquo;Auvergne (@trainsAuvergne) <a href=\"https:\/\/twitter.com\/trainsAuvergne\/status\/1955982136608981157?ref_src=twsrc%5Etfw\" target=\"_blank\" rel=\"noopener\">August 14, 2025<\/a><\/p><\/blockquote>\n<p>\t\t\t\t\t\t\t\t\t\t\t\t\t\t\t\t\t\t\t<script async src=\"https:\/\/platform.twitter.com\/widgets.js\" charset=\"utf-8\"><\/script><\/p>\n","protected":false},"excerpt":{"rendered":"Aucun train Clermont-Paris supprim\u00e9 \u00e0 compter de lundi &#8211; RVA Les usagers en ont assez. Depuis vendredi dernier,&hellip;\n","protected":false},"author":2,"featured_media":320663,"comment_status":"","ping_status":"","sticky":false,"template":"","format":"standard","meta":{"footnotes":""},"categories":[1888],"tags":[1111,1928,11,1927,6733,7736,650,2313,7734,2889,2263,1777,674,9375,1011,27,6417,1114,4662,12,1926,626,1925,3725,1825,9374,25,9373,9376,7737],"class_list":{"0":"post-320662","1":"post","2":"type-post","3":"status-publish","4":"format-standard","5":"has-post-thumbnail","7":"category-paris","8":"tag-actu","9":"tag-actu-paris","10":"tag-actualites","11":"tag-actualites-paris","12":"tag-auvergne","13":"tag-cds","14":"tag-cinema","15":"tag-clermont","16":"tag-ecoute","17":"tag-emission","18":"tag-equipe","19":"tag-eu","20":"tag-europe","21":"tag-ferrand","22":"tag-fr","23":"tag-france","24":"tag-information","25":"tag-infos","26":"tag-journal","27":"tag-news","28":"tag-news-paris","29":"tag-paris","30":"tag-paris-news","31":"tag-podcast","32":"tag-radio","33":"tag-radiorva","34":"tag-republique-francaise","35":"tag-rva","36":"tag-thiers","37":"tag-winamp"},"share_on_mastodon":{"url":"https:\/\/pubeurope.com\/@fr\/115032447040819532","error":""},"_links":{"self":[{"href":"https:\/\/www.europesays.com\/fr\/wp-json\/wp\/v2\/posts\/320662","targetHints":{"allow":["GET"]}}],"collection":[{"href":"https:\/\/www.europesays.com\/fr\/wp-json\/wp\/v2\/posts"}],"about":[{"href":"https:\/\/www.europesays.com\/fr\/wp-json\/wp\/v2\/types\/post"}],"author":[{"embeddable":true,"href":"https:\/\/www.europesays.com\/fr\/wp-json\/wp\/v2\/users\/2"}],"replies":[{"embeddable":true,"href":"https:\/\/www.europesays.com\/fr\/wp-json\/wp\/v2\/comments?post=320662"}],"version-history":[{"count":0,"href":"https:\/\/www.europesays.com\/fr\/wp-json\/wp\/v2\/posts\/320662\/revisions"}],"wp:featuredmedia":[{"embeddable":true,"href":"https:\/\/www.europesays.com\/fr\/wp-json\/wp\/v2\/media\/320663"}],"wp:attachment":[{"href":"https:\/\/www.europesays.com\/fr\/wp-json\/wp\/v2\/media?parent=320662"}],"wp:term":[{"taxonomy":"category","embeddable":true,"href":"https:\/\/www.europesays.com\/fr\/wp-json\/wp\/v2\/categories?post=320662"},{"taxonomy":"post_tag","embeddable":true,"href":"https:\/\/www.europesays.com\/fr\/wp-json\/wp\/v2\/tags?post=320662"}],"curies":[{"name":"wp","href":"https:\/\/api.w.org\/{rel}","templated":true}]}}