{"id":320681,"date":"2025-08-15T11:12:11","date_gmt":"2025-08-15T11:12:11","guid":{"rendered":"https:\/\/www.europesays.com\/fr\/320681\/"},"modified":"2025-08-15T11:12:11","modified_gmt":"2025-08-15T11:12:11","slug":"un-olivier-en-hommage-a-ilan-halimi-abattu-francois-bayrou-sinsurge-liberation","status":"publish","type":"post","link":"https:\/\/www.europesays.com\/fr\/320681\/","title":{"rendered":"un olivier en hommage \u00e0 Ilan Halimi abattu, Fran\u00e7ois Bayrou s\u2019insurge \u2013 Lib\u00e9ration"},"content":{"rendered":"<p class=\"sc-ksZaOG ehjQrN text-element\">Le Premier ministre Fran\u00e7ois Bayrou a d\u00e9nonc\u00e9 vendredi la \u00abhaine antis\u00e9mite\u00bb de ceux qui ont abattu l\u2019arbre plant\u00e9 \u00e0 Epinay-sur-Seine en hommage \u00e0 Ilan Halimi, jeune Fran\u00e7ais juif s\u00e9questr\u00e9 et tortur\u00e9 \u00e0 mort en 2006 par le \u00abgang des barbares\u00bb. \u00abL\u2019arbre pour Ilan Halimi, vivant rempart contre l\u2019oubli, a \u00e9t\u00e9 fauch\u00e9 par la haine antis\u00e9mite. Nul crime ne peut d\u00e9raciner la m\u00e9moire. La lutte jamais achev\u00e9e contre le mortel poison de la haine est notre devoir premier\u00bb, a \u00e9crit sur X le chef du gouvernement. <\/p>\n<p class=\"sc-ksZaOG ehjQrN text-element\">L\u2019olivier a \u00e9t\u00e9 abattu dans la nuit de mercredi \u00e0 jeudi de fa\u00e7on malveillante, avait annonc\u00e9 jeudi \u00e0 l\u2019AFP le maire de la commune de Seine-Saint-Denis, Herv\u00e9 Chevreau, qui a indiqu\u00e9 avoir d\u00e9pos\u00e9 plainte. \u00abJe condamne fermement cet acte indigne. Une proc\u00e9dure a \u00e9t\u00e9 ouverte. Tout sera mis en \u0153uvre pour retrouver les auteurs et les livrer \u00e0 la justice\u00bb, a \u00e9crit sur X le pr\u00e9fet de police de Paris Laurent Nu\u00f1ez.<\/p>\n<p class=\"sc-ksZaOG ehjQrN text-element\">Des photos montrent le tronc de cet arbre plant\u00e9 en 2011 probablement sectionn\u00e9 \u00e0 l\u2019aide d\u2019une tron\u00e7onneuse, \u00e0 une vingtaine de centim\u00e8tres du sol, devant une st\u00e8le rendant hommage \u00e0 <a href=\"https:\/\/www.liberation.fr\/societe\/2014\/04\/25\/ilan-halimi-otage-de-la-barbarie-en-france_1004798\/\" target=\"_blank\" rel=\"nofollow noopener\" title=\"https:\/\/www.liberation.fr\/societe\/2014\/04\/25\/ilan-halimi-otage-de-la-barbarie-en-france_1004798\/\">Ilan Halimi<\/a>, dont le d\u00e9c\u00e8s avait provoqu\u00e9 une vive \u00e9motion en France.<\/p>\n<p class=\"sc-ksZaOG ehjQrN text-element\">Plusieurs autres responsables politiques ont exprim\u00e9 leur \u00e9motion et leur r\u00e9probation apr\u00e8s cet acte, alors que la communaut\u00e9 juive est confront\u00e9e \u00e0 une tr\u00e8s forte hausse des faits antis\u00e9mites depuis les attaques du Hamas contre Isra\u00ebl le 7 octobre 2023 et le d\u00e9but de la guerre \u00e0 Gaza.<\/p>\n<p class=\"sc-ksZaOG ehjQrN text-element\">\u00abHonte au profanateur antis\u00e9mite qui a d\u00fb penser que cet acte \u00e9tait d\u2019un courage infini&#8230;\u00bb, a lanc\u00e9 \u00e9galement sur X le premier secr\u00e9taire du Parti socialiste Olivier Faure, tandis que le d\u00e9put\u00e9 de la France insoumise (LFI) Antoine L\u00e9aument a fait part de sa \u00abcol\u00e8re immense\u00bb et de son \u00abplein soutien \u00e0 nos compatriotes juifs\u00bb. A droite, Eric Ciotti, patron de l\u2019UDR alli\u00e9e au Rassemblement national, y voit \u00abun abominable symbole de l\u2019explosion de l\u2019antis\u00e9mitisme dans notre pays autant qu\u2019une inf\u00e2me attaque contre la m\u00e9moire du martyr d\u2019Ilan Halimi\u00bb.<\/p>\n<p class=\"sc-ksZaOG ehjQrN text-element\">Le pr\u00e9sident du Conseil repr\u00e9sentatif des institutions juives de France (Crif) Yonathan Arfi a d\u00e9clar\u00e9 ce vendredi que cette \u00abr\u00e9affirmation violente de l\u2019antis\u00e9mitisme \u00e0 la face de la soci\u00e9t\u00e9 est quelque chose d\u2019extr\u00eamement douloureux. Il n\u2019y a rien de plus l\u00e2che et les assassins de sa m\u00e9moire ne valent pas mieux que ceux qui lui ont pris la vie il y a vingt ans\u00bb. <\/p>\n<p class=\"sc-ksZaOG ehjQrN text-element\">D\u00e9couvert <a href=\"https:\/\/www.liberation.fr\/debats\/2016\/05\/10\/l-assassinat-d-ilan-halimi-un-choc-francais_1815838\/\" target=\"_blank\" rel=\"nofollow noopener\" title=\"https:\/\/www.liberation.fr\/debats\/2016\/05\/10\/l-assassinat-d-ilan-halimi-un-choc-francais_1815838\/\">nu, b\u00e2illonn\u00e9, menott\u00e9 et portant des traces de tortures et de br\u00fblures,<\/a> le jeune homme aux mains du <a href=\"https:\/\/www.liberation.fr\/societe\/2012\/01\/21\/gang-des-barbares-l-appat-au-bout-de-sa-peine_790031\/\" target=\"_blank\" rel=\"nofollow noopener\" title=\"https:\/\/www.liberation.fr\/societe\/2012\/01\/21\/gang-des-barbares-l-appat-au-bout-de-sa-peine_790031\/\">\u00abgang des barbares\u00bb<\/a> \u00e9tait mort pendant son transfert \u00e0 l\u2019h\u00f4pital en f\u00e9vrier 2006. Mathieu Hanotin, pr\u00e9sident de l\u2019\u00e9tablissement public territorial Plaine Commune, auquel appartient Epinay-sur-Seine, a condamn\u00e9 apr\u00e8s l\u2019abattage de l\u2019olivier \u00abun acte de vandalisme portant atteinte \u00e0 la m\u00e9moire collective de ce meurtre antis\u00e9mite\u00bb. Il s\u2019est engag\u00e9 dans un communiqu\u00e9 \u00ab\u00e0 ce qu\u2019un nouvel arbre comm\u00e9moratif soit replant\u00e9 dans les meilleurs d\u00e9lais\u00bb.<\/p>\n<p class=\"sc-ksZaOG ehjQrN text-element\">Deux autres arbres plant\u00e9s en hommage \u00e0 Ilan Halimi avaient \u00e9t\u00e9 vandalis\u00e9s en 2019 \u00e0 Sainte-Genevi\u00e8ve-des-Bois, dans l\u2019Essonne, o\u00f9 il avait \u00e9t\u00e9 retrouv\u00e9 agonisant au bord d\u2019une voie ferr\u00e9e.<\/p>\n<p class=\"sc-ksZaOG ehjQrN text-element\"><b>Mise \u00e0 jour<\/b> \u00e0 11 heures avec les r\u00e9actions politiques<\/p>\n","protected":false},"excerpt":{"rendered":"Le Premier ministre Fran\u00e7ois Bayrou a d\u00e9nonc\u00e9 vendredi la \u00abhaine antis\u00e9mite\u00bb de ceux qui ont abattu l\u2019arbre plant\u00e9&hellip;\n","protected":false},"author":2,"featured_media":320682,"comment_status":"","ping_status":"","sticky":false,"template":"","format":"standard","meta":{"footnotes":""},"categories":[2],"tags":[11,6155,1011,27,12,25,1945],"class_list":{"0":"post-320681","1":"post","2":"type-post","3":"status-publish","4":"format-standard","5":"has-post-thumbnail","7":"category-actualites","8":"tag-actualites","9":"tag-antisemitisme","10":"tag-fr","11":"tag-france","12":"tag-news","13":"tag-republique-francaise","14":"tag-seine-saint-denis"},"share_on_mastodon":{"url":"https:\/\/pubeurope.com\/@fr\/115032486378224436","error":""},"_links":{"self":[{"href":"https:\/\/www.europesays.com\/fr\/wp-json\/wp\/v2\/posts\/320681","targetHints":{"allow":["GET"]}}],"collection":[{"href":"https:\/\/www.europesays.com\/fr\/wp-json\/wp\/v2\/posts"}],"about":[{"href":"https:\/\/www.europesays.com\/fr\/wp-json\/wp\/v2\/types\/post"}],"author":[{"embeddable":true,"href":"https:\/\/www.europesays.com\/fr\/wp-json\/wp\/v2\/users\/2"}],"replies":[{"embeddable":true,"href":"https:\/\/www.europesays.com\/fr\/wp-json\/wp\/v2\/comments?post=320681"}],"version-history":[{"count":0,"href":"https:\/\/www.europesays.com\/fr\/wp-json\/wp\/v2\/posts\/320681\/revisions"}],"wp:featuredmedia":[{"embeddable":true,"href":"https:\/\/www.europesays.com\/fr\/wp-json\/wp\/v2\/media\/320682"}],"wp:attachment":[{"href":"https:\/\/www.europesays.com\/fr\/wp-json\/wp\/v2\/media?parent=320681"}],"wp:term":[{"taxonomy":"category","embeddable":true,"href":"https:\/\/www.europesays.com\/fr\/wp-json\/wp\/v2\/categories?post=320681"},{"taxonomy":"post_tag","embeddable":true,"href":"https:\/\/www.europesays.com\/fr\/wp-json\/wp\/v2\/tags?post=320681"}],"curies":[{"name":"wp","href":"https:\/\/api.w.org\/{rel}","templated":true}]}}