{"id":320685,"date":"2025-08-15T11:14:12","date_gmt":"2025-08-15T11:14:12","guid":{"rendered":"https:\/\/www.europesays.com\/fr\/320685\/"},"modified":"2025-08-15T11:14:12","modified_gmt":"2025-08-15T11:14:12","slug":"lappel-a-bloquer-la-france-le-10-septembre-prend-de-lampleur-sur-les-reseaux-sociaux","status":"publish","type":"post","link":"https:\/\/www.europesays.com\/fr\/320685\/","title":{"rendered":"L&rsquo;appel \u00e0 bloquer la France le 10 septembre prend de l&rsquo;ampleur sur les r\u00e9seaux sociaux"},"content":{"rendered":"<p class=\"article-p mdl\">La France s&rsquo;appr\u00eate-t-elle vivre un\u00a0<a class=\"link\" href=\"https:\/\/www.rtl.fr\/actu\/politique\/un-arret-total-du-pays-ce-que-l-on-sait-de-cet-appel-a-bloquer-la-france-des-le-10-septembre-7900525602\" title=\"&quot;Un arr\u00eat total du pays&quot; : ce que l&#039;on sait de cet appel \u00e0 bloquer la France d\u00e8s le 10 septembre\" target=\"_blank\" rel=\"noopener\">mouvement de protestation populaire d&rsquo;ampleur le 10 septembre prochain<\/a>\u00a0? Les groupes s&rsquo;organisent en ce sens sur les r\u00e9seaux sociaux. Les appels \u00e0 bloquer le pays se multiplient. Ils s&rsquo;indignent des mesures \u00e9voqu\u00e9es par\u00a0<a class=\"link\" href=\"https:\/\/www.rtl.fr\/actu\/sante\/greve-des-pharmacies-le-gouvernement-l-humain-il-n-en-a-strictement-rien-a-faire-denonce-un-pharmacien-7900531060\" title=\"Gr\u00e8ve des pharmacies : &quot;Le gouvernement, l&#039;humain, il n&#039;en a strictement rien \u00e0 faire&quot;, d\u00e9nonce un pharmacien\" target=\"_blank\" rel=\"noopener\">le gouvernement de Fran\u00e7ois Bayrou<\/a>\u00a0pour r\u00e9aliser des \u00e9conomies.<\/p>\n<p class=\"article-p mdl\">La principale boucle sur Telegram, baptis\u00e9e \u00ab\u00a0Indignons-nous\u00a0\u00bb, regroupe d\u00e9j\u00e0 6.500 personnes. Elle s&rsquo;est d\u00e9clin\u00e9e par r\u00e9gion et m\u00eame par d\u00e9partement. Sur ces espaces de discussion, les participants commencent \u00e0 organiser leur 10 septembre \u00e0 travers des premi\u00e8res rencontres pour apprendre \u00e0 se conna\u00eetre, comme ce vendredi soir \u00e0 Lille.\u00a0<\/p>\n<p class=\"article-p mdl\">Dans certaines zones, les organisateurs ont d\u00e9j\u00e0 ritualis\u00e9 une assembl\u00e9e g\u00e9n\u00e9rale toutes les semaines ou presque, comme \u00e0 Grenoble. M\u00eame s&rsquo;il est compliqu\u00e9, au-del\u00e0 d&rsquo;une col\u00e8re contre le budget de Fran\u00e7ois Bayrou, d&rsquo;\u00e9tablir des revendications claires et des modes d&rsquo;op\u00e9ration qui conviennent \u00e0 tous.<\/p>\n<p>            Le gouvernement sonde les renseignements<\/p>\n<p class=\"article-p mdl\">Selon les informations de RTL, le gouvernement a demand\u00e9 aux renseignements territoriaux de lui<strong> faire des remont\u00e9es sur la forme et l&rsquo;ampleur que pourrait prendre cet embryon de r\u00e9volte.<\/strong> La question reste de savoir si cette col\u00e8re virale sur les r\u00e9seaux sociaux se transformera en une mobilisation physique. Sur les boucles de discussion, les participants s&rsquo;\u00e9changent des visuels pour \u00e9laborer des tracts et des affiches.\u00a0<\/p>\n<p class=\"article-p mdl\"><strong>Le mouvement a m\u00eame d\u00e9j\u00e0 trouv\u00e9 son hymne.<\/strong> Les phrases \u00ab\u00a0on nous a divis\u00e9, trait\u00e9 d&rsquo;ennemis\u00a0\u00bb et \u00ab\u00a010 septembre, on se l\u00e8ve, on s&rsquo;unit\u00a0\u00bb sont notamment entonn\u00e9es dans cette chanson cr\u00e9\u00e9e via un outil d&rsquo;intelligence artificielle.<\/p>\n<p>    La r\u00e9daction vous recommande<\/p>\n<p class=\"s-newsletter__title\">\n                L\u2019actualit\u00e9 par la r\u00e9daction de RTL dans votre bo\u00eete mail.\n            <\/p>\n<p class=\"s-newsletter__subtitle\">\n                Gr\u00e2ce \u00e0 votre compte RTL abonnez-vous \u00e0 la newsletter RTL info pour suivre toute l&rsquo;actualit\u00e9 au quotidien\n            <\/p>\n<p>\n                                    Lire la suite\n                                <\/p>\n","protected":false},"excerpt":{"rendered":"La France s&rsquo;appr\u00eate-t-elle vivre un\u00a0mouvement de protestation populaire d&rsquo;ampleur le 10 septembre prochain\u00a0? Les groupes s&rsquo;organisent en ce&hellip;\n","protected":false},"author":2,"featured_media":320686,"comment_status":"","ping_status":"","sticky":false,"template":"","format":"standard","meta":{"footnotes":""},"categories":[4],"tags":[11,1003,107,1011,27,431,418,6151,10234,12,25],"class_list":{"0":"post-320685","1":"post","2":"type-post","3":"status-publish","4":"format-standard","5":"has-post-thumbnail","7":"category-france","8":"tag-actualites","9":"tag-budget","10":"tag-fil-info","11":"tag-fr","12":"tag-france","13":"tag-francois-bayrou","14":"tag-gouvernement","15":"tag-greve","16":"tag-mobilisation","17":"tag-news","18":"tag-republique-francaise"},"share_on_mastodon":{"url":"https:\/\/pubeurope.com\/@fr\/115032494102008075","error":""},"_links":{"self":[{"href":"https:\/\/www.europesays.com\/fr\/wp-json\/wp\/v2\/posts\/320685","targetHints":{"allow":["GET"]}}],"collection":[{"href":"https:\/\/www.europesays.com\/fr\/wp-json\/wp\/v2\/posts"}],"about":[{"href":"https:\/\/www.europesays.com\/fr\/wp-json\/wp\/v2\/types\/post"}],"author":[{"embeddable":true,"href":"https:\/\/www.europesays.com\/fr\/wp-json\/wp\/v2\/users\/2"}],"replies":[{"embeddable":true,"href":"https:\/\/www.europesays.com\/fr\/wp-json\/wp\/v2\/comments?post=320685"}],"version-history":[{"count":0,"href":"https:\/\/www.europesays.com\/fr\/wp-json\/wp\/v2\/posts\/320685\/revisions"}],"wp:featuredmedia":[{"embeddable":true,"href":"https:\/\/www.europesays.com\/fr\/wp-json\/wp\/v2\/media\/320686"}],"wp:attachment":[{"href":"https:\/\/www.europesays.com\/fr\/wp-json\/wp\/v2\/media?parent=320685"}],"wp:term":[{"taxonomy":"category","embeddable":true,"href":"https:\/\/www.europesays.com\/fr\/wp-json\/wp\/v2\/categories?post=320685"},{"taxonomy":"post_tag","embeddable":true,"href":"https:\/\/www.europesays.com\/fr\/wp-json\/wp\/v2\/tags?post=320685"}],"curies":[{"name":"wp","href":"https:\/\/api.w.org\/{rel}","templated":true}]}}