{"id":320687,"date":"2025-08-15T11:16:17","date_gmt":"2025-08-15T11:16:17","guid":{"rendered":"https:\/\/www.europesays.com\/fr\/320687\/"},"modified":"2025-08-15T11:16:17","modified_gmt":"2025-08-15T11:16:17","slug":"des-retrouvailles-reussies-entre-le-public-montrealais-et-lelite-mondiale-du-volleyball","status":"publish","type":"post","link":"https:\/\/www.europesays.com\/fr\/320687\/","title":{"rendered":"Des retrouvailles r\u00e9ussies entre le public montr\u00e9alais et l\u2019\u00e9lite mondiale du volleyball"},"content":{"rendered":"<p class=\"sc-jbo7hw-7 bDkRIk\">Les championnes en titre du Beach Pro Tour de Montr\u00e9al avaient h\u00e2te de retrouver le public canadien, et les retrouvailles se sont d\u00e9roul\u00e9es sous le signe du succ\u00e8s jeudi soir, au parc Jean-Drapeau. Brandie Wilkerson et Melissa Humana-Paredes ont remport\u00e9 leur premier match en deux manches face aux N\u00e9erlandaises Mila Konink et Ra\u00efsa Schoon, devant une foule survolt\u00e9e.<\/p>\n<p class=\"sc-jbo7hw-7 bDkRIk\">Les Canadiennes \u00e9taient de retour <a tabindex=\"0\" class=\"border-b border-solid transition-colors text-blue600 hover:text-blue600 light:text-blue600 light:hover:text-blue600 dark:text-blue400 dark:hover:text-blue400 border-gray900\/25 light:border-gray900\/25 dark:border-gray100\/25 hover:border-blue600 light:hover:border-blue600 dark:hover:border-blue400 hover:bg-gray999\/10 light:hover:bg-gray999\/10 dark:hover:bg-gray0\/10\" href=\"https:\/\/ici.radio-canada.ca\/sports\/2000203\/volleyball-plage-pro-tour-montreal-finale-humana-paredes-wilkerson-canada-chine\" rel=\"nofollow noopener\" target=\"_blank\">sur le sable montr\u00e9alais quelque 24\u00a0mois<\/a> apr\u00e8s leur triomphe \u00e0 l&rsquo;\u00e9t\u00e9 2023. Pour cette deuxi\u00e8me \u00e9dition\u00a0\u2013 apr\u00e8s un rendez-vous rat\u00e9 en\u00a02024, <a tabindex=\"0\" class=\"border-b border-solid transition-colors text-blue600 hover:text-blue600 light:text-blue600 light:hover:text-blue600 dark:text-blue400 dark:hover:text-blue400 border-gray900\/25 light:border-gray900\/25 dark:border-gray100\/25 hover:border-blue600 light:hover:border-blue600 dark:hover:border-blue400 hover:bg-gray999\/10 light:hover:bg-gray999\/10 dark:hover:bg-gray0\/10\" href=\"https:\/\/ici.radio-canada.ca\/sports\/2128235\/volleyball-plage-montreal-beach-pro-tour\" rel=\"nofollow noopener\" target=\"_blank\">faute de financement<\/a>\u00a0\u2013 la plage a \u00e9t\u00e9 d\u00e9plac\u00e9e un peu plus au nord, dans l&rsquo;\u00e9pingle du c\u00e9l\u00e8bre circuit Gilles-Villeneuve. <\/p>\n<p class=\"sc-jbo7hw-7 bDkRIk\">Montr\u00e9al n\u2019a pas d\u00e9\u00e7u! C\u2019\u00e9tait tellement agr\u00e9able, l\u2019ambiance \u00e9tait \u00e9lectrique, a relat\u00e9 Humana-Paredes, au terme de la victoire. On pouvait entendre famille et amis, c\u2019\u00e9tait formidable d\u2019\u00eatre de retour ici.<\/p>\n<p class=\"sc-jbo7hw-7 bDkRIk\">Elle et sa partenaire Brandie Wilkerson ont vite \u00e9pat\u00e9 la galerie\u00a0\u2013 une estrade de 3200\u00a0si\u00e8ges, construite pour l\u2019\u00e9v\u00e9nement\u00a0\u2013 pour ce retour. Les <a tabindex=\"0\" class=\"border-b border-solid transition-colors text-blue600 hover:text-blue600 light:text-blue600 light:hover:text-blue600 dark:text-blue400 dark:hover:text-blue400 border-gray900\/25 light:border-gray900\/25 dark:border-gray100\/25 hover:border-blue600 light:hover:border-blue600 dark:hover:border-blue400 hover:bg-gray999\/10 light:hover:bg-gray999\/10 dark:hover:bg-gray0\/10\" href=\"https:\/\/ici.radio-canada.ca\/jeux-olympiques\/nouvelle\/2095464\/wilkerson-humana-paredes-argent-canada\" rel=\"nofollow noopener\" target=\"_blank\">vice-championnes olympiques<\/a> ont offert toute une d\u00e9monstration de volleyball pendant la premi\u00e8re manche, qu\u2019elles ont boucl\u00e9 en un peu moins de 15\u00a0minutes, sous les encouragements de la foule.<\/p>\n<p><img decoding=\"async\" alt=\"Deux femmes sourient.\" class=\"absolute left-0 top-0 size-full object-cover transition-opacity ease-out print:relative html-dark:brightness-[.8]\" loading=\"lazy\" src=\"https:\/\/www.europesays.com\/fr\/wp-content\/uploads\/2025\/08\/brandie-wilkerson-melissa-humana-paredes-10974.png\"\/>Ouvrir en mode plein \u00e9cran<\/p>\n<p class=\"sc-ic6be9-2 kYrgAK\">Melissa Humana-Paredes et Brandie Wilkerson apr\u00e8s leur victoire, mercredi.<\/p>\n<p class=\"sc-ic6be9-1 cJJtvJ text-gray600 light:text-gray600 dark:text-gray400\">Photo : Radio-Canada \/ Jacques Poitras<\/p>\n<p class=\"sc-jbo7hw-7 bDkRIk\">Les N\u00e9erlandaises avaient pourtant offert une bonne opposition en d\u00e9but d\u2019engagement, aux commandes 11-6 lors de la premi\u00e8re pause. Mais les Canadiennes se sont ensuite mises en marche comme un rouleau compresseur, remportant 15 des 16 points suivants.<\/p>\n<p class=\"sc-jbo7hw-7 bDkRIk\">Je pense que Melissa et moi sommes vraiment dou\u00e9es pour ne pas trop penser au score. Nous savons ce que nous devons faire. Nous savons sur quoi nous concentrer, a mentionn\u00e9 Wilkerson. C\u2019est un sport bas\u00e9 sur l\u2019exp\u00e9rience, donc nous essayons de nous appuyer sur notre v\u00e9cu pour savoir qu\u2019on aura encore le temps de remettre les choses en place. On va travailler dur et on veut gagner, et le match n\u2019est pas fini tant qu\u2019il n\u2019est pas fini.<\/p>\n<p class=\"sc-jbo7hw-7 bDkRIk\">Wilkerson a \u00e9t\u00e9 particuli\u00e8rement redoutable avec ses contres au filet, d\u00e9stabilisant compl\u00e8tement l\u2019offense adverse.<\/p>\n<p class=\"sc-jbo7hw-7 bDkRIk\">Le jeu a \u00e9t\u00e9 plus serr\u00e9 au deuxi\u00e8me engagement et les N\u00e9erlandaises menaient 14-11, en position de forcer la tenue d\u2019une manche ultime.<\/p>\n<p class=\"sc-jbo7hw-7 bDkRIk\">Mais la vari\u00e9t\u00e9 dans le sch\u00e9ma des jeux canadiens a ensuite cr\u00e9\u00e9 bien des soucis aux Europ\u00e9ennes, souvent prises au d\u00e9pourvu par une attaque \u00e0 l\u2019option de Wilkerson.<\/p>\n<p class=\"sc-jbo7hw-7 bDkRIk\">Les deux volleyeuses ontariennes compl\u00e8teront leur phase de groupe demain face aux duos br\u00e9silien et allemand. La paire allemande a vaincu celle br\u00e9silienne plus t\u00f4t en journ\u00e9e et se trouve donc \u00e0 \u00e9galit\u00e9 au sommet du groupe D, avec le tandem canadien pour l&rsquo;instant.<\/p>\n<p class=\"sc-jbo7hw-7 bDkRIk\">L&rsquo;\u00e9quipe en premi\u00e8re position acc\u00e8de directement \u00e0 l&rsquo;\u00e9tape suivante, tandis que les deuxi\u00e8mes et troisi\u00e8mes s&rsquo;affrontent pour un laissez-passer.<\/p>\n<p>CA-NA-DA! <\/p>\n<p class=\"sc-jbo7hw-7 bDkRIk\">Les amateurs canadiens avaient \u00e9t\u00e9 convi\u00e9s t\u00f4t, pour assister au premier match de la journ\u00e9e de la paire Marie-Alex B\u00e9langer-Lea Mockhouse, d\u00e9faite d\u2019embl\u00e9e par la paire autrichienne compos\u00e9e des s\u0153urs Dorina et Ronja Klinger.<\/p>\n<p class=\"sc-jbo7hw-7 bDkRIk\">Elle faisait face \u00e0 une autre sororit\u00e9 en soir\u00e9e, celle d\u2019Anouk et Zo\u00e9 Verg\u00e9-D\u00e9pr\u00e9 de la Suisse. Un d\u00e9fi imposant puisque les deux Suissesses ont beaucoup d\u2019exp\u00e9rience \u00e0 l\u2019international; l\u2019a\u00een\u00e9e Anouk a remport\u00e9 le bronze aux Jeux olympiques de Tokyo, tandis que la cadette Zo\u00e9 a particip\u00e9 \u00e0 ceux de Paris. Elles font nouvellement \u00e9quipe.<\/p>\n<p class=\"sc-jbo7hw-7 bDkRIk\">Les Canadiennes ont n\u00e9anmoins \u00e9t\u00e9 les premi\u00e8res \u00e0 attaquer, offrant du jeu inspir\u00e9 d\u00e8s la premi\u00e8re manche, en route vers un gain de 21-18.<\/p>\n<p><img decoding=\"async\" alt=\"Deux volleyeuses se f\u00e9licitent apr\u00e8s un point.\" class=\"absolute left-0 top-0 size-full object-cover transition-opacity ease-out print:relative html-dark:brightness-[.8]\" loading=\"lazy\" src=\"https:\/\/www.europesays.com\/fr\/wp-content\/uploads\/2025\/08\/lea-monkhouse-marie-alex-belanger.jpeg\"\/>Ouvrir en mode plein \u00e9cran<\/p>\n<p class=\"sc-ic6be9-2 kYrgAK\">L\u00e9a Monkhouse et Marie-Alex B\u00e9langer ont anim\u00e9 le spectacle, jeudi \u00e0 la plage de l&rsquo;\u00e9pingle du circuit Gilles-Villeneuve. <\/p>\n<p class=\"sc-ic6be9-1 cJJtvJ text-gray600 light:text-gray600 dark:text-gray400\">Photo : Radio-Canada \/ Jean-Christophe Pochat<\/p>\n<p class=\"sc-jbo7hw-7 bDkRIk\">B\u00e9langer a \u00e9t\u00e9 efficace au filet, r\u00e9ussissant huit contres. L\u2019ancienne des Carabins de l\u2019Universit\u00e9 de Montr\u00e9al a r\u00e9cemment effectu\u00e9 le transfert du volleyball int\u00e9rieur au volleyball de plage\u00a0\u2013 une transition qui s\u2019effectue sans sable dans l\u2019engrenage, \u00e0 voir son aisance sur le terrain.<\/p>\n<p class=\"sc-jbo7hw-7 bDkRIk\">La Suissesse a r\u00e9pliqu\u00e9 avec aplomb au deuxi\u00e8me engagement, pour forcer la tenue d\u2019une manche ultime\u00a0\u2013 durant laquelle le public montr\u00e9alais a eu son mot \u00e0 dire.<\/p>\n<p class=\"sc-jbo7hw-7 bDkRIk\">La foule s\u2019amusait \u00e0 d\u00e9couper le mot CANADA, en synchronisant chaque logatome avec les touches de l\u2019\u00e9quipe canadienne. CA \u00e0 la r\u00e9ception, NA \u00e0 l\u2019option, et DA! lors d\u2019un smash esp\u00e9r\u00e9.<\/p>\n<p class=\"sc-jbo7hw-7 bDkRIk\">La strat\u00e9gie a fonctionn\u00e9 \u00e0 plusieurs occasions, et a sembl\u00e9 avoir donn\u00e9 de l\u2019\u00e9nergie aux Canadiennes. Elles se sont n\u00e9anmoins inclin\u00e9es 15-13, lors de la manche ultime.<\/p>\n<blockquote class=\"sc-ym8j07-0 kJvxpW text-gray700 light:text-gray700 dark:text-gray200\">\n<p class=\"sc-ym8j07-1 jhkebe !font-display text-6 leading-5 xsToSm:text-5 font-bold text-gray700 light:text-gray700 dark:text-gray200 font-medium\">\u00c7a nous a clairement aid\u00e9 dans les moments cl\u00e9s, c\u2019\u00e9tait comme si on avait un autre joueur sur le terrain!<\/p>\n<p>Une citation de Marie-Alex B\u00e9langer<\/p><\/blockquote>\n<p class=\"sc-jbo7hw-7 bDkRIk\">Ce duel port\u00e9 \u00e0 la limite leur procure toutefois un point pr\u00e9cieux, qu\u2019elles mettent en banque, au m\u00eame titre que l\u2019exp\u00e9rience acquise.<\/p>\n<p class=\"sc-jbo7hw-7 bDkRIk\">Nous \u00e9tions beaucoup moins h\u00e9sitantes que lors du premier match, a analys\u00e9 Lea Monkhouse. Notre service \u00e9tait bien meilleur, et honn\u00eatement, il y a eu plein de bonnes choses dans tous les aspects du jeu, sur lesquelles nous pouvons b\u00e2tir.<\/p>\n<p class=\"sc-jbo7hw-7 bDkRIk\">On a manqu\u00e9 une belle [occasion], on est d\u00e9\u00e7ues du r\u00e9sultat, mais on est contentes de comment on a rebondi dans le deuxi\u00e8me match, a ajout\u00e9 B\u00e9langer. Ce qu\u2019on a appris aujourd\u2019hui, c\u2019est de garder le focus sur nous. Il y a des points tactiques \u00e0 r\u00e9viser, mais il s\u2019agira surtout d\u2019\u00eatre confiantes et en contr\u00f4le et de sortir fort.<\/p>\n<p class=\"sc-jbo7hw-7 bDkRIk\">Elles joueront demain contre Daniela \u00c1lvarez et Tania Moreno\u00a0\u2013 qui ne sont pas des s\u0153urs, mais qui ont repr\u00e9sent\u00e9 l\u2019Espagne ensemble aux derniers Jeux olympiques.<\/p>\n<p><img decoding=\"async\" alt=\"Deux hommes sont attendus par une foule derri\u00e8re une barri\u00e8re.\" class=\"absolute left-0 top-0 size-full object-cover transition-opacity ease-out print:relative html-dark:brightness-[.8]\" loading=\"lazy\" src=\"https:\/\/www.europesays.com\/fr\/wp-content\/uploads\/2025\/08\/samuel-schachter-jonathan-pickett.jpeg\"\/>Ouvrir en mode plein \u00e9cran<\/p>\n<p class=\"sc-ic6be9-2 kYrgAK\">Samuel Schachter et Jonathan Pickett ont sign\u00e9 de nombreux autographes apr\u00e8s leur match.<\/p>\n<p class=\"sc-ic6be9-1 cJJtvJ text-gray600 light:text-gray600 dark:text-gray400\">Photo : Radio-Canada \/ Jean-Christophe Pochat<\/p>\n<p class=\"sc-jbo7hw-7 bDkRIk\">Du c\u00f4t\u00e9 des hommes, le duo Schachter-Pickett se frottait d\u2019entr\u00e9e de jeu aux champions du monde en titre, les Tch\u00e8ques Ond\u0159ej Peru\u0161i\u010d et David Schweiner. <\/p>\n<p class=\"sc-jbo7hw-7 bDkRIk\">Les Canadiens n\u2019ont pas mal paru du tout mais ont n\u00e9anmoins baiss\u00e9 pavillon 21-15 et 21-17.<\/p>\n","protected":false},"excerpt":{"rendered":"Les championnes en titre du Beach Pro Tour de Montr\u00e9al avaient h\u00e2te de retrouver le public canadien, et&hellip;\n","protected":false},"author":2,"featured_media":320688,"comment_status":"","ping_status":"","sticky":false,"template":"","format":"standard","meta":{"footnotes":""},"categories":[1417],"tags":[1011,27,60,1470,1469],"class_list":{"0":"post-320687","1":"post","2":"type-post","3":"status-publish","4":"format-standard","5":"has-post-thumbnail","7":"category-volley","8":"tag-fr","9":"tag-france","10":"tag-sports","11":"tag-volley","12":"tag-volleyball"},"share_on_mastodon":{"url":"https:\/\/pubeurope.com\/@fr\/115032502132282789","error":""},"_links":{"self":[{"href":"https:\/\/www.europesays.com\/fr\/wp-json\/wp\/v2\/posts\/320687","targetHints":{"allow":["GET"]}}],"collection":[{"href":"https:\/\/www.europesays.com\/fr\/wp-json\/wp\/v2\/posts"}],"about":[{"href":"https:\/\/www.europesays.com\/fr\/wp-json\/wp\/v2\/types\/post"}],"author":[{"embeddable":true,"href":"https:\/\/www.europesays.com\/fr\/wp-json\/wp\/v2\/users\/2"}],"replies":[{"embeddable":true,"href":"https:\/\/www.europesays.com\/fr\/wp-json\/wp\/v2\/comments?post=320687"}],"version-history":[{"count":0,"href":"https:\/\/www.europesays.com\/fr\/wp-json\/wp\/v2\/posts\/320687\/revisions"}],"wp:featuredmedia":[{"embeddable":true,"href":"https:\/\/www.europesays.com\/fr\/wp-json\/wp\/v2\/media\/320688"}],"wp:attachment":[{"href":"https:\/\/www.europesays.com\/fr\/wp-json\/wp\/v2\/media?parent=320687"}],"wp:term":[{"taxonomy":"category","embeddable":true,"href":"https:\/\/www.europesays.com\/fr\/wp-json\/wp\/v2\/categories?post=320687"},{"taxonomy":"post_tag","embeddable":true,"href":"https:\/\/www.europesays.com\/fr\/wp-json\/wp\/v2\/tags?post=320687"}],"curies":[{"name":"wp","href":"https:\/\/api.w.org\/{rel}","templated":true}]}}