{"id":320689,"date":"2025-08-15T11:17:15","date_gmt":"2025-08-15T11:17:15","guid":{"rendered":"https:\/\/www.europesays.com\/fr\/320689\/"},"modified":"2025-08-15T11:17:15","modified_gmt":"2025-08-15T11:17:15","slug":"le-staff-a-pris-une-grosse-decision-pour-le-stage-en-bretagne-le-club-veut-travailler-en-paix","status":"publish","type":"post","link":"https:\/\/www.europesays.com\/fr\/320689\/","title":{"rendered":"le staff a pris une grosse d\u00e9cision pour le stage en Bretagne, le club veut travailler en paix"},"content":{"rendered":"<p>Le Stade Toulousain va mettre le cap sur la Bretagne. Lundi dernier, les Rouge et Noir ont \u00e9t\u00e9 le dernier club \u00e0 reprendre le chemin de l\u2019entra\u00eenement apr\u00e8s leur saison couronn\u00e9e de succ\u00e8s et un nouveau sacre en Top 14. Apr\u00e8s une semaine intensive sous la chaleur d\u2019Ernest-Wallon, les prot\u00e9g\u00e9s d\u2019Ugo Mola vont \u00e9tablir leur base \u00e0 Ploufragan, dans les C\u00f4tes d\u2019Armor.<\/p>\n<p>Aucun entra\u00eenement ouvert au public<\/p>\n<p>Du 18 au 23 ao\u00fbt, le Stade Toulousain va peaufiner ses derniers r\u00e9glages avant de d\u00e9fier Vannes au Roudourou pour son premier match de pr\u00e9paration, le jeudi 21. Alors que les billets s\u2019arrachent et que la rencontre se disputera \u00e0 guichets-ferm\u00e9s, ce sera la seule occasion d\u2019admirer Thomas Ramos et ses co\u00e9quipiers. Comme le rapporte <a href=\"https:\/\/www.letelegramme.fr\/sports\/rugby\/stade-toulousain-a-ploufragan-un-entrainement-ouvert-au-public-le-mercredi-20-aout-6871256.php\" rel=\"nofollow noopener\" target=\"_blank\">Le T\u00e9l\u00e9gramme,<\/a> le Stade Toulousain a d\u00e9cid\u00e9 de fermer ses entra\u00eenements au public. Aussi bien pour des raisons de s\u00e9curit\u00e9 que pour pouvoir travailler sereinement et \u00e0 l\u2019abri des regards.<\/p>\n<blockquote class=\"twitter-tweet\">\n<p dir=\"ltr\" lang=\"qme\">\ud83d\udcaa\ud83d\udcaa <a href=\"https:\/\/t.co\/9frXHP00k0\" rel=\"nofollow\">pic.twitter.com\/9frXHP00k0<\/a><\/p>\n<p>\u2014 Stade Toulousain (@StadeToulousain) <a href=\"https:\/\/twitter.com\/StadeToulousain\/status\/1956014693228642645?ref_src=twsrc%5Etfw\" rel=\"nofollow noopener\" target=\"_blank\">August 14, 2025<\/a><\/p>\n<\/blockquote>\n<p>Partagez cette info avec vos amis et vos proches en cliquant ici<br \/>Pour r\u00e9sumer<\/p>\n<p>Le Stade Toulousain a pris une d\u00e9cision forte pour son stage \u00e0 Ploufragan, en Bretagne. Les Rouge et Noir sont dans la ville du 18 au 23 ao\u00fbt avant de disputer un match face \u00e0 Vannes. Aucun entra\u00eenement ne sera ouvert au public.<\/p>\n<p> <img decoding=\"async\" width=\"76\" height=\"76\" loading=\"lazy\" src=\"https:\/\/www.europesays.com\/fr\/wp-content\/uploads\/2025\/04\/avatar-quinze.png\" alt=\"Arnaud D\u00e9chelotte\"\/><script async src=\"https:\/\/platform.twitter.com\/widgets.js\" charset=\"utf-8\"><\/script><\/p>\n","protected":false},"excerpt":{"rendered":"Le Stade Toulousain va mettre le cap sur la Bretagne. Lundi dernier, les Rouge et Noir ont \u00e9t\u00e9&hellip;\n","protected":false},"author":2,"featured_media":320690,"comment_status":"","ping_status":"","sticky":false,"template":"","format":"standard","meta":{"footnotes":""},"categories":[1416],"tags":[1011,27,479,1468,60],"class_list":{"0":"post-320689","1":"post","2":"type-post","3":"status-publish","4":"format-standard","5":"has-post-thumbnail","7":"category-rugby","8":"tag-fr","9":"tag-france","10":"tag-rugby","11":"tag-rugby-football","12":"tag-sports"},"share_on_mastodon":{"url":"https:\/\/pubeurope.com\/@fr\/115032505984321337","error":""},"_links":{"self":[{"href":"https:\/\/www.europesays.com\/fr\/wp-json\/wp\/v2\/posts\/320689","targetHints":{"allow":["GET"]}}],"collection":[{"href":"https:\/\/www.europesays.com\/fr\/wp-json\/wp\/v2\/posts"}],"about":[{"href":"https:\/\/www.europesays.com\/fr\/wp-json\/wp\/v2\/types\/post"}],"author":[{"embeddable":true,"href":"https:\/\/www.europesays.com\/fr\/wp-json\/wp\/v2\/users\/2"}],"replies":[{"embeddable":true,"href":"https:\/\/www.europesays.com\/fr\/wp-json\/wp\/v2\/comments?post=320689"}],"version-history":[{"count":0,"href":"https:\/\/www.europesays.com\/fr\/wp-json\/wp\/v2\/posts\/320689\/revisions"}],"wp:featuredmedia":[{"embeddable":true,"href":"https:\/\/www.europesays.com\/fr\/wp-json\/wp\/v2\/media\/320690"}],"wp:attachment":[{"href":"https:\/\/www.europesays.com\/fr\/wp-json\/wp\/v2\/media?parent=320689"}],"wp:term":[{"taxonomy":"category","embeddable":true,"href":"https:\/\/www.europesays.com\/fr\/wp-json\/wp\/v2\/categories?post=320689"},{"taxonomy":"post_tag","embeddable":true,"href":"https:\/\/www.europesays.com\/fr\/wp-json\/wp\/v2\/tags?post=320689"}],"curies":[{"name":"wp","href":"https:\/\/api.w.org\/{rel}","templated":true}]}}