{"id":320715,"date":"2025-08-15T11:33:10","date_gmt":"2025-08-15T11:33:10","guid":{"rendered":"https:\/\/www.europesays.com\/fr\/320715\/"},"modified":"2025-08-15T11:33:10","modified_gmt":"2025-08-15T11:33:10","slug":"adoptez-cette-taille-dete-sur-vos-noyers-pour-booster-la-recolte-et-prevenir-les-maladies-la-saison-prochaine","status":"publish","type":"post","link":"https:\/\/www.europesays.com\/fr\/320715\/","title":{"rendered":"Adoptez cette taille d\u2019\u00e9t\u00e9 sur vos noyers pour booster la r\u00e9colte et pr\u00e9venir les maladies la saison prochaine"},"content":{"rendered":"<p>Chaque \u00e9t\u00e9, de nombreux jardiniers s&rsquo;interrogent : faut-il tailler le noyer, cet arbre majestueux du verger fran\u00e7ais, et si oui, comment s&rsquo;y prendre sans risquer d&rsquo;affaiblir la prochaine r\u00e9colte ? Peu de sujets suscitent autant d&rsquo;interrogations, et pourtant, <strong>quelques gestes simples r\u00e9alis\u00e9s au bon moment<\/strong> peuvent transformer la sant\u00e9 du noyer, limiter les maladies et offrir une abondance de noix \u00e0 l&rsquo;automne. D\u00e9couvrez comment adopter la taille d&rsquo;\u00e9t\u00e9 pour booster votre r\u00e9colte tout en gardant un arbre sain, et \u00e9vitez les erreurs qui freinent la vitalit\u00e9 de vos noyers.<\/p>\n<p>Comprendre les besoins de votre noyer en \u00e9t\u00e9 : quand et pourquoi intervenir<\/p>\n<p>Le noyer, symbole du verger fran\u00e7ais, r\u00e9clame des soins particuliers lorsqu&rsquo;il grandit sous le climat estival. <strong>Cette p\u00e9riode cl\u00e9 pr\u00e9pare la future r\u00e9colte<\/strong> et conditionne la qualit\u00e9 des fruits autant que la r\u00e9sistance aux maladies.<\/p>\n<p> Les enjeux d&rsquo;une taille estivale pour la sant\u00e9 de l&rsquo;arbre<\/p>\n<p>Beaucoup l&rsquo;ignorent, mais <strong>la taille d&rsquo;\u00e9t\u00e9<\/strong> favorise l&rsquo;\u00e9quilibre et la vigueur du noyer. Elle limite l&rsquo;encombrement du feuillage, encourage la formation de nouveaux bourgeons floraux et \u00e9vite l&rsquo;\u00e9puisement de l&rsquo;arbre. En restreignant la croissance anarchique, on dirige l&rsquo;\u00e9nergie vers la fructification et la maturation des noix.<\/p>\n<p> Les signes r\u00e9v\u00e9lateurs qu&rsquo;une taille s&rsquo;impose<\/p>\n<p>Des branches cass\u00e9es, dess\u00e9ch\u00e9es ou pr\u00e9sentant des taches suspectes ? Un feuillage trop dense qui laisse l&rsquo;humidit\u00e9 stagner apr\u00e8s la pluie ? Ce sont des <strong>signaux clairs<\/strong> : l&rsquo;arbre a besoin d&rsquo;\u00eatre \u00e9clairci pour mieux respirer et se d\u00e9fendre contre les pathog\u00e8nes estivaux.<\/p>\n<p> Impact sur la circulation de l&rsquo;air et la lumi\u00e8re<\/p>\n<p>Tailler \u00e0 cette p\u00e9riode, c&rsquo;est aussi <strong>a\u00e9rer la ramure<\/strong> pour am\u00e9liorer la circulation de l&rsquo;air et la p\u00e9n\u00e9tration de la lumi\u00e8re. Cela r\u00e9duit les risques de d\u00e9veloppement de champignons et permet aux rayons du soleil de doper la saveur et la qualit\u00e9 des noix \u00e0 venir.<\/p>\n<p>Passer \u00e0 l&rsquo;action : comment tailler pour des noyers vigoureux et une r\u00e9colte g\u00e9n\u00e9reuse<\/p>\n<p>Adopter la taille d&rsquo;\u00e9t\u00e9 passe par une approche attentive : <strong>chaque coupe compte<\/strong> pour garantir un arbre r\u00e9sistant et productif.<\/p>\n<p> Rep\u00e9rer et \u00e9liminer branches mortes ou malades sans se tromper<\/p>\n<p>Commencez par <strong>supprimer toutes les branches mortes, ab\u00eem\u00e9es ou malades<\/strong> : elles servent de porte d&rsquo;entr\u00e9e aux maladies. Une branche s\u00e8che se distingue par son bois cassant, une absence de bourgeons actifs ou une \u00e9corce qui se d\u00e9tache. N&rsquo;h\u00e9sitez pas \u00e0 couper aussi celles qui portent des taches brunes ou noires, signes d&rsquo;\u00e9ventuelles infections.<\/p>\n<p>A\u00e9rer le centre : mode d&#8217;emploi pour favoriser la fructification<\/p>\n<p>L&rsquo;astuce de jardinier consiste \u00e0 <strong>d\u00e9s\u00e9paissir le centre de l&rsquo;arbre<\/strong>, afin que l&rsquo;air circule et que la lumi\u00e8re atteigne chaque branche. D\u00e9gagez le c\u0153ur du noyer en \u00e9liminant les rameaux qui se croisent ou se dirigent vers l&rsquo;int\u00e9rieur. R\u00e9sultat : un arbre a\u00e9r\u00e9, robuste, pr\u00eat \u00e0 transformer chaque rayon de soleil en \u00e9nergie pour ses fruits.<\/p>\n<p> Les outils indispensables pour une taille propre et efficace<\/p>\n<p>Pour une coupe nette, \u00e9quipez-vous :<\/p>\n<ul>\n<li>d&rsquo;un s\u00e9cateur bien aff\u00fbt\u00e9 pour les petites branches,<\/li>\n<li>d&rsquo;une scie d&rsquo;\u00e9lagage pour les sections plus \u00e9paisses,<\/li>\n<li>d&rsquo;une paire de gants r\u00e9sistants pour \u00e9viter blessures et irritations,<\/li>\n<li>d&rsquo;un chiffon et d&rsquo;un d\u00e9sinfectant naturel (alcool \u00e0 br\u00fbler, vinaigre blanc) pour nettoyer vos outils entre chaque arbre et limiter la transmission d&rsquo;\u00e9ventuelles maladies.<\/li>\n<\/ul>\n<p>Un mat\u00e9riel propre, c&rsquo;est d\u00e9j\u00e0 <strong>la moiti\u00e9 du travail de pr\u00e9vention<\/strong> contre les pathog\u00e8nes !<\/p>\n<p>Prot\u00e9gez vos noyers : freiner les maladies avant qu&rsquo;elles n&rsquo;apparaissent<\/p>\n<p>La taille, bien r\u00e9alis\u00e9e, contribue \u00e0 un verger sain, mais quelques pr\u00e9cautions simples permettent de limiter encore les risques pour votre noyer.<\/p>\n<p> Comprendre le lien entre taille et pr\u00e9vention des pathog\u00e8nes<\/p>\n<p>En supprimant les parties mortes ou faibles, l&rsquo;arbre limite les surfaces propices \u00e0 la prolif\u00e9ration des agents pathog\u00e8nes. <strong>Un noyer bien taill\u00e9 r\u00e9siste mieux aux maladies comme l&rsquo;anthracnose ou la bact\u00e9riose<\/strong> qui guettent d\u00e8s les premiers coups de chaud ou d&rsquo;humidit\u00e9.<\/p>\n<p> Les bons gestes pour \u00e9viter la contamination pendant la taille<\/p>\n<p>Pensez toujours \u00e0 d\u00e9sinfecter les lames de vos outils avant chaque passage d&rsquo;un arbre \u00e0 l&rsquo;autre. <strong>\u00c9vitez de tailler par temps humide<\/strong> ou apr\u00e8s une pluie, propices \u00e0 la dispersion des spores fongiques. Enfin, ramassez soigneusement toutes les coupes et br\u00fblez-les pour ne pas laisser les maladies s&rsquo;installer au sol.<\/p>\n<p> Petits conseils naturels pour renforcer la vitalit\u00e9 de l&rsquo;arbre<\/p>\n<p>Pensez \u00e0 pailler le pied du noyer avec des feuilles mortes ou du broyat d&rsquo;\u00e9corce pour conserver l&rsquo;humidit\u00e9 et limiter la repousse des ind\u00e9sirables. <strong>Un apport de compost bien m\u00fbr<\/strong>, en fin d&rsquo;\u00e9t\u00e9, stimule les d\u00e9fenses naturelles de l&rsquo;arbre tout en enrichissant le sol de votre verger. Des auxiliaires comme les coccinelles ou les m\u00e9sanges appr\u00e9cieront \u00e9galement le nouvel \u00e9quilibre offert par un arbre bien ouvert.<\/p>\n<p>Entretenir et surveiller : garder un \u0153il sur vos noyers tout l&rsquo;\u00e9t\u00e9<\/p>\n<p>La taille d&rsquo;\u00e9t\u00e9 ne fait pas tout : <strong>un suivi attentif<\/strong> assure la r\u00e9ussite de cette intervention pour la saison en cours et la suivante.<\/p>\n<p>Suivi post-taille : que surveiller dans les semaines suivantes ?<\/p>\n<p>Observez r\u00e9guli\u00e8rement l&rsquo;\u00e9volution des plaies de taille. Si l&rsquo;\u00e9corce reste saine, sans trace noire ou suintement suspect, tout va bien. <strong>Surveillez la reprise de croissance<\/strong> \u00e0 la base des rameaux coup\u00e9s et \u00e9liminez les repousses inutiles qui pourraient concurrencer les branches principales.<\/p>\n<p> Adapter arrosage et fertilisation apr\u00e8s la coupe<\/p>\n<p>Apr\u00e8s la taille, veillez \u00e0 un arrosage r\u00e9gulier mais sans exc\u00e8s, surtout en p\u00e9riode de s\u00e9cheresse. Profitez-en pour ajuster l&rsquo;apport de fertilisant organique, car <strong>un arbre taill\u00e9 utilise mieux les nutriments disponibles<\/strong>. Privil\u00e9giez les engrais naturels adapt\u00e9s au noyer, avec un apport \u00e9quilibr\u00e9 en potassium pour soutenir la formation des noix.<\/p>\n<p> Pr\u00e9parer la saison suivante d\u00e8s maintenant<\/p>\n<p>En anticipant les besoins de votre noyer, vous mettez toutes les chances de votre c\u00f4t\u00e9. Notez la date, les interventions r\u00e9alis\u00e9es et l&rsquo;\u00e9tat g\u00e9n\u00e9ral de l&rsquo;arbre, afin de <strong>peaufiner vos gestes l&rsquo;an prochain<\/strong> et d&rsquo;optimiser r\u00e9colte et sant\u00e9 sur le long terme.<\/p>\n<p> R\u00e9sum\u00e9 des \u00e9tapes cl\u00e9s pour des noyers robustes et une r\u00e9colte abondante<\/p>\n<p>Avant de refermer le s\u00e9cateur et de profiter de l&rsquo;ombre g\u00e9n\u00e9reuse du noyer, un dernier point sur les \u00e9tapes essentielles et les erreurs classiques \u00e0 \u00e9viter.<\/p>\n<p> Les erreurs courantes \u00e0 \u00e9viter pour ne pas fragiliser l&rsquo;arbre<\/p>\n<p>Une taille trop s\u00e9v\u00e8re, ou r\u00e9alis\u00e9e en dehors de l&rsquo;\u00e9t\u00e9, affaiblit facilement la ramure et expose aux maladies. <strong>N&rsquo;oubliez pas de d\u00e9sinfecter les outils<\/strong> et d&rsquo;\u00e9viter de laisser les coupes \u00e0 l&rsquo;abandon sous l&rsquo;arbre. Enfin, ne taillez pas par temps de pluie pour ne pas multiplier les risques.<\/p>\n<p> Astuces de jardiniers pour tirer le meilleur de la taille estivale<\/p>\n<p>Retenez ces conseils simples :<\/p>\n<ul>\n<li><strong>\u00c9claircissez la ramure en supprimant les branches mortes ou malades, et a\u00e9rez le centre de l&rsquo;arbre<\/strong> pour renforcer sa sant\u00e9 et sa productivit\u00e9 avant l&rsquo;automne.<\/li>\n<li>Taillez en douceur, en favorisant les coupes nettes et propres.<\/li>\n<li>Observez attentivement la r\u00e9action de l&rsquo;arbre et ajustez vos pratiques au fil des ann\u00e9es selon le climat et la vigueur du noyer.<\/li>\n<\/ul>\n<p> Ce que vous pouvez d\u00e9j\u00e0 attendre pour l&rsquo;automne et l&rsquo;ann\u00e9e suivante<\/p>\n<p>Avec ces soins, attendez-vous \u00e0 des noix plus charnues, savoureuses et en plus grand nombre. <strong>Un noyer bien entretenu r\u00e9siste mieux aux maladies<\/strong> comme la pourriture ou le chancre, et gagne en long\u00e9vit\u00e9, pour le plaisir de r\u00e9coltes g\u00e9n\u00e9reuses \u00e0 partager.<\/p>\n<p>En appliquant ces gestes simples, le noyer du jardin devient chaque ann\u00e9e plus vigoureux et productif. Alors, pourquoi ne pas profiter de cette belle saison pour donner un coup de frais \u00e0 vos arbres et pr\u00e9parer d\u00e8s aujourd&rsquo;hui la r\u00e9colte de demain ?<\/p>\n","protected":false},"excerpt":{"rendered":"Chaque \u00e9t\u00e9, de nombreux jardiniers s&rsquo;interrogent : faut-il tailler le noyer, cet arbre majestueux du verger fran\u00e7ais, et&hellip;\n","protected":false},"author":2,"featured_media":320716,"comment_status":"","ping_status":"","sticky":false,"template":"","format":"standard","meta":{"footnotes":""},"categories":[7],"tags":[1011,27,56,43,40,41,39,42,44],"class_list":{"0":"post-320715","1":"post","2":"type-post","3":"status-publish","4":"format-standard","5":"has-post-thumbnail","7":"category-sciences-et-technologies","8":"tag-fr","9":"tag-france","10":"tag-push","11":"tag-science","12":"tag-science-and-technology","13":"tag-sciences","14":"tag-sciences-et-technologies","15":"tag-technologies","16":"tag-technology"},"share_on_mastodon":{"url":"https:\/\/pubeurope.com\/@fr\/115032568910931245","error":""},"_links":{"self":[{"href":"https:\/\/www.europesays.com\/fr\/wp-json\/wp\/v2\/posts\/320715","targetHints":{"allow":["GET"]}}],"collection":[{"href":"https:\/\/www.europesays.com\/fr\/wp-json\/wp\/v2\/posts"}],"about":[{"href":"https:\/\/www.europesays.com\/fr\/wp-json\/wp\/v2\/types\/post"}],"author":[{"embeddable":true,"href":"https:\/\/www.europesays.com\/fr\/wp-json\/wp\/v2\/users\/2"}],"replies":[{"embeddable":true,"href":"https:\/\/www.europesays.com\/fr\/wp-json\/wp\/v2\/comments?post=320715"}],"version-history":[{"count":0,"href":"https:\/\/www.europesays.com\/fr\/wp-json\/wp\/v2\/posts\/320715\/revisions"}],"wp:featuredmedia":[{"embeddable":true,"href":"https:\/\/www.europesays.com\/fr\/wp-json\/wp\/v2\/media\/320716"}],"wp:attachment":[{"href":"https:\/\/www.europesays.com\/fr\/wp-json\/wp\/v2\/media?parent=320715"}],"wp:term":[{"taxonomy":"category","embeddable":true,"href":"https:\/\/www.europesays.com\/fr\/wp-json\/wp\/v2\/categories?post=320715"},{"taxonomy":"post_tag","embeddable":true,"href":"https:\/\/www.europesays.com\/fr\/wp-json\/wp\/v2\/tags?post=320715"}],"curies":[{"name":"wp","href":"https:\/\/api.w.org\/{rel}","templated":true}]}}