{"id":320719,"date":"2025-08-15T11:35:15","date_gmt":"2025-08-15T11:35:15","guid":{"rendered":"https:\/\/www.europesays.com\/fr\/320719\/"},"modified":"2025-08-15T11:35:15","modified_gmt":"2025-08-15T11:35:15","slug":"un-francais-arrete-au-mali-pour-des-soupcons-despionnage-de-la-junte-au-pouvoir","status":"publish","type":"post","link":"https:\/\/www.europesays.com\/fr\/320719\/","title":{"rendered":"Un Fran\u00e7ais arr\u00eat\u00e9 au Mali pour des soup\u00e7ons d\u2019espionnage de la junte au pouvoir"},"content":{"rendered":"<p>        <img decoding=\"async\" loading=\"lazy\" src=\"https:\/\/www.europesays.com\/fr\/wp-content\/uploads\/2025\/08\/7a9b6c0_upload-1-9mghxr2tkv2h-000-63fu2zp.jpg\"  width=\"728\" height=\"409\" alt=\"Les autorit\u00e9s maliennes ont annonc\u00e9 l\u2019arrestation d\u2019un Fran\u00e7ais, ce jeudi 14\u00a0ao\u00fbt. (Photo du leader de la junte malienne, Assimi Goita, le 23\u00a0juin 2025)\"\/>  <\/p>\n<p>PAVEL BEDNYAKOV \/ AFP<\/p>\n<p>Les autorit\u00e9s maliennes ont annonc\u00e9 l\u2019arrestation d\u2019un Fran\u00e7ais, ce jeudi 14\u00a0ao\u00fbt. (Photo du leader de la junte malienne, Assimi Goita, le 23\u00a0juin 2025)<\/p>\n<p class=\"asset asset-text\">INTERNATIONAL &#8211; On ne conna\u00eet pas encore son identit\u00e9. Les <a href=\"https:\/\/www.huffingtonpost.fr\/international\/article\/mali-la-junte-au-pouvoir-embarrassee-apres-le-crash-d-un-avion-militaire-soupconne-d-etre-utilise-par-wagner_223672.html\" target=\"_blank\" rel=\"noopener\">autorit\u00e9s maliennes <\/a>ont annonc\u00e9 l\u2019arrestation d\u2019un <a href=\"https:\/\/www.huffingtonpost.fr\/international\/article\/un-jeune-francais-porte-disparu-en-iran-le-quai-d-orsay-craint-une-arrestation_252290.html\" target=\"_blank\" rel=\"noopener\">Fran\u00e7ais<\/a> soup\u00e7onn\u00e9 de travailler pour le \u00ab\u00a0service de renseignement fran\u00e7ais\u00a0\u00bb. Elles ont aussi accus\u00e9 des \u00ab\u00a0\u00c9tats \u00e9trangers\u00a0\u00bb d\u2019\u00eatre derri\u00e8re une tentative de d\u00e9stabilisation des institutions, selon un communiqu\u00e9 lu \u00e0 la t\u00e9l\u00e9vision nationale, ce jeudi 14\u00a0ao\u00fbt.<\/p>\n<p class=\"asset asset-text\">La junte, elle-m\u00eame arriv\u00e9e au pouvoir apr\u00e8s deux coups d\u2019\u00c9tat en 2020 et 2021, s\u2019est \u00e9galement exprim\u00e9e sur les dizaines d\u2019arrestations de militaires ces derniers jours, accus\u00e9s de vouloir renverser le pouvoir.<\/p>\n<p class=\"asset asset-text\">Ce pays d\u2019Afrique de l\u2019Ouest, coutumier des troubles politiques, est dirig\u00e9 par des militaires souverainistes dans un contexte de restrictions s\u00e9v\u00e8res des libert\u00e9s par la junte et de violences jihadistes meurtri\u00e8res sur le territoire.<\/p>\n<p>    Au moins 55 militaires arr\u00eat\u00e9s    <\/p>\n<p class=\"asset asset-text\">Dans son communiqu\u00e9, la junte a aussi annonc\u00e9 \u00ab\u00a0l\u2019arrestation d\u2019un groupuscule d\u2019\u00e9l\u00e9ments marginaux des forces arm\u00e9es de s\u00e9curit\u00e9 maliennes\u00a0\u00bb, qui cherchait selon elle \u00e0 \u00ab\u00a0d\u00e9stabiliser les institutions de la R\u00e9publique\u00a0\u00bb. \u00ab\u00a0Ces militaires et des civils\u00a0\u00bb auraient obtenu \u00ab\u00a0l\u2019aide d\u2019\u00c9tats \u00e9trangers\u00a0\u00bb, accuse le gouvernement malien.<\/p>\n<p class=\"asset asset-text\">Au moins 55 militaires auraient \u00e9t\u00e9 arr\u00eat\u00e9s, selon des sources s\u00e9curitaires consult\u00e9es par l\u2019AFP. \u00ab\u00a0Les enqu\u00eates judiciaires se poursuivent pour identifier d\u2019\u00e9ventuels complices\u00a0\u00bb, indique le gouvernement.<\/p>\n<p class=\"asset asset-text\">La junte a \u00e9galement confirm\u00e9 l\u2019arrestation de deux g\u00e9n\u00e9raux, Abass Demb\u00e9l\u00e9 et Nema Sagara. Le g\u00e9n\u00e9ral Abass Demb\u00e9l\u00e9 est une figure tr\u00e8s respect\u00e9e au sein de l\u2019arm\u00e9e. Cet ancien gouverneur de la r\u00e9gion de Mopti, dans le centre du pays, a r\u00e9cemment \u00e9t\u00e9 d\u00e9mis de cette fonction par la junte.<\/p>\n<p class=\"asset asset-text\">Les arrestations ont \u00e9t\u00e9 men\u00e9es principalement au sein de la garde nationale, un corps de l\u2019arm\u00e9e malienne, a appris l\u2019AFP de sources s\u00e9curitaires. C\u2019est notoirement le corps d\u2019origine du ministre de la D\u00e9fense, le g\u00e9n\u00e9ral Sadio Camara, une des principales figures de la junte.<\/p>\n<p class=\"asset asset-text\">Plusieurs observateurs ont relev\u00e9 que certaines des personnes arr\u00eat\u00e9es par les autorit\u00e9s sont des proches de Sadio Camara, mais celui-ci n\u2019a pas \u00e9t\u00e9 inqui\u00e9t\u00e9 \u00e0 ce jour.<\/p>\n<p>    La junte s\u2019est d\u00e9tourn\u00e9e des partenaires occidentaux    <\/p>\n<p class=\"asset asset-text\">Depuis 2012, ce pays sah\u00e9lien fait face \u00e0 une profonde crise s\u00e9curitaire nourrie notamment par les violences de groupes affili\u00e9s \u00e0 Al-Qa\u00efda et \u00e0 l\u2019organisation \u00c9tat islamique (EI), ainsi que de groupes criminels communautaires. Elle s\u2019ajoute \u00e0 une grave crise \u00e9conomique.<\/p>\n<p class=\"asset asset-text\">La junte, dirig\u00e9e par le pr\u00e9sident Assimi Go\u00efta, s\u2019est d\u00e9tourn\u00e9e des partenaires occidentaux, notamment l\u2019ancien colonisateur fran\u00e7ais, pour se tourner politiquement et militairement vers la Russie.<\/p>\n<p class=\"asset asset-text\">L\u2019arm\u00e9e malienne et ses alli\u00e9s, les mercenaires russes d\u2019Africa Corps, charg\u00e9s notamment de traquer les jihadistes, sont r\u00e9guli\u00e8rement accus\u00e9s de commettre des exactions contre des civils.<\/p>\n","protected":false},"excerpt":{"rendered":"PAVEL BEDNYAKOV \/ AFP Les autorit\u00e9s maliennes ont annonc\u00e9 l\u2019arrestation d\u2019un Fran\u00e7ais, ce jeudi 14\u00a0ao\u00fbt. (Photo du leader&hellip;\n","protected":false},"author":2,"featured_media":320720,"comment_status":"","ping_status":"","sticky":false,"template":"","format":"standard","meta":{"footnotes":""},"categories":[5],"tags":[11,879,1011,3844,27,14,1136,3579,12,28],"class_list":{"0":"post-320719","1":"post","2":"type-post","3":"status-publish","4":"format-standard","5":"has-post-thumbnail","7":"category-international","8":"tag-actualites","9":"tag-afrique","10":"tag-fr","11":"tag-francais","12":"tag-france","13":"tag-international","14":"tag-mali","15":"tag-militaire","16":"tag-news","17":"tag-world"},"share_on_mastodon":{"url":"https:\/\/pubeurope.com\/@fr\/115032576763963169","error":""},"_links":{"self":[{"href":"https:\/\/www.europesays.com\/fr\/wp-json\/wp\/v2\/posts\/320719","targetHints":{"allow":["GET"]}}],"collection":[{"href":"https:\/\/www.europesays.com\/fr\/wp-json\/wp\/v2\/posts"}],"about":[{"href":"https:\/\/www.europesays.com\/fr\/wp-json\/wp\/v2\/types\/post"}],"author":[{"embeddable":true,"href":"https:\/\/www.europesays.com\/fr\/wp-json\/wp\/v2\/users\/2"}],"replies":[{"embeddable":true,"href":"https:\/\/www.europesays.com\/fr\/wp-json\/wp\/v2\/comments?post=320719"}],"version-history":[{"count":0,"href":"https:\/\/www.europesays.com\/fr\/wp-json\/wp\/v2\/posts\/320719\/revisions"}],"wp:featuredmedia":[{"embeddable":true,"href":"https:\/\/www.europesays.com\/fr\/wp-json\/wp\/v2\/media\/320720"}],"wp:attachment":[{"href":"https:\/\/www.europesays.com\/fr\/wp-json\/wp\/v2\/media?parent=320719"}],"wp:term":[{"taxonomy":"category","embeddable":true,"href":"https:\/\/www.europesays.com\/fr\/wp-json\/wp\/v2\/categories?post=320719"},{"taxonomy":"post_tag","embeddable":true,"href":"https:\/\/www.europesays.com\/fr\/wp-json\/wp\/v2\/tags?post=320719"}],"curies":[{"name":"wp","href":"https:\/\/api.w.org\/{rel}","templated":true}]}}