{"id":320721,"date":"2025-08-15T11:36:11","date_gmt":"2025-08-15T11:36:11","guid":{"rendered":"https:\/\/www.europesays.com\/fr\/320721\/"},"modified":"2025-08-15T11:36:11","modified_gmt":"2025-08-15T11:36:11","slug":"la-nation-noubliera-pas-cet-enfant-de-france-mort-parce-que-juif-dit-macron","status":"publish","type":"post","link":"https:\/\/www.europesays.com\/fr\/320721\/","title":{"rendered":"\u00abLa Nation n\u2019oubliera pas cet enfant de France mort parce que Juif\u00bb, dit Macron"},"content":{"rendered":"<p>Des repr\u00e9sentants de tous les bords politiques ont d\u00e9nonc\u00e9 cet acte malveillant qui fait \u00e9cho \u00e0 la pouss\u00e9e de la haine antis\u00e9mite en France, d\u00e9j\u00e0 \u00e0 l\u2019origine du meurtre du jeune homme, en 2006.<\/p>\n<p class=\"fig-paragraph\">Tu\u00e9 parce que juif, et d\u00e9sormais profan\u00e9. Un olivier plant\u00e9 en 2011 \u00e0 \u00c9pinay-sur-Seine (Seine-Saint-Denis) a \u00e9t\u00e9 abattu jeudi soir \u00e0 la tron\u00e7onneuse \u00abde fa\u00e7on malveillante\u00bb, a t\u00e9moign\u00e9 le maire de la commune, Herv\u00e9 Chevreau. L\u2019arbre rendait hommage \u00e0 Ilan Halimi, un jeune Fran\u00e7ais de confession juive s\u00e9questr\u00e9, tortur\u00e9 et tu\u00e9 en 2006 par le \u00abgang des barbares\u00bb, pour des motifs crapuleux et antis\u00e9mites.<\/p>\n<p class=\"fig-body-link\">\n            \u00c0 lire aussi<br \/>\n        <a class=\"fig-body-link__link\" href=\"http:\/\/www.lefigaro.fr\/actualite-france\/un-olivier-rendant-hommage-a-ilan-halimi-abattu-dans-la-ville-d-epinay-sur-seine-20250814\" data-fig-type=\"NewsFlash\" data-gtm-custom-categorie=\"navigation\" data-gtm-custom-action=\"crossclick\" data-gtm-custom-label=\"Contextuel\" data-gtm-event=\"customEventSPE\" data-fig-domain=\"LEFIGARO\" rel=\"nofollow noopener\" target=\"_blank\">Fran\u00e7ois Bayrou d\u00e9nonce \u00abla haine antis\u00e9mite\u00bb qui a \u00abfauch\u00e9\u00bb l\u2019olivier rendant hommage \u00e0 Ilan Halimi \u00e0 \u00c9pinay-sur-Seine<br \/>\n    <\/a>\n<\/p>\n<p class=\"fig-paragraph\">Les r\u00e9actions politiques n\u2019ont pas tard\u00e9 \u00e0 d\u00e9noncer cet acte, alors que la haine antis\u00e9mite cro\u00eet en France depuis\u00a0<a href=\"http:\/\/www.lefigaro.fr\/vox\/monde\/ran-halevi-la-journee-sans-fin-du-7-octobre-20250730\" data-fig-type=\"Article\" data-gtm-custom-categorie=\"navigation\" data-gtm-custom-action=\"crossclick\" data-gtm-custom-label=\"Contextuel\" data-gtm-event=\"customEventSPE\" data-fig-domain=\"LEFIGARO\" rel=\"nofollow noopener\" target=\"_blank\">l\u2019attaque du Hamas contre Isra\u00ebl le 7 octobre 2023<\/a>. \u00abAbattre l\u2019arbre rendant hommage \u00e0 Ilan Halimi, c\u2019est chercher \u00e0 le tuer une deuxi\u00e8me fois, a r\u00e9agi Emmanuel Macron sur le r\u00e9seau social X. Il n\u2019en sera rien\u00a0: la Nation n\u2019oubliera pas cet enfant de France mort parce que Juif. Tous les moyens sont d\u00e9ploy\u00e9s pour punir cet acte de haine. Face \u00e0 l\u2019antis\u00e9mitisme\u00a0: la R\u00e9publique, toujours intransigeante.\u00bb<\/p>\n<p>                                    <a class=\"fig-a11y-skip a11y-hidden\" href=\"#fig-a11y-skip-main-inarticle\"><br \/>\n        Passer la publicit\u00e9<br \/>\n    <\/a><\/p>\n<p class=\"fig-paragraph\">\u00abL\u2019arbre pour Ilan Halimi, vivant rempart contre l\u2019oubli, a \u00e9t\u00e9 fauch\u00e9 par la haine antis\u00e9mite, a accus\u00e9 le premier ministre\u00a0<a href=\"http:\/\/www.lefigaro.fr\/politique\/nous-sommes-arrives-a-la-falaise-francois-bayrou-un-ete-pour-dejouer-la-censure-20250810\" data-fig-type=\"Article\" data-gtm-custom-categorie=\"navigation\" data-gtm-custom-action=\"crossclick\" data-gtm-custom-label=\"Contextuel\" data-gtm-event=\"customEventSPE\" data-fig-domain=\"LEFIGARO\" rel=\"nofollow noopener\" target=\"_blank\">Fran\u00e7ois Bayrou<\/a>. Nul crime ne peut d\u00e9raciner la m\u00e9moire. La lutte jamais achev\u00e9e contre le mortel poison de la haine est notre devoir premier.\u00bb<\/p>\n<p>\u00abL\u00e2chet\u00e9 absolue\u00bb des \u00abbarbares\u00bb<\/p>\n<p class=\"fig-paragraph\">La ministre de l\u2019\u00c9ducation nationale \u00c9lisabeth Borne a regrett\u00e9 l\u2019abattage d\u2019un \u00absymbole d\u2019espoir face \u00e0 la barbarie\u00bb. \u00abLe d\u00e9truire, est un acte inf\u00e2me de haine et d\u2019antis\u00e9mitisme d\u2019une l\u00e2chet\u00e9 absolue. Nous sommes face \u00e0 un affront \u00e0 notre m\u00e9moire collective et aux valeurs de la R\u00e9publique. Les auteurs devront r\u00e9pondre de leurs actes.\u00bb Toujours dans le bloc central, le maire Horizons de Nice,\u00a0<a href=\"http:\/\/www.lefigaro.fr\/nice\/a-nice-passe-d-armes-entre-christian-estrosi-et-le-prefet-sur-le-chantier-retarde-du-grand-hotel-des-polices-20250804\" data-fig-type=\"NewsFlash\" data-gtm-custom-categorie=\"navigation\" data-gtm-custom-action=\"crossclick\" data-gtm-custom-label=\"Contextuel\" data-gtm-event=\"customEventSPE\" data-fig-domain=\"LEFIGARO\" rel=\"nofollow noopener\" target=\"_blank\">Christian Estrosi<\/a>, a d\u00e9nonc\u00e9 \u00abune profanation insupportable\u00bb et \u00abun acte odieux, qui intervient alors que l\u2019antis\u00e9mitisme ne cesse de progresser dans notre pays, avec la complicit\u00e9 de certains politiciens irresponsables qui se placent en dehors de la R\u00e9publique\u00bb.<\/p>\n<p class=\"fig-paragraph\">Le pr\u00e9sident de l\u2019UDR,\u00a0<a href=\"http:\/\/www.lefigaro.fr\/nice\/soupcons-de-fichage-des-equipes-d-eric-ciotti-a-nice-christian-estrosi-denonce-une-pratique-ignoble-et-dangereuse-20250814\" data-fig-type=\"NewsFlash\" data-gtm-custom-categorie=\"navigation\" data-gtm-custom-action=\"crossclick\" data-gtm-custom-label=\"Contextuel\" data-gtm-event=\"customEventSPE\" data-fig-domain=\"LEFIGARO\" rel=\"nofollow noopener\" target=\"_blank\">\u00c9ric Ciotti<\/a>, a de son c\u00f4t\u00e9 fustig\u00e9 \u00abun abominable symbole de l\u2019explosion de l\u2019antis\u00e9mitisme dans notre pays autant qu\u2019une inf\u00e2me attaque contre la m\u00e9moire du martyr d\u2019Ilan Halimi\u00bb.\u00a0<a href=\"http:\/\/www.lefigaro.fr\/politique\/david-lisnard-appelle-les-formations-de-droite-a-s-entendre-sur-dix-mesures-a-porter-dans-la-course-a-la-presidentielle-2027-20250724\" data-fig-type=\"NewsFlash\" data-gtm-custom-categorie=\"navigation\" data-gtm-custom-action=\"crossclick\" data-gtm-custom-label=\"Contextuel\" data-gtm-event=\"customEventSPE\" data-fig-domain=\"LEFIGARO\" rel=\"nofollow noopener\" target=\"_blank\">David Lisnard<\/a>, maire de Cannes et pr\u00e9sident de Nouvelle \u00c9nergie, n\u2019a pas h\u00e9sit\u00e9 \u00e0 accuser \u00abl\u2019\u00e9tourdissante r\u00e9gression que conna\u00eet notre soci\u00e9t\u00e9 \u00e0 cause de groupes fanatis\u00e9s essentiellement \u00e0 l\u2019extr\u00eame gauche (compos\u00e9e de tant de bobos idiots utiles des islamistes), qui se complaisent dans la fange de l\u2019antis\u00e9mitisme, du ressentiment, de la jalousie sociale, de la haine ricaneuse de la soci\u00e9t\u00e9 et de notre d\u00e9mocratie r\u00e9publicaine\u00bb. En cause aussi, selon l\u2019\u00e9dile\u00a0: le \u00ablaisser-aller\u00bb de \u00abnos dirigeants\u00bb.<\/p>\n<p class=\"fig-body-link\">\n            \u00c0 lire aussi<br \/>\n        <a class=\"fig-body-link__link\" href=\"http:\/\/www.lefigaro.fr\/actualite-france\/une-gazaouie-accueillie-a-sciences-po-lille-accusee-d-antisemitisme-bruno-retailleau-veut-saisir-la-justice-20250730\" data-fig-type=\"NewsFlash\" data-gtm-custom-categorie=\"navigation\" data-gtm-custom-action=\"crossclick\" data-gtm-custom-label=\"Contextuel\" data-gtm-event=\"customEventSPE\" data-fig-domain=\"LEFIGARO\" rel=\"nofollow noopener\" target=\"_blank\">L\u2019inscription \u00e0 Sciences Po Lille d\u2019une \u00e9tudiante gazaouie \u00abtenant des propos antis\u00e9mites\u00bb annul\u00e9e<br \/>\n    <\/a>\n<\/p>\n<p class=\"fig-paragraph\">\u00c0 gauche, l\u2019eurod\u00e9put\u00e9\u00a0<a href=\"http:\/\/www.lefigaro.fr\/vox\/politique\/demontons-le-mythe-d-un-raphael-glucksmann-qui-serait-gentiment-social-democrate-20250718\" data-fig-type=\"Article\" data-gtm-custom-categorie=\"navigation\" data-gtm-custom-action=\"crossclick\" data-gtm-custom-label=\"Contextuel\" data-gtm-event=\"customEventSPE\" data-fig-domain=\"LEFIGARO\" rel=\"nofollow noopener\" target=\"_blank\">Rapha\u00ebl Glucksmann<\/a>, copr\u00e9sident de Place publique, a rendu hommage \u00e0 \u00abIlan Halimi, victime perp\u00e9tuelle des barbares\u00bb, \u00abpourchass\u00e9 d\u00e9sormais par-del\u00e0 la mort\u00bb. \u00abPaix \u00e0 son \u00e2me et lutte sans rel\u00e2che contre les ordures antis\u00e9mites, ceux qui les excusent et leur pavent la voie\u00bb, a-t-il ass\u00e9n\u00e9. Quant \u00e0\u00a0<a href=\"http:\/\/www.lefigaro.fr\/politique\/l-espagne-de-pedro-sanchez-un-modele-pour-olivier-faure-et-les-socialistes-20250801\" data-fig-type=\"Article\" data-gtm-custom-categorie=\"navigation\" data-gtm-custom-action=\"crossclick\" data-gtm-custom-label=\"Contextuel\" data-gtm-event=\"customEventSPE\" data-fig-domain=\"LEFIGARO\" rel=\"nofollow noopener\" target=\"_blank\">Olivier Faure<\/a>, le premier secr\u00e9taire du Parti socialiste a d\u00e9clar\u00e9\u00a0: \u00abHonte au profanateur antis\u00e9mite qui a d\u00fb penser que cet acte \u00e9tait d\u2019un courage infini\u2026\u00bb<\/p>\n","protected":false},"excerpt":{"rendered":"Des repr\u00e9sentants de tous les bords politiques ont d\u00e9nonc\u00e9 cet acte malveillant qui fait \u00e9cho \u00e0 la pouss\u00e9e&hellip;\n","protected":false},"author":2,"featured_media":320722,"comment_status":"","ping_status":"","sticky":false,"template":"","format":"standard","meta":{"footnotes":""},"categories":[4],"tags":[11,6155,1011,27,4879,12,25],"class_list":{"0":"post-320721","1":"post","2":"type-post","3":"status-publish","4":"format-standard","5":"has-post-thumbnail","7":"category-france","8":"tag-actualites","9":"tag-antisemitisme","10":"tag-fr","11":"tag-france","12":"tag-hommage","13":"tag-news","14":"tag-republique-francaise"},"share_on_mastodon":{"url":"https:\/\/pubeurope.com\/@fr\/115032580682072288","error":""},"_links":{"self":[{"href":"https:\/\/www.europesays.com\/fr\/wp-json\/wp\/v2\/posts\/320721","targetHints":{"allow":["GET"]}}],"collection":[{"href":"https:\/\/www.europesays.com\/fr\/wp-json\/wp\/v2\/posts"}],"about":[{"href":"https:\/\/www.europesays.com\/fr\/wp-json\/wp\/v2\/types\/post"}],"author":[{"embeddable":true,"href":"https:\/\/www.europesays.com\/fr\/wp-json\/wp\/v2\/users\/2"}],"replies":[{"embeddable":true,"href":"https:\/\/www.europesays.com\/fr\/wp-json\/wp\/v2\/comments?post=320721"}],"version-history":[{"count":0,"href":"https:\/\/www.europesays.com\/fr\/wp-json\/wp\/v2\/posts\/320721\/revisions"}],"wp:featuredmedia":[{"embeddable":true,"href":"https:\/\/www.europesays.com\/fr\/wp-json\/wp\/v2\/media\/320722"}],"wp:attachment":[{"href":"https:\/\/www.europesays.com\/fr\/wp-json\/wp\/v2\/media?parent=320721"}],"wp:term":[{"taxonomy":"category","embeddable":true,"href":"https:\/\/www.europesays.com\/fr\/wp-json\/wp\/v2\/categories?post=320721"},{"taxonomy":"post_tag","embeddable":true,"href":"https:\/\/www.europesays.com\/fr\/wp-json\/wp\/v2\/tags?post=320721"}],"curies":[{"name":"wp","href":"https:\/\/api.w.org\/{rel}","templated":true}]}}