{"id":320731,"date":"2025-08-15T11:41:16","date_gmt":"2025-08-15T11:41:16","guid":{"rendered":"https:\/\/www.europesays.com\/fr\/320731\/"},"modified":"2025-08-15T11:41:16","modified_gmt":"2025-08-15T11:41:16","slug":"disparition-inquietante-palmont-nancy-agee-de-14-ans-na-plus-donne-de-nouvelles-depuis-le-8-aout","status":"publish","type":"post","link":"https:\/\/www.europesays.com\/fr\/320731\/","title":{"rendered":"Disparition inqui\u00e9tante\u00a0: Palmont Nancy, \u00e2g\u00e9e de 14 ans, n\u2019a plus donn\u00e9 de nouvelles depuis le 8 ao\u00fbt"},"content":{"rendered":"<p>La gendarmerie de La R\u00e9union lance \u00e0 appel \u00e0 t\u00e9moins pour tenter de retrouver Nancy Palmont. La jeune fille de 14 ans est disparue le 8 ao\u00fbt 2025.<\/p>\n<p style=\"text-align: justify;\">Nancy Palmont n\u2019a plus donn\u00e9 de nouvelle depuis la semaine derni\u00e8re. Depuis Petite-\u00cele elle devait se rendre \u00e0 un anniversaire \u00e0 Saint-Pierre. La jeune fille n\u2019a ni t\u00e9l\u00e9phone, ni argent, ni pi\u00e8ce d\u2019identit\u00e9.<\/p>\n<p style=\"text-align: justify;\">Nancy mesure, 1m55, elle est de corpulence moyenne, elle a les cheveux noirs et boucl\u00e9s mi-long. L\u2019adolescente a un grain de beaut\u00e9 au-dessus de la bouche, c\u00f4t\u00e9 droit.<\/p>\n<p style=\"text-align: justify;\">Si vous avez des informations, contactez la gendarmerie de Saint-Joseph au 02 2 56 81 51 ou en composant le 17.<\/p>\n","protected":false},"excerpt":{"rendered":"La gendarmerie de La R\u00e9union lance \u00e0 appel \u00e0 t\u00e9moins pour tenter de retrouver Nancy Palmont. La jeune&hellip;\n","protected":false},"author":2,"featured_media":320732,"comment_status":"","ping_status":"","sticky":false,"template":"","format":"standard","meta":{"footnotes":""},"categories":[9635],"tags":[328,1111,47,11,1777,674,118,1011,27,775,6335,1922,6336,1702,12,7224,25],"class_list":{"0":"post-320731","1":"post","2":"type-post","3":"status-publish","4":"format-standard","5":"has-post-thumbnail","7":"category-nancy","8":"tag-a-la-une","9":"tag-actu","10":"tag-actualite","11":"tag-actualites","12":"tag-eu","13":"tag-europe","14":"tag-faits-divers","15":"tag-fr","16":"tag-france","17":"tag-grand-est","18":"tag-home-page","19":"tag-info","20":"tag-la-reunion","21":"tag-nancy","22":"tag-news","23":"tag-newsletter-soir","24":"tag-republique-francaise"},"share_on_mastodon":{"url":"https:\/\/pubeurope.com\/@fr\/115032600459687220","error":""},"_links":{"self":[{"href":"https:\/\/www.europesays.com\/fr\/wp-json\/wp\/v2\/posts\/320731","targetHints":{"allow":["GET"]}}],"collection":[{"href":"https:\/\/www.europesays.com\/fr\/wp-json\/wp\/v2\/posts"}],"about":[{"href":"https:\/\/www.europesays.com\/fr\/wp-json\/wp\/v2\/types\/post"}],"author":[{"embeddable":true,"href":"https:\/\/www.europesays.com\/fr\/wp-json\/wp\/v2\/users\/2"}],"replies":[{"embeddable":true,"href":"https:\/\/www.europesays.com\/fr\/wp-json\/wp\/v2\/comments?post=320731"}],"version-history":[{"count":0,"href":"https:\/\/www.europesays.com\/fr\/wp-json\/wp\/v2\/posts\/320731\/revisions"}],"wp:featuredmedia":[{"embeddable":true,"href":"https:\/\/www.europesays.com\/fr\/wp-json\/wp\/v2\/media\/320732"}],"wp:attachment":[{"href":"https:\/\/www.europesays.com\/fr\/wp-json\/wp\/v2\/media?parent=320731"}],"wp:term":[{"taxonomy":"category","embeddable":true,"href":"https:\/\/www.europesays.com\/fr\/wp-json\/wp\/v2\/categories?post=320731"},{"taxonomy":"post_tag","embeddable":true,"href":"https:\/\/www.europesays.com\/fr\/wp-json\/wp\/v2\/tags?post=320731"}],"curies":[{"name":"wp","href":"https:\/\/api.w.org\/{rel}","templated":true}]}}