{"id":320733,"date":"2025-08-15T11:42:11","date_gmt":"2025-08-15T11:42:11","guid":{"rendered":"https:\/\/www.europesays.com\/fr\/320733\/"},"modified":"2025-08-15T11:42:11","modified_gmt":"2025-08-15T11:42:11","slug":"javais-le-pire-escroc-de-france-chez-moi-un-ancien-candidat-a-la-mairie-de-toulon-ecroue-pour-escroqueries-actualites","status":"publish","type":"post","link":"https:\/\/www.europesays.com\/fr\/320733\/","title":{"rendered":"\u201cJ\u2019avais le pire escroc de France chez moi\u201d : un ancien candidat \u00e0 la mairie de Toulon \u00e9crou\u00e9 pour escroqueries : Actualit\u00e9s"},"content":{"rendered":"<p class=\"lead \"><strong>Eddie Goujit a \u00e9t\u00e9 mis en examen et \u00e9crou\u00e9 pour escroqueries lundi 11 ao\u00fbt. L\u2019ancien candidat \u00e0 la mairie de Toulon n\u2019en \u00e9tait pas \u00e0 son coup d\u2019essai.<\/strong><\/p>\n<p class=\"lead \">Recherch\u00e9 par la police depuis plusieurs mois, Eddie Goujit a finalement \u00e9t\u00e9 interpell\u00e9 lundi 11 ao\u00fbt \u00e0 Bourg-Saint-And\u00e9ol, en Ard\u00e8che, annonce<a href=\"https:\/\/www.20minutes.fr\/justice\/4167958-20250814-toulon-ancien-candidat-mairie-eddie-goujit-mis-examen-ecroue-escroqueries\" target=\"_blank\" rel=\"nofollow noopener\"> 20 Minutes<\/a>. L\u2019ancien candidat \u00e0 la mairie de Toulon tra\u00eenait plusieurs affaires d\u2019escroqueries derri\u00e8re lui, dont la derni\u00e8re avait marqu\u00e9 les esprits.<\/p>\n<p class=\"lead \">Le jeune homme de 18 ans s\u2019\u00e9tait fait passer pour un ministre de Fran\u00e7ois Bayrou pour abuser d\u2019un h\u00f4tel. Il a aussi fait l\u2019objet d\u2019une autre plainte apr\u00e8s avoir profit\u00e9 de nuits, de minibars et de prestations impay\u00e9es au cours des derniers mois. Ce qui ne l\u2019a pas frein\u00e9, indique <a href=\"https:\/\/www.varmatin.com\/faits-divers\/eddie-goujit-le-faux-elu-de-la-region-poursuivi-pour-escroqueries-mis-en-examen-997988\" target=\"_blank\" rel=\"nofollow noopener\">Var Matin<\/a>. Il s\u2019est depuis improvis\u00e9 en \u00e9lu de la R\u00e9gion, en collaborateur de la mairie ou en petit-fils d\u2019Hubert Falco, maire de Toulon.<\/p>\n<p class=\"lead \">Il a finalement \u00e9t\u00e9 interpell\u00e9 sur son lieu de travail, dans un camping ard\u00e9chois o\u00f9 il \u00e9tait saisonnier. Il avait fait payer 5 euros l\u2019acc\u00e8s \u00e0 un city stade pourtant gratuit \u00e0 des enfants. Il a aussi assur\u00e9 pouvoir sauver un point de permis \u00e0 un conducteur qui se serait fait flash\u00e9 dans le camping contre 100 euros. Probl\u00e8me, il n\u2019y a pas de radar dans le camping.<\/p>\n<p>                                                                                                \u00ab\u00a0Un Ars\u00e8ne Lupin qui vole tout le monde<\/p>\n<p class=\"lead \">\u201cDes histoires comme \u00e7a, il y en a plein, raconte Patricia Curiere, la g\u00e9rante des lieux. Elle le d\u00e9crit comme un \u201cArs\u00e8ne Lupin\u201d, qui \u201cvole tout le monde\u201d. \u201cJ\u2019avais le pire escroc de France chez moi\u201d, peste-t-elle. M\u00eame pris sur le coup, il aurait fermement contest\u00e9, soutenant que sa m\u00e8re \u00e9tait procureure et son p\u00e8re actionnaire d\u2019un grand groupe. Deux mensonges, encore, qui n\u2019ont pas arrang\u00e9 son cas.<\/p>\n<p class=\"lead \">Eddie Goujit avait \u00e9t\u00e9 embauch\u00e9 en tant qu\u2019animateur ext\u00e9rieur mais n\u2019avait pas convaincu par ses animations, ni par le fait qu\u2019il soit saoul presque tous les soirs. Il a tent\u00e9 de s\u2019enfuir mais a \u00e9t\u00e9 rattrap\u00e9 par la gendarmerie \u00e0 la gare, ce qui a convaincu la juge des libert\u00e9s de le placer en d\u00e9tention provisoire.<\/p>\n<p class=\"small font-weight-bold text-gray3 \"> publi\u00e9 le 15 ao\u00fbt \u00e0 11h52, Tom Prevot, via 6M\u00e9dias<\/p>\n<p>                             Partager<\/p>\n","protected":false},"excerpt":{"rendered":"Eddie Goujit a \u00e9t\u00e9 mis en examen et \u00e9crou\u00e9 pour escroqueries lundi 11 ao\u00fbt. L\u2019ancien candidat \u00e0 la&hellip;\n","protected":false},"author":2,"featured_media":320734,"comment_status":"","ping_status":"","sticky":false,"template":"","format":"standard","meta":{"footnotes":""},"categories":[9619],"tags":[1111,11,1777,674,1011,27,12,882,25,2310],"class_list":{"0":"post-320733","1":"post","2":"type-post","3":"status-publish","4":"format-standard","5":"has-post-thumbnail","7":"category-toulon","8":"tag-actu","9":"tag-actualites","10":"tag-eu","11":"tag-europe","12":"tag-fr","13":"tag-france","14":"tag-news","15":"tag-provence-alpes-cote-dazur","16":"tag-republique-francaise","17":"tag-toulon"},"share_on_mastodon":{"url":"https:\/\/pubeurope.com\/@fr\/115032604235961122","error":""},"_links":{"self":[{"href":"https:\/\/www.europesays.com\/fr\/wp-json\/wp\/v2\/posts\/320733","targetHints":{"allow":["GET"]}}],"collection":[{"href":"https:\/\/www.europesays.com\/fr\/wp-json\/wp\/v2\/posts"}],"about":[{"href":"https:\/\/www.europesays.com\/fr\/wp-json\/wp\/v2\/types\/post"}],"author":[{"embeddable":true,"href":"https:\/\/www.europesays.com\/fr\/wp-json\/wp\/v2\/users\/2"}],"replies":[{"embeddable":true,"href":"https:\/\/www.europesays.com\/fr\/wp-json\/wp\/v2\/comments?post=320733"}],"version-history":[{"count":0,"href":"https:\/\/www.europesays.com\/fr\/wp-json\/wp\/v2\/posts\/320733\/revisions"}],"wp:featuredmedia":[{"embeddable":true,"href":"https:\/\/www.europesays.com\/fr\/wp-json\/wp\/v2\/media\/320734"}],"wp:attachment":[{"href":"https:\/\/www.europesays.com\/fr\/wp-json\/wp\/v2\/media?parent=320733"}],"wp:term":[{"taxonomy":"category","embeddable":true,"href":"https:\/\/www.europesays.com\/fr\/wp-json\/wp\/v2\/categories?post=320733"},{"taxonomy":"post_tag","embeddable":true,"href":"https:\/\/www.europesays.com\/fr\/wp-json\/wp\/v2\/tags?post=320733"}],"curies":[{"name":"wp","href":"https:\/\/api.w.org\/{rel}","templated":true}]}}