{"id":320745,"date":"2025-08-15T11:51:11","date_gmt":"2025-08-15T11:51:11","guid":{"rendered":"https:\/\/www.europesays.com\/fr\/320745\/"},"modified":"2025-08-15T11:51:11","modified_gmt":"2025-08-15T11:51:11","slug":"meurtre-a-rennes-tete-a-tete-historique-entre-trump-et-poutine-vague-de-chaleur-en-bretagne-le-point-a-la-mi-journee","status":"publish","type":"post","link":"https:\/\/www.europesays.com\/fr\/320745\/","title":{"rendered":"Meurtre \u00e0 Rennes, t\u00eate-\u00e0-t\u00eate historique entre Trump et Poutine, vague de chaleur en Bretagne\u00a0: le point \u00e0 la mi-journ\u00e9e"},"content":{"rendered":"<p><strong>Guerre en Ukraine : Trump et Poutine en Alaska, le moment de v\u00e9rit\u00e9<\/strong><\/p>\n<p>Le 15 ao\u00fbt 2025 restera-t-il dans l\u2019Histoire comme le jour qui a scell\u00e9 le sort de l\u2019Ukraine, apr\u00e8s trois ans de guerre ? Donald Trump et Vladimir Poutine en d\u00e9cident ce vendredi, \u00e0 l\u2019autre bout du monde, en Alaska. Le pr\u00e9sident am\u00e9ricain se fait fort de savoir en \u00ab cinq minutes \u00bb maximum <a href=\"https:\/\/www.letelegramme.fr\/monde\/guerre-ukraine-russie\/trump-poutine-ce-quil-faut-savoir-avant-la-rencontre-historique-en-alaska-6871417.php\" target=\"_blank\" rel=\"nofollow noopener\">si sa premi\u00e8re rencontre en personne depuis 2019<\/a> avec le pr\u00e9sident russe sera un fiasco, ou si elle permettra d\u2019esquisser une issue au plus sanglant conflit en Europe depuis la Seconde guerre mondiale. Si tout se passe bien, Donald Trump assure que \u00ab cette rencontre va ouvrir la voie \u00e0 une autre \u00bb, \u00e0 trois, incluant cette fois Volodymyr Zelensky. Il a laiss\u00e9 entendre que ce sommet tripartite pourrait se tenir tr\u00e8s rapidement, et \u00e9galement en Alaska.<\/p>\n<p><strong>Nuit blanche \u00e0 Gen\u00e8ve, pas de trait\u00e9 plastique et maintenant ?<\/strong><\/p>\n<p>Il n\u2019y aura pas de trait\u00e9 contre la pollution plastique \u00e0 Gen\u00e8ve : <a href=\"https:\/\/www.letelegramme.fr\/environnement\/traite-sur-la-pollution-plastique-les-185-pays-reunis-a-geneve-echouent-a-trouver-un-accord-la-france-se-dit-decue-et-en-colere-6871560.php\" target=\"_blank\" rel=\"nofollow noopener\">apr\u00e8s un constat d\u2019\u00e9chec cuisant pour l\u2019environnement et pour la diplomatie, l<\/a>es Nations unies essayaient vendredi de chercher une porte de sortie. Le pr\u00e9sident du comit\u00e9 des n\u00e9gociations, l\u2019Equatorien Luis Vayas Valdivieso, avait pr\u00e9sent\u00e9 dans la nuit une derni\u00e8re version d\u2019une proposition de compromis. Mais les chefs de d\u00e9l\u00e9gation r\u00e9unis en session exceptionnelle \u00e0 l\u2019aube n\u2019ont pas r\u00e9ussi \u00e0 se mettre d\u2019accord.<\/p>\n<p><strong>Quasiment toute la France en orange au 8e jour de la vague de chaleur, y compris une partie de la Bretagne<\/strong><\/p>\n<p>Apr\u00e8s une l\u00e9g\u00e8re accalmie jeudi, due aux orages, le thermom\u00e8tre repart \u00e0 la hausse vendredi, avec 70 d\u00e9partements plac\u00e9s en vigilance orange <a href=\"https:\/\/vigilance.meteofrance.fr\/fr\" target=\"_blank\" rel=\"nofollow noopener\">par M\u00e9t\u00e9o-France<\/a>, au huiti\u00e8me jour de la canicule qui touche le pays et le sud de l\u2019Europe. <a href=\"https:\/\/www.letelegramme.fr\/france\/canicule-quasiment-toute-la-france-en-vigilance-orange-ce-vendredi-la-bretagne-nest-plus-epargnee-6871564.php\" target=\"_blank\" rel=\"nofollow noopener\">Le Finist\u00e8re et le Morbihan sont concern\u00e9s par ce niveau d\u2019alerte<\/a>. Le mercure doit atteindre de nouveau les 40 \u00b0C &#8211; \u00ab ponctuellement plus \u00bb &#8211; dans le Sud-Ouest, indique le dernier bulletin de l\u2019institut, qui pr\u00e9voit aussi des temp\u00e9ratures tr\u00e8s fortes \u00ab sur l\u2019arc m\u00e9diterran\u00e9en \u00bb.<\/p>\n<p><strong>Un olivier rendant hommage \u00e0 Ilan Halimi abattu, indignation face \u00e0 \u00ab la haine antis\u00e9mite \u00bb<\/strong><\/p>\n<p>Le Premier ministre Fran\u00e7ois Bayrou a d\u00e9nonc\u00e9 vendredi les actes de celui ou ceux qui ont <a href=\"https:\/\/www.letelegramme.fr\/france\/une-infame-attaque-un-arbre-plante-en-hommage-a-ilan-halimi-abattu-en-seine-saint-denis-6871605.php\" target=\"_blank\" rel=\"nofollow noopener\">abattu l\u2019arbre plant\u00e9 \u00e0 \u00c9pinay-sur-Seine en hommage<\/a> \u00e0 ce jeune Fran\u00e7ais juif s\u00e9questr\u00e9 et tortur\u00e9 \u00e0 mort en 2006 <a href=\"https:\/\/www.letelegramme.fr\/france\/spangang-des-barbares-spanlappat-feminin-dilan-halimi-est-sorti-de-prison-1403109.php\" target=\"_blank\" rel=\"nofollow noopener\">par le \u00ab gang des barbares \u00bb.<\/a> Le pr\u00e9sident du Conseil repr\u00e9sentatif des institutions juives de France (Crif) Yonathan Arfi a d\u00e9nonc\u00e9 aupr\u00e8s de l\u2019AFP \u00ab une r\u00e9affirmation violente \u00bb de l\u2019antis\u00e9mitisme. \u00ab Les assassins de sa m\u00e9moire ne valent pas mieux que ceux qui lui ont pris la vie il y a vingt ans \u00bb. L\u2019arbre, qui avait \u00e9t\u00e9 plant\u00e9 en 2011 dans cette commune de Seine-Saint-Denis, a \u00e9t\u00e9 sectionn\u00e9 probablement \u00e0 l\u2019aide d\u2019une tron\u00e7onneuse dans la nuit de mercredi \u00e0 jeudi. Plusieurs autres responsables politiques ont exprim\u00e9 leur \u00e9motion et leur r\u00e9probation.<\/p>\n<p><strong>Un homme de 25 ans mortellement bless\u00e9 \u00e0 Rennes<\/strong><\/p>\n<p>Les pompiers sont intervenus ce vendredi matin, vers 5 h, dans le quartier de Maurepas \u00e0 Rennes. Ils ont retrouv\u00e9 un homme de 25 ans, au sol, gisant dans une mare de sang. Bless\u00e9 par un \u00ab objet tranchant \u00bb sur diverses parties du corps, il est d\u00e9c\u00e9d\u00e9 des suites d\u2019un arr\u00eat cardiorespiratoire. <a href=\"https:\/\/www.letelegramme.fr\/ille-et-vilaine\/rennes-35000\/a-rennes-un-homme-de-25-ans-succombe-a-une-blessure-par-balle-dans-le-quartier-de-maurepas-6871557.php\" target=\"_blank\" rel=\"nofollow noopener\">Selon les informations du T\u00e9l\u00e9gramme,<\/a> les faits sont cons\u00e9cutifs \u00e0 un r\u00e8glement de comptes.<\/p>\n","protected":false},"excerpt":{"rendered":"Guerre en Ukraine : Trump et Poutine en Alaska, le moment de v\u00e9rit\u00e9 Le 15 ao\u00fbt 2025 restera-t-il&hellip;\n","protected":false},"author":2,"featured_media":320746,"comment_status":"","ping_status":"","sticky":false,"template":"","format":"standard","meta":{"footnotes":""},"categories":[2821],"tags":[1111,11,829,1777,674,1011,27,74,12,584,25],"class_list":{"0":"post-320745","1":"post","2":"type-post","3":"status-publish","4":"format-standard","5":"has-post-thumbnail","7":"category-rennes","8":"tag-actu","9":"tag-actualites","10":"tag-bretagne","11":"tag-eu","12":"tag-europe","13":"tag-fr","14":"tag-france","15":"tag-monde","16":"tag-news","17":"tag-rennes","18":"tag-republique-francaise"},"share_on_mastodon":{"url":"https:\/\/pubeurope.com\/@fr\/115032639879728384","error":""},"_links":{"self":[{"href":"https:\/\/www.europesays.com\/fr\/wp-json\/wp\/v2\/posts\/320745","targetHints":{"allow":["GET"]}}],"collection":[{"href":"https:\/\/www.europesays.com\/fr\/wp-json\/wp\/v2\/posts"}],"about":[{"href":"https:\/\/www.europesays.com\/fr\/wp-json\/wp\/v2\/types\/post"}],"author":[{"embeddable":true,"href":"https:\/\/www.europesays.com\/fr\/wp-json\/wp\/v2\/users\/2"}],"replies":[{"embeddable":true,"href":"https:\/\/www.europesays.com\/fr\/wp-json\/wp\/v2\/comments?post=320745"}],"version-history":[{"count":0,"href":"https:\/\/www.europesays.com\/fr\/wp-json\/wp\/v2\/posts\/320745\/revisions"}],"wp:featuredmedia":[{"embeddable":true,"href":"https:\/\/www.europesays.com\/fr\/wp-json\/wp\/v2\/media\/320746"}],"wp:attachment":[{"href":"https:\/\/www.europesays.com\/fr\/wp-json\/wp\/v2\/media?parent=320745"}],"wp:term":[{"taxonomy":"category","embeddable":true,"href":"https:\/\/www.europesays.com\/fr\/wp-json\/wp\/v2\/categories?post=320745"},{"taxonomy":"post_tag","embeddable":true,"href":"https:\/\/www.europesays.com\/fr\/wp-json\/wp\/v2\/tags?post=320745"}],"curies":[{"name":"wp","href":"https:\/\/api.w.org\/{rel}","templated":true}]}}