{"id":320747,"date":"2025-08-15T11:52:15","date_gmt":"2025-08-15T11:52:15","guid":{"rendered":"https:\/\/www.europesays.com\/fr\/320747\/"},"modified":"2025-08-15T11:52:15","modified_gmt":"2025-08-15T11:52:15","slug":"pourquoi-maupay-nest-pas-dans-le-groupe-marseillais-pour-la-premiere-journee-de-ligue-1","status":"publish","type":"post","link":"https:\/\/www.europesays.com\/fr\/320747\/","title":{"rendered":"pourquoi Maupay n\u2019est pas dans le groupe marseillais pour la premi\u00e8re journ\u00e9e de Ligue 1"},"content":{"rendered":"<p class=\"mb-4 text-lg md:leading-8 break-words\">Un premier choix fort de <a href=\"https:\/\/rmcsport.bfmtv.com\/football\/roberto-de-zerbi_DN-202508100322.html\" rel=\"nofollow noopener\" target=\"_blank\" data-ylk=\"slk:Roberto De Zerbi;elm:context_link;itc:0;sec:content-canvas\" class=\"link \">Roberto De Zerbi<\/a> pour le d\u00e9but de la Ligue 1. En d\u00e9placement ce vendredi \u00e0 Rennes pour le match d\u2019ouverture de la saison, l\u2019entra\u00eeneur de <a href=\"https:\/\/fr.news.yahoo.com\/sport\/rennes-om-chaque-fois-na-135756480.html\" data-ylk=\"slk:l\u2019OM;elm:context_link;itc:0;sec:content-canvas;outcm:mb_qualified_link;_E:mb_qualified_link;ct:story;\" class=\"link  yahoo-link\" rel=\"nofollow noopener\" target=\"_blank\">l\u2019OM<\/a> a d\u00e9cid\u00e9 de laisser <a href=\"https:\/\/fr.news.yahoo.com\/sport\/om-%C3%A9t%C3%A9-bien-piqu%C3%A9s-thomasson-140832465.html\" data-ylk=\"slk:Neal Maupay;elm:context_link;itc:0;sec:content-canvas;outcm:mb_qualified_link;_E:mb_qualified_link;ct:story;\" class=\"link  yahoo-link\" rel=\"nofollow noopener\" target=\"_blank\">Neal Maupay<\/a> \u00e0 la maison selon les informations de RMC Sport.<\/p>\n<p class=\"mb-4 text-lg md:leading-8 break-words\">En pleine possession de ses moyens et pourtant bien pourtant bien pr\u00e9sent \u00e0 l&rsquo;entra\u00eenement de veille de match lors des oppositions, l\u2019attaquant ne figure pas dans le groupe pour le voyage en Bretagne.<\/p>\n<p class=\"mb-4 text-lg md:leading-8 break-words\"><a href=\"https:\/\/rmcsport.bfmtv.com\/football\/ligue-1\/direct-ligue-1-suivez-les-infos-du-15-aout-2025-autour-de-la-reprise-du-championnat-en-live_LN-202508150130.html\" rel=\"nofollow noopener\" target=\"_blank\" data-ylk=\"slk:&gt;&gt; Toutes les infos sur la premi\u00e8re journ\u00e9e de L1;elm:context_link;itc:0;sec:content-canvas\" class=\"link \">&gt;&gt; Toutes les infos sur la premi\u00e8re journ\u00e9e de L1<\/a><\/p>\n<p>L\u2019avenir de Maupay de plus en plus incertain \u00e0 l\u2019OM<\/p>\n<p class=\"mb-4 text-lg md:leading-8 break-words\">Dans un secteur offensif tr\u00e8s fourni avec notamment <a href=\"https:\/\/fr.news.yahoo.com\/sport\/rennes-om-jouer-num%C3%A9ro-10-130015794.html\" data-ylk=\"slk:Amine Gouiri;elm:context_link;itc:0;sec:content-canvas;outcm:mb_qualified_link;_E:mb_qualified_link;ct:story;\" class=\"link  yahoo-link\" rel=\"nofollow noopener\" target=\"_blank\">Amine Gouiri<\/a>, Mason Greenwood ou encore le revenant <a href=\"https:\/\/fr.news.yahoo.com\/sport\/om-gouiri-aubameyang-num%C3%A9ro-9-085403037.html\" data-ylk=\"slk:Pierre-Emerick Aubameyang;elm:context_link;itc:0;sec:content-canvas;outcm:mb_qualified_link;_E:mb_qualified_link;ct:story;\" class=\"link  yahoo-link\" rel=\"nofollow noopener\" target=\"_blank\">Pierre-Emerick Aubameyang<\/a>, Neal Maupay ne constitue plus l\u2019un des premiers choix de Roberto De Zerbi.<\/p>\n<p class=\"mb-4 text-lg md:leading-8 break-words\">Au point que pour le duel disput\u00e9 ce vendredi au Roazhon Park, affiche qui marquera aussi la premi\u00e8re de la <a href=\"https:\/\/rmcsport.bfmtv.com\/football\/ligue-1\/ligue1-nouveau-diffuseur-de-la-ligue1_DN-202508150216.html\" rel=\"nofollow noopener\" target=\"_blank\" data-ylk=\"slk:plateforme Ligue1+;elm:context_link;itc:0;sec:content-canvas\" class=\"link \">plateforme Ligue1+<\/a>, le technicien italien a pr\u00e9f\u00e9r\u00e9 convoquer le jeune Robinio Vaz (18 ans) dans un groupe d\u00e9j\u00e0 \u00e9largi de 21 joueurs.<\/p>\n<p class=\"mb-4 text-lg md:leading-8 break-words\">La concurrence sera rude dans le secteur offensif marseillais et l&rsquo;avenir de Neal Maupay \u00e0 Marseille s\u2019inscrit en pointill\u00e9s. Un d\u00e9part lors du mercato reste possible et son avenir demeure tr\u00e8s incertain. Encore plus avec ce choix du staff olympien pour le premier match de la saison.<\/p>\n<p>Une incertitude en d\u00e9fense contre Rennes<\/p>\n<p class=\"mb-4 text-lg md:leading-8 break-words\">Pas trop de surprise pour le reste du groupe phoc\u00e9en qui s\u2019est envol\u00e9 dans la matin\u00e9e vers Rennes. Suspendu pour la reprise de la Ligue 1, <a href=\"https:\/\/fr.news.yahoo.com\/sport\/om-terrain-fils-p-te-071531926.html\" data-ylk=\"slk:Facundo Medina;elm:context_link;itc:0;sec:content-canvas;outcm:mb_qualified_link;_E:mb_qualified_link;ct:story;\" class=\"link  yahoo-link\" rel=\"nofollow noopener\" target=\"_blank\">Facundo Medina<\/a> n\u2019est pas l\u00e0. Idem pour la recrue <a href=\"https:\/\/fr.news.yahoo.com\/sport\/igor-paixao-fait-lutte-contre-164609038.html\" data-ylk=\"slk:Igor Paixao;elm:context_link;itc:0;sec:content-canvas;outcm:mb_qualified_link;_E:mb_qualified_link;ct:story;\" class=\"link  yahoo-link\" rel=\"nofollow noopener\" target=\"_blank\">Igor Paixao<\/a> en raison d\u2019une blessure. Fra\u00eechement arriv\u00e9 \u00e0 l\u2019OM lors du mercato estival, Timothy Weah est bien l\u00e0 avec les autres recrues m\u00eame si l\u2019ancien joueur de la <a href=\"https:\/\/fr.news.yahoo.com\/sport\/mercato-juventus-pourrait-soffrir-neymar-043515313.html\" data-ylk=\"slk:Juventus;elm:context_link;itc:0;sec:content-canvas;outcm:mb_qualified_link;_E:mb_qualified_link;ct:story;\" class=\"link  yahoo-link\" rel=\"nofollow noopener\" target=\"_blank\">Juventus<\/a> et du <a href=\"https:\/\/fr.news.yahoo.com\/sport\/nantes-psg-pastore-consultant-prestige-053453482.html\" data-ylk=\"slk:PSG;elm:context_link;itc:0;sec:content-canvas;outcm:mb_qualified_link;_E:mb_qualified_link;ct:story;\" class=\"link  yahoo-link\" rel=\"nofollow noopener\" target=\"_blank\">PSG<\/a> semble parti pour d\u00e9buter sur le banc.<\/p>\n<p class=\"mb-4 text-lg md:leading-8 break-words\">Roberto De Zerbi pourrait s\u2019appuyer sur un dispositif en 4-3-3 avec Murillo dans le couloir droit et une charni\u00e8re Balerdi-Egan Riley. A moins que le coach italien ne d\u00e9cide de titulariser Geoffrey Kondogbia dans l\u2019axe avec le jeune CJ Egan-Riley sur le c\u00f4t\u00e9 gauche de la d\u00e9fense.<\/p>\n<p class=\"mb-4 text-lg md:leading-8 break-words\"><b>La compo probable de l\u2019OM contre Rennes:<\/b> Rulli- Murillo, Balerdi Egan-Riley (ou Kondogbia) Garcia (ou Egan-Riley) \u2013 Hojbjerg, Gomes, Rabiot \u2013 Greenwood, Gouiri, Rowe.<\/p>\n<p class=\"mb-4 text-lg md:leading-8 break-words\"><a href=\"https:\/\/rmcsport.bfmtv.com\/football\/ligue-1\/rennes-om-pourquoi-maupay-n-est-pas-dans-le-groupe-marseillais-pour-la-premiere-journee-de-ligue-1_AV-202508150280.html#xtor=AL-68\" rel=\"nofollow noopener\" target=\"_blank\" data-ylk=\"slk:Article original publi\u00e9 sur RMC Sport;elm:context_link;itc:0;sec:content-canvas\" class=\"link \">Article original publi\u00e9 sur RMC Sport<\/a><\/p>\n","protected":false},"excerpt":{"rendered":"Un premier choix fort de Roberto De Zerbi pour le d\u00e9but de la Ligue 1. En d\u00e9placement ce&hellip;\n","protected":false},"author":2,"featured_media":320748,"comment_status":"","ping_status":"","sticky":false,"template":"","format":"standard","meta":{"footnotes":""},"categories":[2821],"tags":[1111,11,15361,829,1777,674,22691,1011,27,45869,4056,3281,45867,4242,45868,12,93,4029,584,25,968,44160],"class_list":{"0":"post-320747","1":"post","2":"type-post","3":"status-publish","4":"format-standard","5":"has-post-thumbnail","7":"category-rennes","8":"tag-actu","9":"tag-actualites","10":"tag-amine-gouiri","11":"tag-bretagne","12":"tag-eu","13":"tag-europe","14":"tag-facundo-medina","15":"tag-fr","16":"tag-france","17":"tag-geoffrey-kondogbia","18":"tag-lom","19":"tag-la-ligue-1","20":"tag-le-duel","21":"tag-mason-greenwood","22":"tag-neal-maupay","23":"tag-news","24":"tag-psg","25":"tag-rabiot","26":"tag-rennes","27":"tag-republique-francaise","28":"tag-roberto-de-zerbi","29":"tag-timothy-weah"},"share_on_mastodon":{"url":"https:\/\/pubeurope.com\/@fr\/115032643562237311","error":""},"_links":{"self":[{"href":"https:\/\/www.europesays.com\/fr\/wp-json\/wp\/v2\/posts\/320747","targetHints":{"allow":["GET"]}}],"collection":[{"href":"https:\/\/www.europesays.com\/fr\/wp-json\/wp\/v2\/posts"}],"about":[{"href":"https:\/\/www.europesays.com\/fr\/wp-json\/wp\/v2\/types\/post"}],"author":[{"embeddable":true,"href":"https:\/\/www.europesays.com\/fr\/wp-json\/wp\/v2\/users\/2"}],"replies":[{"embeddable":true,"href":"https:\/\/www.europesays.com\/fr\/wp-json\/wp\/v2\/comments?post=320747"}],"version-history":[{"count":0,"href":"https:\/\/www.europesays.com\/fr\/wp-json\/wp\/v2\/posts\/320747\/revisions"}],"wp:featuredmedia":[{"embeddable":true,"href":"https:\/\/www.europesays.com\/fr\/wp-json\/wp\/v2\/media\/320748"}],"wp:attachment":[{"href":"https:\/\/www.europesays.com\/fr\/wp-json\/wp\/v2\/media?parent=320747"}],"wp:term":[{"taxonomy":"category","embeddable":true,"href":"https:\/\/www.europesays.com\/fr\/wp-json\/wp\/v2\/categories?post=320747"},{"taxonomy":"post_tag","embeddable":true,"href":"https:\/\/www.europesays.com\/fr\/wp-json\/wp\/v2\/tags?post=320747"}],"curies":[{"name":"wp","href":"https:\/\/api.w.org\/{rel}","templated":true}]}}