{"id":320785,"date":"2025-08-15T12:18:16","date_gmt":"2025-08-15T12:18:16","guid":{"rendered":"https:\/\/www.europesays.com\/fr\/320785\/"},"modified":"2025-08-15T12:18:16","modified_gmt":"2025-08-15T12:18:16","slug":"la-russie-larmenie-et-lazerbaidjan-discuteront-du-format-de-la-reunion-trilaterale-sur-les-transports","status":"publish","type":"post","link":"https:\/\/www.europesays.com\/fr\/320785\/","title":{"rendered":"La Russie, l&rsquo;Arm\u00e9nie et l&rsquo;Azerba\u00efdjan discuteront du format de la r\u00e9union trilat\u00e9rale sur les transports"},"content":{"rendered":"<p>Le format de la r\u00e9union trilat\u00e9rale sur les transports entre l\u2019Azerba\u00efdjan, la Russie et l\u2019Arm\u00e9nie sera discut\u00e9, a d\u00e9clar\u00e9 le vice-Premier ministre russe Alexe\u00ef Overtchouk aux journalistes.<\/p>\n<p>\u00ab Nous allons en discuter pour le moment. Car s\u2019il s\u2019agit de la restauration des chemins de fer et de l\u2019am\u00e9lioration des liaisons de transport dans la r\u00e9gion, alors il est plus appropri\u00e9 de mener des n\u00e9gociations trilat\u00e9rales \u00bb, a-t-il not\u00e9.<\/p>\n<p>Il convient de noter qu\u2019Alexe\u00ef Overtchouk a abord\u00e9 plusieurs autres sujets dans ses d\u00e9clarations faites aujourd\u2019hui.<\/p>\n<p>Il a indiqu\u00e9 qu\u2019il se rendra en Arm\u00e9nie la semaine prochaine, qu\u2019il m\u00e8nera des <a href=\"https:\/\/fr.apa.az\/politique\/la-semaine-prochaine-la-russie-discutera-avec-lazerbaidjan-de-la-question-du-deblocage-des-transports-dans-le-caucase-du-sud-9305\" rel=\"nofollow noopener\" target=\"_blank\">n\u00e9gociations avec une d\u00e9l\u00e9gation azerba\u00efdjanaise<\/a> en Russie la semaine prochaine, que la visite du Premier ministre arm\u00e9nien Nikol Pachinian en Russie est attendue prochainement, et que la Russie soutient l\u2019Arm\u00e9nie dans la cr\u00e9ation du projet de route \u00ab Tramp \u00bb, rapporte l&rsquo;<a href=\"https:\/\/apa.az\" class=\"hyperlink\" target=\"_blank\" rel=\"nofollow noopener\">APA<\/a>.<\/p>\n","protected":false},"excerpt":{"rendered":"Le format de la r\u00e9union trilat\u00e9rale sur les transports entre l\u2019Azerba\u00efdjan, la Russie et l\u2019Arm\u00e9nie sera discut\u00e9, a&hellip;\n","protected":false},"author":2,"featured_media":320786,"comment_status":"","ping_status":"","sticky":false,"template":"","format":"standard","meta":{"footnotes":""},"categories":[1591],"tags":[45872,11,1887,12,1885,1886,132],"class_list":{"0":"post-320785","1":"post","2":"type-post","3":"status-publish","4":"format-standard","5":"has-post-thumbnail","7":"category-russie","8":"tag-azerbaidjan-armenie-russie","9":"tag-actualites","10":"tag-federation-de-russie","11":"tag-news","12":"tag-russia","13":"tag-russian-federation","14":"tag-russie"},"share_on_mastodon":{"url":"https:\/\/pubeurope.com\/@fr\/115032745791493100","error":""},"_links":{"self":[{"href":"https:\/\/www.europesays.com\/fr\/wp-json\/wp\/v2\/posts\/320785","targetHints":{"allow":["GET"]}}],"collection":[{"href":"https:\/\/www.europesays.com\/fr\/wp-json\/wp\/v2\/posts"}],"about":[{"href":"https:\/\/www.europesays.com\/fr\/wp-json\/wp\/v2\/types\/post"}],"author":[{"embeddable":true,"href":"https:\/\/www.europesays.com\/fr\/wp-json\/wp\/v2\/users\/2"}],"replies":[{"embeddable":true,"href":"https:\/\/www.europesays.com\/fr\/wp-json\/wp\/v2\/comments?post=320785"}],"version-history":[{"count":0,"href":"https:\/\/www.europesays.com\/fr\/wp-json\/wp\/v2\/posts\/320785\/revisions"}],"wp:featuredmedia":[{"embeddable":true,"href":"https:\/\/www.europesays.com\/fr\/wp-json\/wp\/v2\/media\/320786"}],"wp:attachment":[{"href":"https:\/\/www.europesays.com\/fr\/wp-json\/wp\/v2\/media?parent=320785"}],"wp:term":[{"taxonomy":"category","embeddable":true,"href":"https:\/\/www.europesays.com\/fr\/wp-json\/wp\/v2\/categories?post=320785"},{"taxonomy":"post_tag","embeddable":true,"href":"https:\/\/www.europesays.com\/fr\/wp-json\/wp\/v2\/tags?post=320785"}],"curies":[{"name":"wp","href":"https:\/\/api.w.org\/{rel}","templated":true}]}}