{"id":320787,"date":"2025-08-15T12:19:15","date_gmt":"2025-08-15T12:19:15","guid":{"rendered":"https:\/\/www.europesays.com\/fr\/320787\/"},"modified":"2025-08-15T12:19:15","modified_gmt":"2025-08-15T12:19:15","slug":"la-veuve-dalexei-navalny-appelle-vladimir-poutine-a-liberer-les-opposants-emprisonnes","status":"publish","type":"post","link":"https:\/\/www.europesays.com\/fr\/320787\/","title":{"rendered":"la veuve d\u2019Alexe\u00ef Navalny appelle Vladimir Poutine \u00e0 lib\u00e9rer les opposants emprisonn\u00e9s"},"content":{"rendered":"<p>\u00abVous devez prendre une d\u00e9cision irr\u00e9versible, quelque chose qui ne peut pas \u00eatre d\u00e9fait\u00bb pour rendre ce sommet \u00abhistorique\u00bb\u00a0: un nouvel \u00e9change de prisonniers, a-t-elle plaid\u00e9 aupr\u00e8s des deux dirigeants.<\/p>\n<p class=\"fig-paragraph\">La veuve de l&rsquo;<a href=\"http:\/\/www.lefigaro.fr\/international\/ca-fait-du-bien-de-se-revoir-tous-un-an-apres-la-mort-d-alexei-navalny-des-centaines-de-russes-lui-rendent-hommage-20250216\" target=\"_blank\" data-fig-type=\"Article\" rel=\"noopener\" data-gtm-custom-categorie=\"navigation\" data-gtm-custom-action=\"crossclick\" data-gtm-custom-label=\"Contextuel\" data-gtm-event=\"customEventSPE\" data-fig-domain=\"LEFIGARO\">opposant russe Alexe\u00ef Navalny<\/a>,\u00a0<a href=\"http:\/\/www.lefigaro.fr\/international\/ioulia-navalnaia-au-figaro-il-ne-faut-surtout-pas-avoir-peur-de-poutine-20241020\" target=\"_blank\" data-fig-type=\"Article\" rel=\"noopener\" data-gtm-custom-categorie=\"navigation\" data-gtm-custom-action=\"crossclick\" data-gtm-custom-label=\"Contextuel\" data-gtm-event=\"customEventSPE\" data-fig-domain=\"LEFIGARO\">Ioulia Navalna\u00efa<\/a>, a appel\u00e9 vendredi le pr\u00e9sident Vladimir Poutine \u00e0 lib\u00e9rer les opposants \u00e0 la guerre en Ukraine emprisonn\u00e9s en Russie, \u00e0 quelques heures de sa\u00a0<a href=\"http:\/\/www.lefigaro.fr\/international\/vladimir-poutine-espere-convaincre-donald-trump-de-lacher-l-ukraine-20250814\" target=\"_blank\" data-fig-type=\"Article\" rel=\"noopener\" data-gtm-custom-categorie=\"navigation\" data-gtm-custom-action=\"crossclick\" data-gtm-custom-label=\"Contextuel\" data-gtm-event=\"customEventSPE\" data-fig-domain=\"LEFIGARO\">rencontre au sommet avec son homologue am\u00e9ricain Donald Trump<\/a>\u00a0en Alaska.<\/p>\n<p class=\"fig-paragraph\">\u00abLib\u00e9rez les activistes et journalistes russes, les civils ukrainiens, tous ceux qui ont \u00e9t\u00e9 emprisonn\u00e9s pour des propos anti-guerre et des posts sur les r\u00e9seaux sociaux\u00bb, a-t-elle d\u00e9clar\u00e9 , dont le mari est d\u00e9c\u00e9d\u00e9 dans les ge\u00f4les russes en f\u00e9vrier 2024, dans un message vid\u00e9o publi\u00e9 sur sa cha\u00eene Telegram.<\/p>\n<p>                                    <a class=\"fig-a11y-skip a11y-hidden\" href=\"#fig-a11y-skip-main-inarticle\"><br \/>\n        Passer la publicit\u00e9<br \/>\n    <\/a><\/p>\n<p>\u00abVous devez prendre une d\u00e9cision irr\u00e9versible\u00bb<\/p>\n<p class=\"fig-paragraph\">\u00abNous ne savons pas et vous ne savez pas ce qu&rsquo;il va se passer apr\u00e8s vos discussions\u00bb, a-t-elle dit, s&rsquo;adressant directement aux deux dirigeants. \u00abPeut-\u00eatre que les r\u00e9sultats feront une diff\u00e9rence. Peut-\u00eatre qu&rsquo;ils seront oubli\u00e9s dans une semaine\u00bb, a-t-elle poursuivi.<\/p>\n<p class=\"fig-paragraph\">\u00abVous devez prendre une d\u00e9cision irr\u00e9versible, quelque chose qui ne peut pas \u00eatre d\u00e9fait\u00bb pour rendre ce sommet \u00abhistorique\u00bb : un nouvel \u00e9change de prisonniers, a-t-elle plaid\u00e9 aupr\u00e8s des deux dirigeants.<\/p>\n<p class=\"fig-paragraph\">Kiev affirme que des milliers de civils ukrainiens sont d\u00e9tenus en Russie et dans des r\u00e9gions de l&rsquo;Ukraine occup\u00e9es par la Russie depuis son invasion en f\u00e9vrier 2022.<\/p>\n<p class=\"fig-paragraph\">La Russie restreint de mani\u00e8re drastique la libert\u00e9 de la presse et la libert\u00e9 d&rsquo;expression sur internet depuis f\u00e9vrier 2022, et a engag\u00e9 des poursuites judiciaires contre des centaines de personnes ayant exprim\u00e9 leur opposition \u00e0 la guerre en Ukraine.<\/p>\n<p>Exil<\/p>\n<p class=\"fig-paragraph\">\u00abInutile de perdre des ann\u00e9es en va-et-vient diplomatiques\u00bb, a ajout\u00e9 Ioulia Navalna\u00efa, qui vit d\u00e9sormais en exil. \u00abMalheureusement, je sais mieux que quiconque le co\u00fbt de d\u00e9lais\u00bb dans la lib\u00e9ration de prisonniers, a-t-elle poursuivi, demandant aux deux dirigeants d&rsquo;\u00ab\u00e9changer les listes\u00bb de prisonniers pour les lib\u00e9rer.<\/p>\n<p>                                    <a class=\"fig-a11y-skip a11y-hidden\" href=\"#fig-a11y-skip-main-inarticle_mtf\"><br \/>\n        Passer la publicit\u00e9<br \/>\n    <\/a><\/p>\n<p class=\"fig-paragraph\">Son mari Alexe\u00ef Navalny, principal opposant de Poutine, est mort soudainement dans une colonie p\u00e9nitentiaire arctique le 16 f\u00e9vrier 2024. Sa famille et ses partisans affirment qu&rsquo;il a \u00e9t\u00e9 tu\u00e9 sur ordre de Poutine.<\/p>\n","protected":false},"excerpt":{"rendered":"\u00abVous devez prendre une d\u00e9cision irr\u00e9versible, quelque chose qui ne peut pas \u00eatre d\u00e9fait\u00bb pour rendre ce sommet&hellip;\n","protected":false},"author":2,"featured_media":320788,"comment_status":"","ping_status":"","sticky":false,"template":"","format":"standard","meta":{"footnotes":""},"categories":[1590],"tags":[11,9755,1777,674,131,12,132,220],"class_list":{"0":"post-320787","1":"post","2":"type-post","3":"status-publish","4":"format-standard","5":"has-post-thumbnail","7":"category-ukraine","8":"tag-actualites","9":"tag-alexei-navalny","10":"tag-eu","11":"tag-europe","12":"tag-guerre-en-ukraine","13":"tag-news","14":"tag-russie","15":"tag-ukraine"},"share_on_mastodon":{"url":"https:\/\/pubeurope.com\/@fr\/115032749745316409","error":""},"_links":{"self":[{"href":"https:\/\/www.europesays.com\/fr\/wp-json\/wp\/v2\/posts\/320787","targetHints":{"allow":["GET"]}}],"collection":[{"href":"https:\/\/www.europesays.com\/fr\/wp-json\/wp\/v2\/posts"}],"about":[{"href":"https:\/\/www.europesays.com\/fr\/wp-json\/wp\/v2\/types\/post"}],"author":[{"embeddable":true,"href":"https:\/\/www.europesays.com\/fr\/wp-json\/wp\/v2\/users\/2"}],"replies":[{"embeddable":true,"href":"https:\/\/www.europesays.com\/fr\/wp-json\/wp\/v2\/comments?post=320787"}],"version-history":[{"count":0,"href":"https:\/\/www.europesays.com\/fr\/wp-json\/wp\/v2\/posts\/320787\/revisions"}],"wp:featuredmedia":[{"embeddable":true,"href":"https:\/\/www.europesays.com\/fr\/wp-json\/wp\/v2\/media\/320788"}],"wp:attachment":[{"href":"https:\/\/www.europesays.com\/fr\/wp-json\/wp\/v2\/media?parent=320787"}],"wp:term":[{"taxonomy":"category","embeddable":true,"href":"https:\/\/www.europesays.com\/fr\/wp-json\/wp\/v2\/categories?post=320787"},{"taxonomy":"post_tag","embeddable":true,"href":"https:\/\/www.europesays.com\/fr\/wp-json\/wp\/v2\/tags?post=320787"}],"curies":[{"name":"wp","href":"https:\/\/api.w.org\/{rel}","templated":true}]}}