{"id":320791,"date":"2025-08-15T12:21:11","date_gmt":"2025-08-15T12:21:11","guid":{"rendered":"https:\/\/www.europesays.com\/fr\/320791\/"},"modified":"2025-08-15T12:21:11","modified_gmt":"2025-08-15T12:21:11","slug":"royaume-uni-la-princesse-anne-fete-ses-75-ans-et-ne-leve-pas-le-pied","status":"publish","type":"post","link":"https:\/\/www.europesays.com\/fr\/320791\/","title":{"rendered":"Royaume-Uni: La princesse Anne f\u00eate ses 75 ans et ne l\u00e8ve pas le pied"},"content":{"rendered":"<p>Publi\u00e915. ao\u00fbt 2025, 12:27<\/p>\n<p>Royaume-Uni: La princesse Anne f\u00eate ses 75 ans et ne l\u00e8ve pas le pied<\/p>\n<p>La s\u0153ur du roi a rempli 474 engagements en 2024 et continue \u00e0 \u0153uvrer sans rel\u00e2che, ce qui la rend tr\u00e8s populaire.<\/p>\n<p><img loading=\"lazy\" decoding=\"async\" src=\"https:\/\/www.europesays.com\/fr\/wp-content\/uploads\/2025\/08\/26ac0e00-77aa-4775-a206-e2a46d61ed0d.jpg\" alt=\"L' effigie de la princesse Anne sera frapp\u00e9e par la Royal Mint sur des pi\u00e8ces de monnaie comm\u00e9moratives en argent et en or. Un honneur jusqu\u2019ici r\u00e9serv\u00e9 au seul souverain britannique.\" title=\"L' effigie de la princesse Anne sera frapp\u00e9e par la Royal Mint sur des pi\u00e8ces de monnaie comm\u00e9moratives en argent et en or. Un honneur jusqu\u2019ici r\u00e9serv\u00e9 au seul souverain britannique.\"  width=\"1200\" height=\"800\"\/><\/p>\n<p>L&rsquo; effigie de la princesse Anne sera frapp\u00e9e par la Royal Mint sur des pi\u00e8ces de monnaie comm\u00e9moratives en argent et en or. Un honneur jusqu\u2019ici r\u00e9serv\u00e9 au seul souverain britannique.<\/p>\n<p>AFP<\/p>\n<p>La princesse Anne, s\u0153ur de Charles III, membre la plus active et parmi les plus populaires de la famille royale britannique, souffle vendredi 75 bougies sans montrer la moindre envie de ralentir le rythme.<\/p>\n<p>Signe de l\u2019importance que rev\u00eat cet anniversaire pour la famille royale, son effigie sera frapp\u00e9e par la Royal Mint sur des pi\u00e8ces de monnaie comm\u00e9moratives en argent et en or. Un honneur jusqu\u2019ici r\u00e9serv\u00e9 au seul souverain britannique.<\/p>\n<p>La princesse devrait passer la journ\u00e9e avec son mari, le vice-amiral Tim Laurence, sur leur voilier, au large des H\u00e9brides ext\u00e9rieures (nord-ouest de l\u2019\u00c9cosse), selon la presse. Elle a cependant d\u00e9j\u00e0 marqu\u00e9 publiquement l\u2019\u00e9v\u00e9nement, recevant en juin \u00e0 Buckingham Palace les repr\u00e9sentants de plus de 100 associations caritatives qu\u2019elle soutient.<\/p>\n<p>Les m\u00e9dias britanniques ont lou\u00e9 ces derniers jours une princesse \u00abtravailleuse\u00bb qui a consacr\u00e9 sa vie \u00e0 \u00abservir\u00bb. En 2024, elle est rest\u00e9e la membre la plus active de \u00abla firme\u00bb (le surnom de la famille royale), avec 474 engagements recens\u00e9s par le \u00abCourt Circular\u00bb, le bulletin qui d\u00e9taille les engagements de chaque membre de la famille.<\/p>\n<p>La troisi\u00e8me plus populaire<\/p>\n<p>Anne est aussi l\u2019une des plus populaires, juste derri\u00e8re William et Kate, selon un sondage YouGov publi\u00e9 d\u00e9but ao\u00fbt.<\/p>\n<p>N\u00e9e le 15 ao\u00fbt 1950 \u00e0 Clarence House \u00e0 Londres, Anne n\u2019a que 18 mois lorsque sa m\u00e8re Elizabeth acc\u00e8de au tr\u00f4ne. Elle honore ses premiers engagements publics \u00e0 18 ans et effectue sa premi\u00e8re visite d\u2019\u00c9tat en mai 1969, en accompagnant ses parents en Autriche.<\/p>\n<p>Cavali\u00e8re accomplie, elle devient en 1976 la premi\u00e8re membre de la famille royale britannique \u00e0 participer aux Jeux olympiques, en \u00e9quitation.<\/p>\n<p>Le mantra de sa m\u00e8re, \u00abnever complain, never explain\u00bb (ne jamais se plaindre, ne jamais expliquer), est devenu au fil du temps le sien.<\/p>\n<p>\u00c0\u00ab \u00bbl\u2019\u00e9t\u00e9 2024, elle est hospitalis\u00e9e cinq jours apr\u00e8s un choc \u00e0 la t\u00eate et une concussion apr\u00e8s avoir \u00e9t\u00e9 heurt\u00e9e par un cheval. Quinze jours apr\u00e8s sa sortie de l\u2019h\u00f4pital, elle reprend ses engagements.<\/p>\n<p>La m\u00eame ann\u00e9e, elle remplace son fr\u00e8re Charles \u00e0 de nombreuses reprises, apr\u00e8s l\u2019annonce du cancer du roi, dont la nature n\u2019a jamais \u00e9t\u00e9 r\u00e9v\u00e9l\u00e9e.<\/p>\n<p>Une retraite envisag\u00e9e \u00e0 90 ans<\/p>\n<p>La retraite ? \u00abCe n\u2019est pas vraiment une option\u00bb avait-elle d\u00e9clar\u00e9 dans un entretien avec la BBC en d\u00e9but d\u2019ann\u00e9e.<\/p>\n<p>Selon le journal \u00abThe Times\u00bb, citant une source proche de la princesse, elle entend continuer \u00e0 travailler jusqu\u2019\u00e0 l\u2019\u00e2ge de 80 ans, puis commencer \u00e0 lever le pied&#8230; avant de prendre sa retraite d\u00e9finitive \u00e0 90 ans.<\/p>\n<p>Si elle reste connue pour son style sobre et son refus des frivolit\u00e9s, elle a \u00e9t\u00e9 le premier membre de la famille royale \u00e0 faire la Une du magazine \u00abVogue\u00bb en 1971. Et contrairement \u00e0 son fr\u00e8re Andrew ou \u00e0 son ex-belle-s\u0153ur, la d\u00e9funte princesse Diana, elle n\u2019a fait la Une des tablo\u00efds qu\u2019\u00e0 deux reprises. En mars 1974, quand elle a \u00e9t\u00e9 victime d\u2019une tentative d\u2019enl\u00e8vement. Son agresseur est alors d\u00e9clar\u00e9 mentalement d\u00e9faillant. Puis en 1992, au moment de son divorce avec son premier \u00e9poux, Mark Phillips, avec qui elle a eu ses deux enfants, Peter et Zara.<\/p>\n<p>Elle a fait le choix de ne pas leur accorder de titre, souhaitant leur offrir une vie aussi normale que possible. Elle a cinq petits-enfants.<\/p>\n<p>(afp)<\/p>\n","protected":false},"excerpt":{"rendered":"Publi\u00e915. ao\u00fbt 2025, 12:27 Royaume-Uni: La princesse Anne f\u00eate ses 75 ans et ne l\u00e8ve pas le pied&hellip;\n","protected":false},"author":2,"featured_media":320792,"comment_status":"","ping_status":"","sticky":false,"template":"","format":"standard","meta":{"footnotes":""},"categories":[1588],"tags":[11,1777,674,12,473,1853,1851,1850,1852],"class_list":{"0":"post-320791","1":"post","2":"type-post","3":"status-publish","4":"format-standard","5":"has-post-thumbnail","7":"category-royaume-uni","8":"tag-actualites","9":"tag-eu","10":"tag-europe","11":"tag-news","12":"tag-royaume-uni","13":"tag-royaume-uni-de-grande-bretagne-et-dirlande-du-nord","14":"tag-uk","15":"tag-united-kingdom","16":"tag-united-kingdom-of-great-britain-and-northern-ireland"},"share_on_mastodon":{"url":"https:\/\/pubeurope.com\/@fr\/115032757874301762","error":""},"_links":{"self":[{"href":"https:\/\/www.europesays.com\/fr\/wp-json\/wp\/v2\/posts\/320791","targetHints":{"allow":["GET"]}}],"collection":[{"href":"https:\/\/www.europesays.com\/fr\/wp-json\/wp\/v2\/posts"}],"about":[{"href":"https:\/\/www.europesays.com\/fr\/wp-json\/wp\/v2\/types\/post"}],"author":[{"embeddable":true,"href":"https:\/\/www.europesays.com\/fr\/wp-json\/wp\/v2\/users\/2"}],"replies":[{"embeddable":true,"href":"https:\/\/www.europesays.com\/fr\/wp-json\/wp\/v2\/comments?post=320791"}],"version-history":[{"count":0,"href":"https:\/\/www.europesays.com\/fr\/wp-json\/wp\/v2\/posts\/320791\/revisions"}],"wp:featuredmedia":[{"embeddable":true,"href":"https:\/\/www.europesays.com\/fr\/wp-json\/wp\/v2\/media\/320792"}],"wp:attachment":[{"href":"https:\/\/www.europesays.com\/fr\/wp-json\/wp\/v2\/media?parent=320791"}],"wp:term":[{"taxonomy":"category","embeddable":true,"href":"https:\/\/www.europesays.com\/fr\/wp-json\/wp\/v2\/categories?post=320791"},{"taxonomy":"post_tag","embeddable":true,"href":"https:\/\/www.europesays.com\/fr\/wp-json\/wp\/v2\/tags?post=320791"}],"curies":[{"name":"wp","href":"https:\/\/api.w.org\/{rel}","templated":true}]}}