{"id":320793,"date":"2025-08-15T12:22:13","date_gmt":"2025-08-15T12:22:13","guid":{"rendered":"https:\/\/www.europesays.com\/fr\/320793\/"},"modified":"2025-08-15T12:22:13","modified_gmt":"2025-08-15T12:22:13","slug":"coupe-dallemagne-dfb-pokal-le-programme-du-1er-tour","status":"publish","type":"post","link":"https:\/\/www.europesays.com\/fr\/320793\/","title":{"rendered":"Coupe d&rsquo;Allemagne &#8211; DFB-Pokal : Le programme du 1er tour"},"content":{"rendered":"<p><strong>Allemagne Foot : La Coupe d\u2019Allemagne (DFB-Pokal) 2025\/2026 d\u00e9marre ce vendredi 15 ao\u00fbt 2025 avec le premier tour qui s\u2019\u00e9tend du 15 au 18 ao\u00fbt, avec deux matchs report\u00e9s fin ao\u00fbt.<\/strong><\/p>\n<p>La Coupe d\u2019Allemagne s\u2019ouvre ce vendredi avec de ses premi\u00e8res affiches. Elles opposent Arminia Bielefeld au Werder Br\u00eame \u00e0 qui est le choc de cette premi\u00e8re soir\u00e9e. Ensuite, le Bayer Leverkusen aura plus facile avec SG Sonnenhof Gro\u00dfaspach et le FC Saarbr\u00fccken joue 1 et le FC G\u00fctersloh va d\u00e9fier l\u2019Union Berlin. Le Borussia Dortmund d\u00e9butera sa campagne en Coupe d\u2019Allemagne contre Rot-Wei\u00df Essen une \u00e9quipe \u00e9voluant en 3. Liga le lundi 18 ao\u00fbt 2025.<\/p>\n<p>De son c\u00f4t\u00e9, Eintracht Francfort affrontera FV Engers 07, une \u00e9quipe de la Regionalliga, le dimanche 17 ao\u00fbt 2025. Le Bayern Munich, tenant du titre, d\u00e9butera son parcours le 27 ao\u00fbt face \u00e0 SV Wehen Wiesbaden, tandis que le VfB Stuttgart, champion en titre, affrontera Eintracht Braunschweig le 26 ao\u00fbt. Ces deux rencontres sont d\u00e9cal\u00e9es en raison de leur engagement en Supercoupe d\u2019Allemagne.<\/p>\n<p>Affiches du premier tour de la DFB-Pokal 2025\/2026 :<\/p>\n<p>Vendredi 15 ao\u00fbt 2025<\/p>\n<p>Arminia Bielefeld \u2013 Werder Br\u00eame<\/p>\n<p>SG Sonnenhof Gro\u00dfaspach \u2013 Bayer Leverkusen<\/p>\n<p>FC Saarbr\u00fccken \u2013 1. FC Magdebourg<\/p>\n<p>FC G\u00fctersloh \u2013 Union Berlin<\/p>\n<p>Samedi 16 ao\u00fbt 2025<\/p>\n<p>FK Pirmasens \u2013 Hambourg SV<\/p>\n<p>BFC Dynamo \u2013 VfL Bochum<\/p>\n<p>Hansa Rostock \u2013 TSG Hoffenheim<\/p>\n<p>SV Hemelingen \u2013 VfL Wolfsburg<\/p>\n<p>FV Illertissen \u2013 1. FC Nuremberg<\/p>\n<p>SV Sandhausen \u2013 RB Leipzig<\/p>\n<p>Eintracht Norderstedt \u2013 FC St. Pauli<\/p>\n<p>Energie Cottbus \u2013 Hanovre 96<\/p>\n<p>VfB L\u00fcbeck \u2013 SV Darmstadt 98<\/p>\n<p>Sportfreunde Lotte \u2013 SC Fribourg<\/p>\n<p>Dimanche 17 ao\u00fbt 2025<\/p>\n<p>FV Engers 07 \u2013 Eintracht Francfort<\/p>\n<p>FC Viktoria K\u00f6ln \u2013 SC Paderborn 07<\/p>\n<p>SV Atlas Delmenhorst \u2013 Borussia M\u00f6nchengladbach<\/p>\n<p>ZFC Meuselwitz \u2013 Karlsruher SC<\/p>\n<p>FC Kaiserslautern \u2013 Eintracht Stahnsdorf<\/p>\n<p>RSV Eintracht 1949 \u2013 1. FC Kaiserslautern<\/p>\n<p>BW Lohne \u2013 Greuther F\u00fcrth<\/p>\n<p>Lok Leipzig \u2013 Schalke 04<\/p>\n<p>SSV Jahn Ratisbonne \u2013 1. FC Cologne<\/p>\n<p>SSV Ulm 1846 \u2013 SV Elversberg<\/p>\n<p>FC Homburg \u2013 Holstein Kiel<\/p>\n<p>Lundi 18 ao\u00fbt 2025<\/p>\n<p>FC Schweinfurt 05 \u2013 Fortuna D\u00fcsseldorf<\/p>\n<p>Preu\u00dfen M\u00fcnster \u2013 Hertha BSC<\/p>\n<p>Rot-Wei\u00df Essen \u2013 Borussia Dortmund<\/p>\n<p>Mardi 26 ao\u00fbt 2025<\/p>\n<p>Eintracht Braunschweig \u2013 VfB Stuttgart<\/p>\n<p>Mercredi 27 ao\u00fbt 2025<\/p>\n<p>SV Wehen Wiesbaden \u2013 Bayern Munich<\/p>\n<p><\/p>\n","protected":false},"excerpt":{"rendered":"Allemagne Foot : La Coupe d\u2019Allemagne (DFB-Pokal) 2025\/2026 d\u00e9marre ce vendredi 15 ao\u00fbt 2025 avec le premier tour&hellip;\n","protected":false},"author":2,"featured_media":320794,"comment_status":"","ping_status":"","sticky":false,"template":"","format":"standard","meta":{"footnotes":""},"categories":[1587],"tags":[11,672,1804,1805,1803,1777,674,1801,12,1802],"class_list":{"0":"post-320793","1":"post","2":"type-post","3":"status-publish","4":"format-standard","5":"has-post-thumbnail","7":"category-allemagne","8":"tag-actualites","9":"tag-allemagne","10":"tag-bundesrepublik-deutschland","11":"tag-de","12":"tag-deutschland","13":"tag-eu","14":"tag-europe","15":"tag-germany","16":"tag-news","17":"tag-republique-federale-dallemagne"},"share_on_mastodon":{"url":"https:\/\/pubeurope.com\/@fr\/115032761672444234","error":""},"_links":{"self":[{"href":"https:\/\/www.europesays.com\/fr\/wp-json\/wp\/v2\/posts\/320793","targetHints":{"allow":["GET"]}}],"collection":[{"href":"https:\/\/www.europesays.com\/fr\/wp-json\/wp\/v2\/posts"}],"about":[{"href":"https:\/\/www.europesays.com\/fr\/wp-json\/wp\/v2\/types\/post"}],"author":[{"embeddable":true,"href":"https:\/\/www.europesays.com\/fr\/wp-json\/wp\/v2\/users\/2"}],"replies":[{"embeddable":true,"href":"https:\/\/www.europesays.com\/fr\/wp-json\/wp\/v2\/comments?post=320793"}],"version-history":[{"count":0,"href":"https:\/\/www.europesays.com\/fr\/wp-json\/wp\/v2\/posts\/320793\/revisions"}],"wp:featuredmedia":[{"embeddable":true,"href":"https:\/\/www.europesays.com\/fr\/wp-json\/wp\/v2\/media\/320794"}],"wp:attachment":[{"href":"https:\/\/www.europesays.com\/fr\/wp-json\/wp\/v2\/media?parent=320793"}],"wp:term":[{"taxonomy":"category","embeddable":true,"href":"https:\/\/www.europesays.com\/fr\/wp-json\/wp\/v2\/categories?post=320793"},{"taxonomy":"post_tag","embeddable":true,"href":"https:\/\/www.europesays.com\/fr\/wp-json\/wp\/v2\/tags?post=320793"}],"curies":[{"name":"wp","href":"https:\/\/api.w.org\/{rel}","templated":true}]}}