{"id":320805,"date":"2025-08-15T12:30:18","date_gmt":"2025-08-15T12:30:18","guid":{"rendered":"https:\/\/www.europesays.com\/fr\/320805\/"},"modified":"2025-08-15T12:30:18","modified_gmt":"2025-08-15T12:30:18","slug":"rugby-tests-internationaux-avec-la-selection-du-tonga-leva-fifita-et-sonatane-takulua-battent-la-province-des-queensland-reds-en-preparation-de-la-pacific-cup","status":"publish","type":"post","link":"https:\/\/www.europesays.com\/fr\/320805\/","title":{"rendered":"Rugby \u2013 Tests internationaux\u00a0: avec la s\u00e9lection du Tonga, Leva Fifita et Sonatane Takulua battent la province des Queensland Reds en pr\u00e9paration de la Pacific Cup"},"content":{"rendered":"<p>\n                                                                Titulaires sous le maillot de l\u2019\u00eele du Tonga, respectivement en deuxi\u00e8me ligne et \u00e0 la m\u00eal\u00e9e, le Narbonnais Leva Fifita et le Carcassonnais Sonatane Takulua ont battu les Queensland Reds (38-19), dans la nuit de ce jeudi \u00e0 ce vendredi, dans la capitale tongienne Nuku\u2019alofa, en pr\u00e9paration de la Pacific Cup.\n                            <\/p>\n<p>Samedi prochain, le 23\u00a0ao\u00fbt, la Pacific Cup d\u00e9marrera entre le Canada, les \u00c9tats-Unis, le\u00a0Tonga, les Samoa, les Fidji et\u00a0le Japon. Deux poules de trois \u00e9quipes puis des demi-finales et une grande finale. Dans cette comp\u00e9tition, deux joueurs \u00e9voluant sous les maillots du Racing Club Narbonnais et de l\u2019US Carcassonne ont \u00e9t\u00e9 s\u00e9lectionn\u00e9s pour porter la tunique tongienne. Le deuxi\u00e8me ligne du RCN Leva Fifita et le demi de m\u00eal\u00e9e de l\u2019USC Sonatane Takulua vont donc manquer le d\u00e9but de saison de leur \u00e9quipe. Au moins jusqu\u2019au milieu du mois de septembre.<\/p>\n<p>Partis en s\u00e9lections depuis la fin du mois de juin, les deux Tongiens ont particip\u00e9 au premier match de pr\u00e9paration la nuit derni\u00e8re, dans la capitaine tongienne Nuku\u2019alofa, au stade Teufaiva. Confront\u00e9s \u00e0 la province australienne des Queensland Reds, les hommes du Pacifique se sont largement impos\u00e9s 38 \u00e0 19 en inscrivant six essais. Aucun des deux Audois n\u2019a \u00e9t\u00e9 \u00e0 la conclusion de ces banderilles, en revanche, ils ont \u00e9t\u00e9 des artisans \u00e0 cette victoire.<\/p>\n<p>Leva Fifita et Sonatane Takulua ont \u00e9t\u00e9 s\u00e9lectionn\u00e9s au sein d\u2019un effectif o\u00f9 d\u2019autres joueurs \u00e9voluant en France figurent, comme\u00a0le pilier gauche de Suresnes Siedfried Fisi\u2019ihoi, le pilier droit bordelais Ben Tameifuna, le deuxi\u00e8me ligne de Rouen Kelemete Finau, le troisi\u00e8me aile parisien\u00a0Tanginoa Halaifonua, le n\u00e9o-Niortais Fotu Lokotui.<\/p>\n<p>Avec leur s\u00e9lection, les deux Audois sont maintenant concentr\u00e9s sur le d\u00e9but de la comp\u00e9tition, samedi 23\u00a0ao\u00fbt face au Samoa. Avant d\u2019affronter, les Fidji une semaine plus tard. La s\u00e9lection du Tonga va devoir accrocher l\u2019une des deux premi\u00e8res places pour poursuivre l\u2019aventure.<\/p>\n","protected":false},"excerpt":{"rendered":"Titulaires sous le maillot de l\u2019\u00eele du Tonga, respectivement en deuxi\u00e8me ligne et \u00e0 la m\u00eal\u00e9e, le Narbonnais&hellip;\n","protected":false},"author":2,"featured_media":320806,"comment_status":"","ping_status":"","sticky":false,"template":"","format":"standard","meta":{"footnotes":""},"categories":[1416],"tags":[1011,27,479,1468,60],"class_list":{"0":"post-320805","1":"post","2":"type-post","3":"status-publish","4":"format-standard","5":"has-post-thumbnail","7":"category-rugby","8":"tag-fr","9":"tag-france","10":"tag-rugby","11":"tag-rugby-football","12":"tag-sports"},"share_on_mastodon":{"url":"https:\/\/pubeurope.com\/@fr\/115032793006757817","error":""},"_links":{"self":[{"href":"https:\/\/www.europesays.com\/fr\/wp-json\/wp\/v2\/posts\/320805","targetHints":{"allow":["GET"]}}],"collection":[{"href":"https:\/\/www.europesays.com\/fr\/wp-json\/wp\/v2\/posts"}],"about":[{"href":"https:\/\/www.europesays.com\/fr\/wp-json\/wp\/v2\/types\/post"}],"author":[{"embeddable":true,"href":"https:\/\/www.europesays.com\/fr\/wp-json\/wp\/v2\/users\/2"}],"replies":[{"embeddable":true,"href":"https:\/\/www.europesays.com\/fr\/wp-json\/wp\/v2\/comments?post=320805"}],"version-history":[{"count":0,"href":"https:\/\/www.europesays.com\/fr\/wp-json\/wp\/v2\/posts\/320805\/revisions"}],"wp:featuredmedia":[{"embeddable":true,"href":"https:\/\/www.europesays.com\/fr\/wp-json\/wp\/v2\/media\/320806"}],"wp:attachment":[{"href":"https:\/\/www.europesays.com\/fr\/wp-json\/wp\/v2\/media?parent=320805"}],"wp:term":[{"taxonomy":"category","embeddable":true,"href":"https:\/\/www.europesays.com\/fr\/wp-json\/wp\/v2\/categories?post=320805"},{"taxonomy":"post_tag","embeddable":true,"href":"https:\/\/www.europesays.com\/fr\/wp-json\/wp\/v2\/tags?post=320805"}],"curies":[{"name":"wp","href":"https:\/\/api.w.org\/{rel}","templated":true}]}}