{"id":320816,"date":"2025-08-15T12:38:14","date_gmt":"2025-08-15T12:38:14","guid":{"rendered":"https:\/\/www.europesays.com\/fr\/320816\/"},"modified":"2025-08-15T12:38:14","modified_gmt":"2025-08-15T12:38:14","slug":"a-36-ans-ce-photographe-amateur-de-marmande-capture-linstant-present","status":"publish","type":"post","link":"https:\/\/www.europesays.com\/fr\/320816\/","title":{"rendered":"\u00c0 36 ans, ce photographe amateur de Marmande capture l\u2019instant pr\u00e9sent"},"content":{"rendered":"<p>            Par<br \/>\n        <strong><br \/>\n            <a href=\"https:\/\/actu.fr\/auteur\/thomas-bernier\" title=\"Consulter tous les articles de Thomas Bernier\" target=\"_blank\" rel=\"noopener\">Thomas Bernier<\/a><br \/>\n        <\/strong><\/p>\n<p>        Publi\u00e9 le<\/p>\n<p>            14 ao\u00fbt 2025 \u00e0 17h38        <\/p>\n<p>Il lui arrive de se poser, de photographier autour d\u2019un skate-park, de capturer le paysage ou de prendre un clich\u00e9 \u00e0 la vol\u00e9e. \u00c0 l\u2019instant pr\u00e9sent \u00ab\u2009et \u00e0 l\u2019instinct\u2009\u00bb, comme il le r\u00e9p\u00e8te d\u00e8s le d\u00e9but de l\u2019\u00e9change, ponctu\u00e9 de silences.<\/p>\n<p class=\" wall-content\">Ga\u00ebtan Chiron, 36\u00a0ans, <a href=\"https:\/\/www.citescolairedemarmande.fr\/\" target=\"_blank\" rel=\"noopener\">est assistant d\u2019\u00e9ducation au lyc\u00e9e Val de Garonne<\/a> \u00e0 Marmande en Lot-et-Garonne, mais aussi skateur et photographe \u00e0 ses heures perdues.<\/p>\n<p>Une passion enfouie\u2009?<\/p>\n<p class=\" wall-content\"><a href=\"https:\/\/actu.fr\/le-republicain-lot-et-garonne\/\" target=\"_blank\" rel=\"noopener\">Ce Marmandais pur souche<\/a> ne se pr\u00e9destinait pourtant pas \u00e0 la photo il y a encore quelques ann\u00e9es. \u00ab\u2009Avec le skateboard, on faisait pas mal de vid\u00e9os avec les amis. On avait notamment investi dans du mat\u00e9riel pour tourner, rembobine-t-il. Dans le skate, la photo et la vid\u00e9o sont tr\u00e8s pr\u00e9sentes. Un jour, je me suis dit\u2009: \u2018Pourquoi ne pas acheter un appareil photo\u2009?\u2019 C\u2019\u00e9tait en 2016.\u2009\u00bb<\/p>\n<p class=\" wall-content\">Depuis, Ga\u00ebtan Chiron n\u2019a jamais d\u00e9branch\u00e9. Il a appris sur le tas de A \u00e0 Z <b>en parcourant les tutoriels sur internet, YouTube et en investissant dans du mat\u00e9riel<\/b>. \u00ab\u2009J\u2019ai toujours aim\u00e9 la photographie. Plus jeune, j\u2019avais r\u00e9guli\u00e8rement un appareil photo jetable entre les mains. Mon p\u00e8re et mon grand-p\u00e8re faisaient tr\u00e8s souvent des photos pendant nos vacances.\u2009\u00bb<\/p>\n<blockquote class=\"ac-article-quote wall-content\">\n<p>\u00ab\u2009J\u2019essaie d\u2019avoir un style et un regard qui m\u2019est propre au sujet de la photographie.\u2009\u00bb<\/p>\n<p>Ga\u00ebtan Chiron, photographe et skateur<\/p><\/blockquote>\n<p class=\" wall-content\">Ouvert \u00e0 tout, le photographe amateur ne s\u2019interdit rien. Il aime photographier les skateurs en action, les paysages du Marmandais et des photos d\u2019\u00e9v\u00e9nements culturels <b>comme Garorock, Urbance ou le Festival du Journalisme \u00e0 Couthures-sur-Garonne<\/b> gr\u00e2ce \u00e0 diff\u00e9rentes collaborations avec CFM Radio, Lullaby Radio et ARD Radio.<\/p>\n<p class=\" wall-content\">Tout cela en apprenant \u00e0 chaque fois. \u00ab\u2009J\u2019essaie d\u2019avoir un style et un regard qui m\u2019est propre au sujet de la photographie. C\u2019est plus simple \u00e0 dire qu\u2019\u00e0 faire car lorsqu\u2019on commence et qu\u2019on est autodidacte, on est beaucoup \u00e0 regarder ce que font les autres et copier. Au fur et \u00e0 mesure, avec l\u2019exp\u00e9rience, j\u2019ai commenc\u00e9 \u00e0 vraiment avoir ma patte. Il faut savoir s\u2019affranchir des r\u00e8gles et des conseils\u2009\u00bb, assure-t-il.<\/p>\n<p>Une exposition en cours en Gironde<\/p>\n<p class=\" wall-content\">Un travail de longue haleine qui a permis \u00e0 l\u2019un des co-fondateurs <a href=\"https:\/\/www.facebook.com\/rouetine\/?locale=fr_FR\" target=\"_blank\" rel=\"noopener\">de l\u2019association \u00ab\u2009Roue\u2019Tine\u2009\u00bb \u00e0 Marmande<\/a> d\u2019exposer par le pass\u00e9, et en ce moment \u00e0 la boutique<a href=\"https:\/\/www.guide-bordeaux-gironde.com\/fr\/agenda\/expositions\/sauveterre-de-guyenne-491\/exposition-photo-de-gaetan-chiron-138126.html\" target=\"_blank\" rel=\"noopener\"> Les Arts\u2019typiques \u00e0 Sauveterre-de-Guyenne (Gironde)<\/a>. \u00ab\u2009J\u2019ai d\u00e9j\u00e0 expos\u00e9 pour Urbance dans le pass\u00e9 avec des photos qui avaient \u00e9t\u00e9 prises durant le festival. Nous \u00e9tions quelques photographes \u00e0 exposer, dont Boris Le Turnier et Alexandre Bardou, des amis. En ce moment, j\u2019expose \u00e0 Sauveterre-de-Guyenne. <b>L\u2019exposition a commenc\u00e9 en juillet. Elle se poursuit jusqu\u2019au 30\u00a0septembre avec un vernissage le 5\u00a0septembre \u00e0 18\u2009h\u200930<\/b>.\u2009\u00bb<\/p>\n<p class=\" wall-content\">L\u00e0-bas, il y montre des paysages avec des ponts comme fil conducteur sur certaines photos. \u00ab\u2009Je n\u2019ai pas forc\u00e9ment fait de portraits car je ne voulais pas personnifier une photo. Je voulais rester le plus neutre possible et que chacun ait la possibilit\u00e9 s\u2019approprier mon travail\u2009\u00bb, d\u00e9taille Ga\u00ebtan Chiron.<\/p>\n<blockquote class=\"ac-article-quote wall-content\">\n<p>\u00ab\u2009Je pr\u00e9f\u00e8re sortir mes photos, les imprimer et les exposer, plut\u00f4t que de les mettre syst\u00e9matiquement sur les r\u00e9seaux sociaux.\u2009\u00bb<\/p>\n<p>Ga\u00ebtan Chiron<\/p><\/blockquote>\n<p class=\" wall-content\">En plus de son exposition, le Marmandais de 36\u00a0ans d\u00e9voile quelques-uns de ses clich\u00e9s <a href=\"https:\/\/www.facebook.com\/profile.php?id=100094227876262\" target=\"_blank\" rel=\"noopener\">sur sa page Facebook \u00ab\u2009Ga\u00ebtan Chiron \u2013 Photographe \u2013 aufildutemps.photos\u2009\u00bb<\/a>, bien qu\u2019il ne soit pas un grand passionn\u00e9 des r\u00e9seaux sociaux. \u00ab\u2009Pendant un temps, j\u2019utilisais Instagram. Mais j\u2019ai arr\u00eat\u00e9 car \u00e7a prenait du temps et les retours \u00e9taient moindres. L\u2019application mettait davantage en avant les vid\u00e9os et les r\u00e9els, soupire-t-il. Je me suis rabattu sur Facebook car je suivais les pages des amis photographes.\u00a0Mais mon but, notamment pour les photos plus personnelles et les paysages, ce n\u2019est pas forc\u00e9ment de les mettre sur la toile. Je pr\u00e9f\u00e8re les sortir, les imprimer et les exposer. De les voir en vrai. Sur Facebook, je partage mes collaborations\u2009\u00bb, d\u00e9veloppe celui qui partage aussi ses photos <a href=\"https:\/\/www.flickr.com\/photos\/156295081@N05\/\" target=\"_blank\" rel=\"noopener\">sur le site Flickr<\/a>.<\/p>\n<p>L\u2019astrophotographie comme prochain objectif<\/p>\n<p class=\" wall-content\">Prochainement, il aimerait se lancer <b>dans l\u2019astrophotographie, une discipline de l\u2019astronomie et de la photographie qui consiste \u00e0 photographier des objets c\u00e9lestes\u2009<\/b>: \u00ab\u2009Il me faut plus de temps et du mat\u00e9riel plus pouss\u00e9, explique-t-il, tout en ajoutant\u2009: Ensuite, j\u2019aimerais r\u00e9aliser deux s\u00e9ries travaill\u00e9es sur les concerts et le skateboard. Pourquoi ne pas faire une collaboration avec des amis photographes\u2026 Il y aura forc\u00e9ment un projet.\u2009\u00bb<\/p>\n<p class=\" wall-content\">D\u2019ici l\u00e0, Ga\u00ebtan Chiron aura \u00e9norm\u00e9ment mitraill\u00e9 au gr\u00e9 de ses envies et d\u00e9couvertes.<\/p>\n<p>Exposition de Ga\u00ebtan Chiron \u00e0 la boutique \u00ab\u2009Les Arts\u2019typiques\u2009\u00bb \u00e0 Sauveterre-de-Guyenne (Gironde). Du 2\u00a0juillet au 30\u00a0septembre 2025. Elle met en lumi\u00e8re des sc\u00e8nes o\u00f9 la nature et les vestiges humains se rencontrent. Vernissage le 5\u00a0septembre \u00e0 partir de 18\u2009h\u200930. Page Facebook\u2009: Ga\u00ebtan Chiron \u2013 Photographe \u2013 aufildutemps.photos.<\/p>\n<p class=\" wall-content\">Suivez toute l\u2019actualit\u00e9 de vos villes et m\u00e9dias favoris en vous inscrivant \u00e0 <a href=\"https:\/\/moncompte.actu.fr\" title=\"D\u00e9couvez Mon Actu\" rel=\"nofollow noopener\" data-trk=\"{&quot;cta&quot;:{&quot;action&quot;:&quot;https:\\\/\\\/moncompte.actu.fr&quot;,&quot;category&quot;:&quot;mon compte&quot;,&quot;from&quot;:&quot;article footer&quot;,&quot;name&quot;:&quot;Mon actu&quot;,&quot;type&quot;:&quot;cta&quot;}}\" target=\"_blank\">Mon Actu<\/a>.<\/p>\n<ul class=\"ac-article-tag wall-content\">\n<li><a href=\"https:\/\/actu.fr\/tag\/environnement\" data-trk=\"{&quot;cta&quot;:{&quot;action&quot;:&quot;Environnement&quot;,&quot;category&quot;:&quot;tag&quot;,&quot;from&quot;:&quot;article footer&quot;,&quot;name&quot;:&quot;Environnement&quot;,&quot;type&quot;:&quot;cta&quot;}}\" target=\"_blank\" rel=\"noopener\">#Environnement<\/a><\/li>\n<li><a href=\"https:\/\/actu.fr\/tag\/photographie\" data-trk=\"{&quot;cta&quot;:{&quot;action&quot;:&quot;Photographie&quot;,&quot;category&quot;:&quot;tag&quot;,&quot;from&quot;:&quot;article footer&quot;,&quot;name&quot;:&quot;Photographie&quot;,&quot;type&quot;:&quot;cta&quot;}}\" target=\"_blank\" rel=\"noopener\">#Photographie<\/a><\/li>\n<\/ul>\n","protected":false},"excerpt":{"rendered":"Par Thomas Bernier Publi\u00e9 le 14 ao\u00fbt 2025 \u00e0 17h38 Il lui arrive de se poser, de photographier&hellip;\n","protected":false},"author":2,"featured_media":320817,"comment_status":"","ping_status":"","sticky":false,"template":"","format":"standard","meta":{"footnotes":""},"categories":[1358],"tags":[1348,1384,1385,1386,58,59,436,1011,27,1652,1756],"class_list":{"0":"post-320816","1":"post","2":"type-post","3":"status-publish","4":"format-standard","5":"has-post-thumbnail","7":"category-arts-et-design","8":"tag-arts","9":"tag-arts-and-design","10":"tag-arts-et-design","11":"tag-design","12":"tag-divertissement","13":"tag-entertainment","14":"tag-environnement","15":"tag-fr","16":"tag-france","17":"tag-loisirs-culture","18":"tag-photographie"},"share_on_mastodon":{"url":"https:\/\/pubeurope.com\/@fr\/115032824406009181","error":""},"_links":{"self":[{"href":"https:\/\/www.europesays.com\/fr\/wp-json\/wp\/v2\/posts\/320816","targetHints":{"allow":["GET"]}}],"collection":[{"href":"https:\/\/www.europesays.com\/fr\/wp-json\/wp\/v2\/posts"}],"about":[{"href":"https:\/\/www.europesays.com\/fr\/wp-json\/wp\/v2\/types\/post"}],"author":[{"embeddable":true,"href":"https:\/\/www.europesays.com\/fr\/wp-json\/wp\/v2\/users\/2"}],"replies":[{"embeddable":true,"href":"https:\/\/www.europesays.com\/fr\/wp-json\/wp\/v2\/comments?post=320816"}],"version-history":[{"count":0,"href":"https:\/\/www.europesays.com\/fr\/wp-json\/wp\/v2\/posts\/320816\/revisions"}],"wp:featuredmedia":[{"embeddable":true,"href":"https:\/\/www.europesays.com\/fr\/wp-json\/wp\/v2\/media\/320817"}],"wp:attachment":[{"href":"https:\/\/www.europesays.com\/fr\/wp-json\/wp\/v2\/media?parent=320816"}],"wp:term":[{"taxonomy":"category","embeddable":true,"href":"https:\/\/www.europesays.com\/fr\/wp-json\/wp\/v2\/categories?post=320816"},{"taxonomy":"post_tag","embeddable":true,"href":"https:\/\/www.europesays.com\/fr\/wp-json\/wp\/v2\/tags?post=320816"}],"curies":[{"name":"wp","href":"https:\/\/api.w.org\/{rel}","templated":true}]}}