{"id":320818,"date":"2025-08-15T12:39:17","date_gmt":"2025-08-15T12:39:17","guid":{"rendered":"https:\/\/www.europesays.com\/fr\/320818\/"},"modified":"2025-08-15T12:39:17","modified_gmt":"2025-08-15T12:39:17","slug":"hafedh-boujmil-portera-les-editions-nirvana-en-septembre-prochain-a-barcelone-2","status":"publish","type":"post","link":"https:\/\/www.europesays.com\/fr\/320818\/","title":{"rendered":"Hafedh Boujmil portera les \u00e9ditions Nirvana en septembre prochain \u00e0 Barcelone"},"content":{"rendered":"<p>Il se bat sur tous les fronts pour faire conna\u00eetre ses livres et leurs auteurs \u00e0 travers les continents. Hafedh Boujmil, en \u00e9diteur militant, r\u00e9pondra pr\u00e9sent lors de la Read Convention qui se tiendra pour la premi\u00e8re fois du 17 au 19 septembre prochain \u00e0 Barcelone. Plus de 220 \u00e9diteurs et magazines de plus de 60 pays sont inscrits pour cet \u00e9v\u00e8nement qui rassemblera des voix critiques du monde entier. Les participants viendront de l&rsquo;Alg\u00e9rie, de l&rsquo;Argentine, de la Belgique, du Br\u00e9sil, du Canada, de la Catalogne, du Chili, de la Chine, de la Colombie, du Danemark, de l&rsquo;\u00c9gypte, de la France, de l&rsquo;Allemagne, de la Gr\u00e8ce, de l&rsquo;Inde, de l&rsquo;Indon\u00e9sie, de l&rsquo;Iran, de l&rsquo;Italie, du Kosovo, du Liban, de la Mac\u00e9doine, du Mexique, du Mozambique, des Pays-Bas, du P\u00e9rou, des Philippines, de la Pologne, du Qu\u00e9bec, de Espagne, Syrie, Tunisie, Turquie, Royaume-Uni, \u00c9tats-Unis, Uruguay et Venezuela.<\/p>\n<p>Du Sud Global \u00e0 la p\u00e9riph\u00e9rie de l&rsquo;Europe, l\u2019initiative Read se consolide comme un point de rencontre cl\u00e9 pour les r\u00e9seaux d&rsquo;\u00e9dition engag\u00e9s dans la pens\u00e9e critique et l&rsquo;imagination radicale.<\/p>\n<p>A ses dirigeants rencontr\u00e9s lors du Paris Market Book, en juin dernier, Hafedh Boujmil n\u2019a pas h\u00e9sit\u00e9 \u00e0 donner son accord. L\u2019objectif est de trouver des partenaires pour diffuser et traduire des titres de son catalogue d\u2019ouvrages, voire des co-\u00e9ditions et autres formes de collaboration. Patient, passionn\u00e9, professionnel, il s\u2019y applique pour garantir le rayonnement et la p\u00e9rennit\u00e9 de sa maison d\u2019\u00e9dition Nirvana.<\/p>\n<p>\u00a0<\/p>\n","protected":false},"excerpt":{"rendered":"Il se bat sur tous les fronts pour faire conna\u00eetre ses livres et leurs auteurs \u00e0 travers les&hellip;\n","protected":false},"author":2,"featured_media":320364,"comment_status":"","ping_status":"","sticky":false,"template":"","format":"standard","meta":{"footnotes":""},"categories":[1357],"tags":[1379,13789,58,59,1011,27,25920,37601,1380,37600,35092,2028],"class_list":{"0":"post-320818","1":"post","2":"type-post","3":"status-publish","4":"format-standard","5":"has-post-thumbnail","7":"category-livres","8":"tag-books","9":"tag-dirigeants","10":"tag-divertissement","11":"tag-entertainment","12":"tag-fr","13":"tag-france","14":"tag-journal-en-ligne","15":"tag-leaders","16":"tag-livres","17":"tag-media-en-ligne","18":"tag-personnalites","19":"tag-tunisie"},"share_on_mastodon":{"url":"https:\/\/pubeurope.com\/@fr\/115032828494476573","error":""},"_links":{"self":[{"href":"https:\/\/www.europesays.com\/fr\/wp-json\/wp\/v2\/posts\/320818","targetHints":{"allow":["GET"]}}],"collection":[{"href":"https:\/\/www.europesays.com\/fr\/wp-json\/wp\/v2\/posts"}],"about":[{"href":"https:\/\/www.europesays.com\/fr\/wp-json\/wp\/v2\/types\/post"}],"author":[{"embeddable":true,"href":"https:\/\/www.europesays.com\/fr\/wp-json\/wp\/v2\/users\/2"}],"replies":[{"embeddable":true,"href":"https:\/\/www.europesays.com\/fr\/wp-json\/wp\/v2\/comments?post=320818"}],"version-history":[{"count":0,"href":"https:\/\/www.europesays.com\/fr\/wp-json\/wp\/v2\/posts\/320818\/revisions"}],"wp:featuredmedia":[{"embeddable":true,"href":"https:\/\/www.europesays.com\/fr\/wp-json\/wp\/v2\/media\/320364"}],"wp:attachment":[{"href":"https:\/\/www.europesays.com\/fr\/wp-json\/wp\/v2\/media?parent=320818"}],"wp:term":[{"taxonomy":"category","embeddable":true,"href":"https:\/\/www.europesays.com\/fr\/wp-json\/wp\/v2\/categories?post=320818"},{"taxonomy":"post_tag","embeddable":true,"href":"https:\/\/www.europesays.com\/fr\/wp-json\/wp\/v2\/tags?post=320818"}],"curies":[{"name":"wp","href":"https:\/\/api.w.org\/{rel}","templated":true}]}}