{"id":320819,"date":"2025-08-15T12:40:31","date_gmt":"2025-08-15T12:40:31","guid":{"rendered":"https:\/\/www.europesays.com\/fr\/320819\/"},"modified":"2025-08-15T12:40:31","modified_gmt":"2025-08-15T12:40:31","slug":"iris-et-noah-bouleverses-apres-le-geste-cruel-de-swan-tout-pour-la-lumiere-22-aout-2025-episode-50-resume-complet-tp2l","status":"publish","type":"post","link":"https:\/\/www.europesays.com\/fr\/320819\/","title":{"rendered":"Iris et Noah boulevers\u00e9s apr\u00e8s le geste cruel de Swan &#8211; Tout pour la lumi\u00e8re 22 ao\u00fbt 2025 (\u00e9pisode 50 &#8211; r\u00e9sum\u00e9 complet TP2L)"},"content":{"rendered":"<p><img fetchpriority=\"high\" decoding=\"async\" aria-describedby=\"caption-attachment-310063\" src=\"https:\/\/www.europesays.com\/fr\/wp-content\/uploads\/2025\/08\/iris-noah1.jpg\" alt=\"iris et noah tp2L \" width=\"1280\" height=\"720\" class=\"size-full wp-image-310063\"  \/><\/p>\n<p id=\"caption-attachment-310063\" class=\"wp-caption-text\">Iris (Flore Bonaventura)  face \u00e0 Swan (Aur\u00e9lien Wiik): la provocation qui change tout ?<\/p>\n<p>Tout ce qu\u2019il faut savoir sur l\u2019\u00e9pisode 50 de Tout pour la lumi\u00e8re du 22 ao\u00fbt 2025 de TF1 et Netflix : tous les <strong>spoilers cl\u00e9s <\/strong>des intrigues du jour.<\/p>\n<p>Tout pour la lumi\u00e8re en avance : Florence prot\u00e8ge Marina<\/p>\n<p> Julian vient s\u2019excuser aupr\u00e8s d\u2019Eric : <strong>\u00ab\u00a0je me d\u00e9teste pour tout ce que j\u2019ai fait. Je suis pr\u00eat \u00e0 tout pour me faire pardonner\u00a0\u00bb<\/strong>.<\/p>\n<p><img loading=\"lazy\" decoding=\"async\" aria-describedby=\"caption-attachment-310067\" src=\"data:image\/svg+xml,%3Csvg%20xmlns=\" http:=\"\" alt=\"ophelia tp2L \" width=\"1200\" height=\"624\" class=\"size-full wp-image-310067\" data-lazy- data-lazy- data-lazy-src=\"https:\/\/www.europesays.com\/fr\/wp-content\/uploads\/2025\/08\/tp2l-50b.jpg\"\/><\/p>\n<p id=\"caption-attachment-310067\" class=\"wp-caption-text\">Oph\u00e9lia est fan de Julian, sa compo fait sensation<\/p>\n<p><strong>C\u2019est Eric qui a d\u00e9nonc\u00e9 Julian aupr\u00e8s de Florence<\/strong> par rapport au vol de la chanson d\u2019Elise. <strong>Hadrien entend la conversation<\/strong>.<\/p>\n<p>Noah a dormi avec <strong>l\u2019\u0153uf coco<\/strong>, mais <strong>quelqu\u2019un de la coloc l\u2019a mis au frigo<\/strong> au petit matin. Iris dit qu\u2019elle aime son petit nom et lui demande s\u2019il l\u2019a d\u00e9clar\u00e9 en mairie.<\/p>\n<p>Noah dit \u00e0 Iris : <strong>\u00ab\u00a0tu as \u00e9t\u00e9 une bonne m\u00e8re pour notre enfant\u00a0\u00bb<\/strong>. Il trouve qu\u2019elle a un bon instinct maternel.<\/p>\n<p>Hadrien vient voir Florence pour tenter de n\u00e9gocier la sanction de Julian. Florence dit : <strong>\u00ab\u00a0on ne vole pas le travail des autres\u00a0\u00bb<\/strong>, elle ne peut pas laisser passer un tel message.<\/p>\n<p>Julian dit qu\u2019il n\u2019a pas bu depuis 24h et se confie \u00e0 Maddie. <strong>Julian compte aller \u00e0 une r\u00e9union avec Baptiste<\/strong>. Il demande l\u2019aide de Maddie pour composer et elle accepte avec plaisir.<\/p>\n<p><img loading=\"lazy\" decoding=\"async\" aria-describedby=\"caption-attachment-310071\" src=\"data:image\/svg+xml,%3Csvg%20xmlns=\" http:=\"\" alt=\"noah tP2L \" width=\"1200\" height=\"702\" class=\"size-full wp-image-310071\" data-lazy- data-lazy- data-lazy-src=\"https:\/\/www.europesays.com\/fr\/wp-content\/uploads\/2025\/08\/tp2l-50dc.jpg\"\/><\/p>\n<p id=\"caption-attachment-310071\" class=\"wp-caption-text\">Noah a baptis\u00e9 l\u2019oeuf : il s\u2019appelle Coco<\/p>\n<p><strong>Une marque de luxe fait un casting d\u2019un duo mixte pour un clip de danse<\/strong> : qui va entra\u00eener les \u00e9l\u00e8ves ?<\/p>\n<p>Iris montre \u00e0 Swan l\u2019\u0153uf coco : il trouve l\u2019id\u00e9e d\u00e9bile. <strong>Swan lance l\u2019\u0153uf \u00e0 Iris et il se casse<\/strong>. Iris est d\u00e9go\u00fbt\u00e9e, il ne restait plus que 20 minutes \u00e0 tenir. <strong>Swan se moque d\u2019Iris qui ramasse sa coquille avec d\u00e9licatesse<\/strong>.<\/p>\n<p>Julian vient pr\u00e9senter sa composition pour la fin de la masterclass d\u2019Oph\u00e9lia. Hadrien, Maddie et Elise sont l\u00e0 pour l\u2019\u00e9couter, en plus de Florence et Jo\u00ebl.<\/p>\n<p>(Ecoutez la chanson L\u00e0-haut de Julian (interpr\u00e9t\u00e9 par Alex Doux), vous aimez ? c\u2019est plut\u00f4t tr\u00e8s sympa non ?) <\/p>\n<p>Julian est applaudi, tout le monde a ador\u00e9 sa prestation.<\/p>\n<p><strong>Iris s\u2019excuse aupr\u00e8s de Noah pour l\u2019\u0153uf<\/strong>, ils sont tout tristes.<\/p>\n<p><img loading=\"lazy\" decoding=\"async\" aria-describedby=\"caption-attachment-310065\" src=\"data:image\/svg+xml,%3Csvg%20xmlns=\" http:=\"\" alt=\"Julian et Hadrien.\" width=\"1200\" height=\"654\" class=\"size-full wp-image-310065\" data-lazy- data-lazy- data-lazy-src=\"https:\/\/www.europesays.com\/fr\/wp-content\/uploads\/2025\/08\/tp2l-50a.jpg\"\/><\/p>\n<p id=\"caption-attachment-310065\" class=\"wp-caption-text\">Julian et Hadrien\u2026un nouveau d\u00e9part !<\/p>\n<p>Oph\u00e9lia vient voir Elise, elle lui dit qu\u2019elle a beaucoup de talent et aimerait faire un duo. Elise est heureuse et accepte. Elle va bient\u00f4t retrouver Oph\u00e9lia au studio.<\/p>\n<p>Florence a demand\u00e9 \u00e0 Julian de passer dans son bureau. <strong>Florence dit \u00e0 Julian qu\u2019il n\u2019est pas vir\u00e9<\/strong> : elle a fait \u00e7a avec Eric pour le faire r\u00e9agir. Elle lui dit qu\u2019il peut venir la voir s\u2019il en ressent le besoin. Julian retrouve le sourire.<\/p>\n<p>Tout pour la lumi\u00e8re 22 ao\u00fbt 2025 : Julian a une nouvelle chance<br \/>\n&#13;<\/p>\n<p>Noah et Iris en viennent \u00e0 parler du b\u00e9b\u00e9 : Iris lui dit qu\u2019avec Swan, elle a essay\u00e9 d\u2019en avoir un mais <strong>\u00e7a n\u2019a pas march\u00e9<\/strong>. Aujourd\u2019hui, elle ne sait plus ce qu\u2019elle veut. <strong>Noah pense qu\u2019Iris ferait une super maman<\/strong>.<\/p>\n<p>Noah et Iris d\u00e9cident de <strong>garder la coquille de l\u2019\u0153uf en souvenir<\/strong>, chacun son bout.<\/p>\n<p>Justine vient voir Jo\u00ebl au sujet du casting de la pub de danse. Elle lui dit que Florence s\u2019est braqu\u00e9e quand elle a demand\u00e9 \u00e0 d\u00e9caler les cong\u00e9s de Marina. Jo\u00ebl promet d\u2019en parler \u00e0 Florence.<\/p>\n<p>Julian vient voir Eric et lui demande s\u2019il peut revenir. Eric lui dit qu\u2019il peut garder sa chambre mais pas son poste au bar : <strong>\u00ab\u00a0Pour le moment soigne-toi et concentre-toi sur les cours\u00a0\u00bb<\/strong>. Julian avoue \u00e0 Hadrien qu\u2019il kiffe tous les Verzeroli.<\/p>\n<p><img loading=\"lazy\" decoding=\"async\" aria-describedby=\"caption-attachment-310069\" src=\"data:image\/svg+xml,%3Csvg%20xmlns=\" http:=\"\" alt=\"elise tp2L \" width=\"1200\" height=\"632\" class=\"size-full wp-image-310069\" data-lazy- data-lazy- data-lazy-src=\"https:\/\/www.europesays.com\/fr\/wp-content\/uploads\/2025\/08\/tp2l-50c.jpg\"\/><\/p>\n<p id=\"caption-attachment-310069\" class=\"wp-caption-text\">Elise a le sourire devant la prestation de Julian<\/p>\n<p>Florence ne veut pas d\u00e9caler les cong\u00e9s de Marina : elle ne veut pas perdre son amie pour une histoire de casting. Cette date est importante pour Marina, Jo\u00ebl lui rappelle que \u00e7a date d\u2019il y a 20 ans.<\/p>\n<p>Que pensez-vous du nouvel \u00e9pisode de Tout pour la lumi\u00e8re ? R\u00e9agissez en commentaire \ud83d\udcac ci-dessous. <\/p>\n<p>\u00c0 suivre le <strong>r\u00e9sum\u00e9 complet Tout pour la lumi\u00e8re \u00e9pisode 51<\/strong> du lundi 25 ao\u00fbt 2025 sur TF1 \/ Netflix.<\/p>\n<p>Fan de Tout pour la lumi\u00e8re ? les s\u00e9ries \u00e0 ne pas manquer <\/p>\n<p>Si vous \u00eates accro \u00e0 Tout pour la lumi\u00e8re, voici les s\u00e9ries qui vont s\u00fbrement devenir vos prochains coups de c\u0153ur !<\/p>\n<p><a href=\"https:\/\/www.nouveautes-tele.com\/118986-nouveau-feuilleton-sur-tf1.html\" rel=\"nofollow noopener\" target=\"_blank\"><strong>Ici tout commence<\/strong><\/a> \u00e0 18h30, l\u2019univers culinaire de TF1 avec Benjamin Baroche ou encore le feuilleton <a href=\"https:\/\/www.nouveautes-tele.com\/62784-resume-demain-nous-appartient-tf1-en-avance-spoilers-devoiles.html\" rel=\"nofollow noopener\" target=\"_blank\"><strong>Demain nous appartient <\/strong><\/a> avec Ingrid Chauvin sur TF1 \u00e0 19H10. Quant \u00e0 <a href=\"https:\/\/www.nouveautes-tele.com\/86457-grand-soleil-le-guide-complet-du-feuilleton-france-2-rentree-2018.html\" rel=\"nofollow noopener\" target=\"_blank\"><strong>Un si grand soleil<\/strong><\/a>, il est diffus\u00e9 \u00e0 20h35 juste avant le prime-time sur France 3 tout comme <a href=\"https:\/\/www.nouveautes-tele.com\/288115-nouveau-jour-sur-m6-feuilleton.html\" rel=\"nofollow noopener\" target=\"_blank\"><strong>Nouveau jour<\/strong><\/a> sur M6 d\u00e8s le 30 juin. Enfin, pour les nostalgiques <a href=\"https:\/\/www.nouveautes-tele.com\/38439-plus-belle-la-vie-le-guide-des-resumes-et-spoilers.html\" rel=\"nofollow noopener\" target=\"_blank\"><strong>Plus belle la vie sur TF1<\/strong><\/a> \u00e0 13h50\u2026 et la vie est encore plus belle du lundi au vendredi. <\/p>\n<p>-&gt; N&rsquo;h\u00e9sitez pas \u00e0 nous suivre sur <a href=\"https:\/\/whatsapp.com\/channel\/0029Vaff4LEFcowCVHrXqx17\" target=\"_blank\" rel=\"noopener nofollow\"><strong>notre cha\u00eene WhatsApp<\/strong><\/a> pour ne rien manquer des derni\u00e8res actualit\u00e9s de Nouveaut\u00e9s-T\u00e9l\u00e9. &#13;<br \/>\n&#13;<\/p>\n<p>                          <img loading=\"lazy\" decoding=\"async\" width=\"512\" height=\"512\" src=\"data:image\/svg+xml,%3Csvg%20xmlns=\" http:=\"\" alt=\"Logo de Nouveaut\u00e9 t\u00e9l\u00e9\" data-lazy-src=\"https:\/\/www.europesays.com\/fr\/wp-content\/uploads\/2025\/06\/nt-logo.png\"\/><\/p>\n<p>\t\t\t  Isabelle Corteilles<\/p>\n<p>Titou, passionn\u00e9e de m\u00e9dias et incollable sur l\u2019actualit\u00e9 des s\u00e9ries t\u00e9l\u00e9. De la g\u00e9n\u00e9ration Dawson\u2019s Creek et Sous le Soleil, je navigue aujourd\u2019hui entre le Spoon de DNA, les marais salants d\u2019ITC, le Mistral de PBLV, le Com\u00e8te de TP2L, la Pe\u00f1a Loca de Nouveau Jour et les Sauvages d\u2019Un Si Grand Soleil, pour ne rien rater des derni\u00e8res intrigues et indiscr\u00e9tions.<\/p>\n","protected":false},"excerpt":{"rendered":"Iris (Flore Bonaventura) face \u00e0 Swan (Aur\u00e9lien Wiik): la provocation qui change tout ? Tout ce qu\u2019il faut&hellip;\n","protected":false},"author":2,"featured_media":320820,"comment_status":"","ping_status":"","sticky":false,"template":"","format":"standard","meta":{"footnotes":""},"categories":[1356],"tags":[58,59,1011,27,252,1364],"class_list":{"0":"post-320819","1":"post","2":"type-post","3":"status-publish","4":"format-standard","5":"has-post-thumbnail","7":"category-television","8":"tag-divertissement","9":"tag-entertainment","10":"tag-fr","11":"tag-france","12":"tag-television","13":"tag-tv"},"share_on_mastodon":{"url":"https:\/\/pubeurope.com\/@fr\/115032832721012898","error":""},"_links":{"self":[{"href":"https:\/\/www.europesays.com\/fr\/wp-json\/wp\/v2\/posts\/320819","targetHints":{"allow":["GET"]}}],"collection":[{"href":"https:\/\/www.europesays.com\/fr\/wp-json\/wp\/v2\/posts"}],"about":[{"href":"https:\/\/www.europesays.com\/fr\/wp-json\/wp\/v2\/types\/post"}],"author":[{"embeddable":true,"href":"https:\/\/www.europesays.com\/fr\/wp-json\/wp\/v2\/users\/2"}],"replies":[{"embeddable":true,"href":"https:\/\/www.europesays.com\/fr\/wp-json\/wp\/v2\/comments?post=320819"}],"version-history":[{"count":0,"href":"https:\/\/www.europesays.com\/fr\/wp-json\/wp\/v2\/posts\/320819\/revisions"}],"wp:featuredmedia":[{"embeddable":true,"href":"https:\/\/www.europesays.com\/fr\/wp-json\/wp\/v2\/media\/320820"}],"wp:attachment":[{"href":"https:\/\/www.europesays.com\/fr\/wp-json\/wp\/v2\/media?parent=320819"}],"wp:term":[{"taxonomy":"category","embeddable":true,"href":"https:\/\/www.europesays.com\/fr\/wp-json\/wp\/v2\/categories?post=320819"},{"taxonomy":"post_tag","embeddable":true,"href":"https:\/\/www.europesays.com\/fr\/wp-json\/wp\/v2\/tags?post=320819"}],"curies":[{"name":"wp","href":"https:\/\/api.w.org\/{rel}","templated":true}]}}