{"id":320823,"date":"2025-08-15T12:42:32","date_gmt":"2025-08-15T12:42:32","guid":{"rendered":"https:\/\/www.europesays.com\/fr\/320823\/"},"modified":"2025-08-15T12:42:32","modified_gmt":"2025-08-15T12:42:32","slug":"castres-les-cingles-du-cinema-font-leur-rentree","status":"publish","type":"post","link":"https:\/\/www.europesays.com\/fr\/320823\/","title":{"rendered":"Castres. Les Cingl\u00e9s du cin\u00e9ma font leur rentr\u00e9e"},"content":{"rendered":"<p>Cet \u00e9t\u00e9, l\u2019association Les Cingl\u00e9s du Cin\u00e9ma invite les spectateurs du CGR de Castres \u00e0 red\u00e9couvrir sur grand \u00e9cran quatre \u0153uvres marquantes sign\u00e9es par deux figures incontournables du septi\u00e8me art : l\u2019Am\u00e9ricain John Huston et le Su\u00e9dois Bo Widerberg. N\u00e9 en 1906, aventurier dans l\u2019\u00e2me et artiste touche-\u00e0-tout, John Huston a marqu\u00e9 l\u2019histoire avec plus de quarante films, oscillant entre chefs-d\u2019\u0153uvre et projets plus l\u00e9gers, toujours port\u00e9s par sa verve et sa libert\u00e9. Le public pourra revoir L\u2019Odyss\u00e9e de l\u2019African Queen, aventure romanesque port\u00e9e par Katharine Hepburn et Humphrey Bogart, ainsi que Plus Fort que le Diable, com\u00e9die polici\u00e8re loufoque \u00e9crite avec Truman Capote. Bo Widerberg, n\u00e9 en 1930, est l\u2019autre grand nom du cin\u00e9ma su\u00e9dois, fondateur d\u2019une \u00ab\u00a0nouvelle vague\u00a0\u00bb ancr\u00e9e dans la r\u00e9alit\u00e9 sociale. Deux de ses films seront projet\u00e9s : Elvira Madigan, drame amoureux \u00e0 l\u2019esth\u00e9tique lumineuse, et Un Flic sur le Toit, polar haletant et critique des institutions. Les \u0153uvres de Widerberg seront \u00e0 l\u2019affiche du 20 au 26 ao\u00fbt, et celles de Huston du 27 ao\u00fbt au 2 septembre, \u00e0 raison de quatre s\u00e9ances par film. Les horaires et tarifs sont disponibles directement aupr\u00e8s du cin\u00e9ma CGR de Castres.<\/p>\n","protected":false},"excerpt":{"rendered":"Cet \u00e9t\u00e9, l\u2019association Les Cingl\u00e9s du Cin\u00e9ma invite les spectateurs du CGR de Castres \u00e0 red\u00e9couvrir sur grand&hellip;\n","protected":false},"author":2,"featured_media":320824,"comment_status":"","ping_status":"","sticky":false,"template":"","format":"standard","meta":{"footnotes":""},"categories":[1354],"tags":[58,59,1346,1011,27,1360],"class_list":{"0":"post-320823","1":"post","2":"type-post","3":"status-publish","4":"format-standard","5":"has-post-thumbnail","7":"category-films","8":"tag-divertissement","9":"tag-entertainment","10":"tag-films","11":"tag-fr","12":"tag-france","13":"tag-movies"},"share_on_mastodon":{"url":"https:\/\/pubeurope.com\/@fr\/115032840169214477","error":""},"_links":{"self":[{"href":"https:\/\/www.europesays.com\/fr\/wp-json\/wp\/v2\/posts\/320823","targetHints":{"allow":["GET"]}}],"collection":[{"href":"https:\/\/www.europesays.com\/fr\/wp-json\/wp\/v2\/posts"}],"about":[{"href":"https:\/\/www.europesays.com\/fr\/wp-json\/wp\/v2\/types\/post"}],"author":[{"embeddable":true,"href":"https:\/\/www.europesays.com\/fr\/wp-json\/wp\/v2\/users\/2"}],"replies":[{"embeddable":true,"href":"https:\/\/www.europesays.com\/fr\/wp-json\/wp\/v2\/comments?post=320823"}],"version-history":[{"count":0,"href":"https:\/\/www.europesays.com\/fr\/wp-json\/wp\/v2\/posts\/320823\/revisions"}],"wp:featuredmedia":[{"embeddable":true,"href":"https:\/\/www.europesays.com\/fr\/wp-json\/wp\/v2\/media\/320824"}],"wp:attachment":[{"href":"https:\/\/www.europesays.com\/fr\/wp-json\/wp\/v2\/media?parent=320823"}],"wp:term":[{"taxonomy":"category","embeddable":true,"href":"https:\/\/www.europesays.com\/fr\/wp-json\/wp\/v2\/categories?post=320823"},{"taxonomy":"post_tag","embeddable":true,"href":"https:\/\/www.europesays.com\/fr\/wp-json\/wp\/v2\/tags?post=320823"}],"curies":[{"name":"wp","href":"https:\/\/api.w.org\/{rel}","templated":true}]}}