{"id":320833,"date":"2025-08-15T12:48:18","date_gmt":"2025-08-15T12:48:18","guid":{"rendered":"https:\/\/www.europesays.com\/fr\/320833\/"},"modified":"2025-08-15T12:48:18","modified_gmt":"2025-08-15T12:48:18","slug":"trump-pris-a-son-propre-jeu-sur-le-redecoupage-electoral-avec-cette-ruse-de-la-californie","status":"publish","type":"post","link":"https:\/\/www.europesays.com\/fr\/320833\/","title":{"rendered":"Trump pris \u00e0 son propre jeu sur le red\u00e9coupage \u00e9lectoral avec cette ruse de la Californie"},"content":{"rendered":"<p>\u00c9TATS-UNIS &#8211; Contre-attaque. L\u2019\u00c9tat d\u00e9mocrate de<a href=\"https:\/\/fr.news.yahoo.com\/los-angeles-new-york-baltimore-173400101.html\" data-ylk=\"slk:\u00a0Californie;elm:context_link;itc:0;sec:content-canvas;outcm:mb_qualified_link;_E:mb_qualified_link;ct:story;\" class=\"link  yahoo-link\" target=\"_blank\" rel=\"noopener\">\u00a0Californie<\/a>\u00a0a d\u00e9voil\u00e9 ce jeudi 14\u00a0ao\u00fbt un plan pour redessiner ses circonscriptions \u00e9lectorales afin de contrer ce m\u00eame red\u00e9coupage par des <a href=\"https:\/\/fr.news.yahoo.com\/au-texas-%C3%A9lus-d%C3%A9mocrates-quitt%C3%A9-143415589.html\" data-ylk=\"slk:\u00c9tats r\u00e9publicains;elm:context_link;itc:0;sec:content-canvas;outcm:mb_qualified_link;_E:mb_qualified_link;ct:story;\" class=\"link  yahoo-link\" target=\"_blank\" rel=\"noopener\">\u00c9tats r\u00e9publicains <\/a>qui cherchent \u00e0 glaner des si\u00e8ges au Congr\u00e8s.<\/p>\n<p>Le gouverneur Gavin Newsom a en effet demand\u00e9 aux \u00e9lecteurs de Californie d\u2019adopter une mesure permettant de redessiner la carte \u00e9lectorale de l\u2019\u00c9tat, une proposition qui sera soumise \u00e0 un scrutin en novembre.<\/p>\n<p><a href=\"https:\/\/fr.news.yahoo.com\/tambouille-trump-r%C3%A9publicains-mettre-fin-040015973.html\" data-ylk=\"slk:La tambouille de Trump et des r\u00e9publicains pour mettre fin \u00e0 cette mal\u00e9diction \u00e9lectorale;elm:context_link;itc:0;sec:content-canvas;outcm:mb_qualified_link;_E:mb_qualified_link;ct:story;\" class=\"link  yahoo-link\" target=\"_blank\" rel=\"noopener\"> La tambouille de Trump et des r\u00e9publicains pour mettre fin \u00e0 cette mal\u00e9diction \u00e9lectorale <\/a><\/p>\n<p>Une annonce qui r\u00e9pond directement \u00e0 l\u2019offensive de <a href=\"https:\/\/fr.news.yahoo.com\/%C3%A0-veille-rencontre-poutine-trump-163606432.html\" data-ylk=\"slk:Donald Trump;elm:context_link;itc:0;sec:content-canvas;outcm:mb_qualified_link;_E:mb_qualified_link;ct:story;\" class=\"link  yahoo-link\" target=\"_blank\" rel=\"noopener\">Donald Trump <\/a>dans des \u00c9tats r\u00e9publicains afin qu\u2019ils redessinent leurs circonscriptions pour asseoir leur pouvoir au Congr\u00e8s, actuellement dot\u00e9 d\u2019une courte majorit\u00e9 r\u00e9publicaine.\u00a0Ils s\u2019appuient ainsi sur une vieille recette de cuisine \u00e9lectorale am\u00e9ricaine appel\u00e9e \u00ab\u00a0gerrymandering\u00a0\u00bb.<\/p>\n<p>Les \u00e9lections de mi-mandat en ligne de mire<\/p>\n<p>Avec une majorit\u00e9 au Congr\u00e8s qui se compte sur les doigts de la main, et alors que le parti au pouvoir perd traditionnellement du terrain lors des \u00e9lections de mi-mandat, la Maison Blanche sait que l\u2019horloge tourne.<\/p>\n<p>Ces derni\u00e8res semaines, Donald Trump a ainsi pes\u00e9 de tout son poids sur les responsables r\u00e9publicains du Texas pour que ceux-ci proposent rapidement un d\u00e9coupage plus favorable, qui permettrait de remporter 30 des 38 si\u00e8ges en jeu, contre 25 actuellement.<\/p>\n<p>Donald Trump \u00ab\u00a0tente une nouvelle fois de truquer le syst\u00e8me. Il ne respecte pas les r\u00e8gles. Il ne croit pas aux r\u00e8gles\u00a0\u00bb, a temp\u00eat\u00e9 Gavin Newsom jeudi. \u00ab\u00a0Nous devons accepter la situation comme elle est et combattre le mal par le mal\u00a0\u00bb, a ajout\u00e9 l\u2019\u00e9lu d\u00e9mocrate. Pour se moquer du pr\u00e9sident, le bureau du gouverneur a d\u2019ailleurs publi\u00e9 un montage de Gavin Newsom affubl\u00e9 d\u2019une couronne avec les termes \u00ab\u00a0UNE JOURN\u00c9E DE LA LIB\u00c9RATION R\u00c9USSIE\u00a0! MERCI\u00a0!\u00a0\u00bb. Une r\u00e9f\u00e9rence au <a href=\"https:\/\/fr.news.yahoo.com\/montage-trump-roi-dit-long-143229565.html\" data-ylk=\"slk:propre montage de Trump;elm:context_link;itc:0;sec:content-canvas;outcm:mb_qualified_link;_E:mb_qualified_link;ct:story;\" class=\"link  yahoo-link\" target=\"_blank\" rel=\"noopener\">propre montage de Trump<\/a> se voyant lui-m\u00eame comme un roi, \u00e0 son obsession de la <a href=\"https:\/\/fr.news.yahoo.com\/droits-douane-trump-vise-plusieurs-064517355.html\" data-ylk=\"slk:\u00ab\u00a0lib\u00e9ration\u00a0\u00bb du pays;elm:context_link;itc:0;sec:content-canvas;outcm:mb_qualified_link;_E:mb_qualified_link;ct:story;\" class=\"link  yahoo-link\" target=\"_blank\" rel=\"noopener\">\u00ab\u00a0lib\u00e9ration\u00a0\u00bb du pays<\/a>&#8230; et \u00e0 son style d\u2019\u00e9criture tout en majuscule.<\/p>\n<p>Un antagonisme qui ne date pas d\u2019hier<\/p>\n<p>Gavin Newsom soumettra aux \u00e9lecteurs californiens un vote le 4\u00a0novembre pour permettre \u00e0 l\u2019\u00c9tat de redessiner les circonscriptions \u00e9lectorales pour les deux prochaines \u00e9lections, dont celles de mi-mandat en novembre\u00a02026, d\u00e9terminantes donc pour la suite du mandat de Donald Trump.<\/p>\n<p>Le pouvoir de redessiner la carte \u00e9lectorale serait ensuite restitu\u00e9 \u00e0 une commission ind\u00e9pendante.<\/p>\n<p>Gavin Newsom est l\u2019un des d\u00e9mocrates les plus en vue aux \u00c9tats-Unis, n\u2019h\u00e9sitant pas \u00e0 s\u2019\u00e9lever contre la politique de Donald Trump. Les deux hommes s\u2019\u00e9taient d\u00e9j\u00e0 rendus coup pour coup lorsque le pr\u00e9sident am\u00e9ricain avait mobilis\u00e9 la Garde nationale en outrepassant l\u2019autorit\u00e9 du d\u00e9mocrate, lors de manifestations en\u00a0Californie\u00a0contre la politique antimigrants de Donald Trump.<\/p>\n<p><a href=\"https:\/\/fr.news.yahoo.com\/%C3%A0-veille-rencontre-poutine-trump-163606432.html\" data-ylk=\"slk:\u00c0 la veille de sa rencontre avec Poutine, Trump est tr\u00e8s optimiste et juge \u00e0 \u00ab\u00a025\u00a0%\u00a0\u00bb le risque d\u2019\u00e9chec;elm:context_link;itc:0;sec:content-canvas;outcm:mb_qualified_link;_E:mb_qualified_link;ct:story;\" class=\"link  yahoo-link\" target=\"_blank\" rel=\"noopener\"> \u00c0 la veille de sa rencontre avec Poutine, Trump est tr\u00e8s optimiste et juge \u00e0 \u00ab\u00a025\u00a0%\u00a0\u00bb le risque d\u2019\u00e9chec <\/a><\/p>\n<p><a href=\"https:\/\/fr.news.yahoo.com\/%C3%A0-veille-rencontre-poutine-trump-163606432.html\" data-ylk=\"slk:\u00c0 la veille de sa rencontre avec Poutine, Trump est tr\u00e8s optimiste et juge \u00e0 \u00ab\u00a025\u00a0%\u00a0\u00bb le risque d\u2019\u00e9chec;elm:context_link;itc:0;sec:content-canvas;outcm:mb_qualified_link;_E:mb_qualified_link;ct:story;\" class=\"link  yahoo-link\" target=\"_blank\" rel=\"noopener\"> \u00c0 la veille de sa rencontre avec Poutine, Trump est tr\u00e8s optimiste et juge \u00e0 \u00ab\u00a025\u00a0%\u00a0\u00bb le risque d\u2019\u00e9chec <\/a><\/p>\n","protected":false},"excerpt":{"rendered":"\u00c9TATS-UNIS &#8211; Contre-attaque. L\u2019\u00c9tat d\u00e9mocrate de\u00a0Californie\u00a0a d\u00e9voil\u00e9 ce jeudi 14\u00a0ao\u00fbt un plan pour redessiner ses circonscriptions \u00e9lectorales afin&hellip;\n","protected":false},"author":2,"featured_media":320834,"comment_status":"","ping_status":"","sticky":false,"template":"","format":"standard","meta":{"footnotes":""},"categories":[5],"tags":[11,45889,45888,75,1011,27,30121,14,45890,12,44437,28],"class_list":{"0":"post-320833","1":"post","2":"type-post","3":"status-publish","4":"format-standard","5":"has-post-thumbnail","7":"category-international","8":"tag-actualites","9":"tag-carte-electorale","10":"tag-circonscriptions-electorales","11":"tag-donald-trump","12":"tag-fr","13":"tag-france","14":"tag-gavin-newsom","15":"tag-international","16":"tag-les-doigts-de-la-main","17":"tag-news","18":"tag-recette-de-cuisine","19":"tag-world"},"share_on_mastodon":{"url":"https:\/\/pubeurope.com\/@fr\/115032863769357229","error":""},"_links":{"self":[{"href":"https:\/\/www.europesays.com\/fr\/wp-json\/wp\/v2\/posts\/320833","targetHints":{"allow":["GET"]}}],"collection":[{"href":"https:\/\/www.europesays.com\/fr\/wp-json\/wp\/v2\/posts"}],"about":[{"href":"https:\/\/www.europesays.com\/fr\/wp-json\/wp\/v2\/types\/post"}],"author":[{"embeddable":true,"href":"https:\/\/www.europesays.com\/fr\/wp-json\/wp\/v2\/users\/2"}],"replies":[{"embeddable":true,"href":"https:\/\/www.europesays.com\/fr\/wp-json\/wp\/v2\/comments?post=320833"}],"version-history":[{"count":0,"href":"https:\/\/www.europesays.com\/fr\/wp-json\/wp\/v2\/posts\/320833\/revisions"}],"wp:featuredmedia":[{"embeddable":true,"href":"https:\/\/www.europesays.com\/fr\/wp-json\/wp\/v2\/media\/320834"}],"wp:attachment":[{"href":"https:\/\/www.europesays.com\/fr\/wp-json\/wp\/v2\/media?parent=320833"}],"wp:term":[{"taxonomy":"category","embeddable":true,"href":"https:\/\/www.europesays.com\/fr\/wp-json\/wp\/v2\/categories?post=320833"},{"taxonomy":"post_tag","embeddable":true,"href":"https:\/\/www.europesays.com\/fr\/wp-json\/wp\/v2\/tags?post=320833"}],"curies":[{"name":"wp","href":"https:\/\/api.w.org\/{rel}","templated":true}]}}