{"id":320854,"date":"2025-08-15T13:03:16","date_gmt":"2025-08-15T13:03:16","guid":{"rendered":"https:\/\/www.europesays.com\/fr\/320854\/"},"modified":"2025-08-15T13:03:16","modified_gmt":"2025-08-15T13:03:16","slug":"grace-a-ses-cartes-pokemon-ce-rennais-de-16-ans-parcourt-le-monde-entier","status":"publish","type":"post","link":"https:\/\/www.europesays.com\/fr\/320854\/","title":{"rendered":"Gr\u00e2ce \u00e0 ses cartes Pok\u00e9mon, ce Rennais de 16 ans parcourt le monde entier"},"content":{"rendered":"<p>L\u2019Allemagne, les Pays-Bas, l\u2019Italie, la Su\u00e8de, le Royaume-Uni, le Japon, Hawa\u00ef et les \u00c9tats-Unis\u2026 Une liste interminable de pays et trois continents diff\u00e9rents\u00a0: ce ne sont pas ses destinations r\u00eav\u00e9es mais bien celles qu\u2019il a d\u00e9j\u00e0 eues le privil\u00e8ge de d\u00e9couvrir, avant m\u00eame sa majorit\u00e9. \u00ab\u00a0Il\u00a0\u00bb, c\u2019est Eliot Duclos, 16 ans et originaire de Rennes. Et c\u2019est surtout un talentueux dresseur de Pok\u00e9mon, ces petites cr\u00e9atures &#8211; parfois effrayantes, souvent mignonnes &#8211; du c\u00e9l\u00e8bre dessin anim\u00e9 japonais.<\/p>\n<p>S\u00e9lectionn\u00e9 pour ses quatri\u00e8mes championnats du monde de Pok\u00e9mon, \u00e0 Anaheim, pr\u00e8s de Los Angeles (\u00c9tats-Unis), entre le vendredi 15 et le dimanche 17 ao\u00fbt, il sera l\u2019un des cent joueurs de la cat\u00e9gorie 13-16 ans du Vieux Contient \u00e0 y participer. Le jeune Breton se dit d\u2019ailleurs \u00ab\u00a0chanceux\u00a0\u00bb de compter sur le soutien moral et financier de ses parents pour vivre sa passion \u00e0 l\u2019autre bout du monde. Septi\u00e8me meilleur joueur europ\u00e9en, il a re\u00e7u 5 000 dollars d\u2019aides, soit 4 282 euros, gr\u00e2ce \u00e0 son classement parmi les vingt-deux meilleurs du continent.<\/p>\n<p>Avec sa famille, il met un point d\u2019honneur \u00e0 s\u2019impr\u00e9gner de la culture des pays qu\u2019il visite au gr\u00e9 des comp\u00e9titions. Parti en camping-car avec ses proches un peu moins de deux semaines avant le Mondial, il a d\u00e9couvert quelques-uns des plus beaux parcs nationaux du pays de l\u2019Oncle Sam. Principalement dans l\u2019Utah mais aussi dans l\u2019Arizona, o\u00f9 il a pu visiter le Grand Canyon, le plus connu d\u2019entre eux. Pas de Pikachu, de Salam\u00e8che ou de Rondoudou ici, mais un paysage \u00e0 couper le souffle, des roches en forme d\u2019arches, des immenses cactus et des animaux de toutes sortes.<\/p>\n<p>Il maitrise d\u00e9j\u00e0 tr\u00e8s bien l\u2019anglais<\/p>\n<p>Berc\u00e9, depuis ses 7 ans, par l\u2019univers des Pok\u00e9mon, avec lequel il s\u2019est familiaris\u00e9 lors de la foire-expo de Rennes, en 2016, il a d\u2019abord disput\u00e9 des petits tournois locaux dans l\u2019anonymat le plus complet, avant de se faire conna\u00eetre et de pouvoir faire son entr\u00e9e dans le circuit europ\u00e9en, \u00e0 Tours, en 2018. \u00c0 seulement neuf ans, donc. \u00ab\u00a0J\u2019ai toujours aim\u00e9 les jeux de strat\u00e9gies, esquisse-t-il. Trouver les cartes parfaites, les bonnes synergies, anticiper les coups de mes adversaires, \u00e7a me passionne.\u00a0\u00bb<\/p>\n<p><img decoding=\"async\" src=\"https:\/\/www.europesays.com\/fr\/wp-content\/uploads\/2025\/08\/689f24ce3c0581dd790b48ba.1.jpeg\" width=\"480\" height=\"300\" class=\"web_golden_m\" loading=\"lazy\" alt=\"Eliot Duclos devant la gigantesque enceinte qui accueillera pr\u00e8s de 500 participants \u00e0 Los Angeles.\"\/>Eliot Duclos devant la gigantesque enceinte qui accueillera pr\u00e8s de 500 participants \u00e0 Los Angeles. (Photo fournie par la famille Duclos)<\/p>\n<p>Les Pok\u00e9mon ne sont pas qu\u2019un passe-temps ou un loisir de cours de r\u00e9cr\u00e9ation\u00a0: c\u2019est en quelque sorte son mode de vie, sa mani\u00e8re de s\u2019\u00e9vader de son quotidien de lyc\u00e9en, une fois le cartable rang\u00e9. Capable de s\u2019adonner \u00e0 sa passion \u00ab\u00a0jusqu\u2019\u00e0 deux heures par jour\u00a0\u00bb et souvent pris par des comp\u00e9titions le week-end, il a d\u00e9velopp\u00e9 des \u00ab\u00a0qualit\u00e9s d\u2019anticipation et de r\u00e9flexion\u00a0\u00bb, en plus d\u2019un certain go\u00fbt pour les math\u00e9matiques et la langue de Shakespeare, qu\u2019il ma\u00eetrise aujourd\u2019hui tr\u00e8s bien. \u00ab\u00a0Mais je n\u2019ai aucune id\u00e9e de ce que je veux faire plus tard, note-t-il. Peut-\u00eatre un m\u00e9tier orient\u00e9 vers l\u2019ing\u00e9nierie ou l\u2019\u00e9conomie.\u00a0\u00bb<\/p>\n<p>Difficile, en revanche, de vivre de cette passion\u00a0: les heureux \u00e9lus sont peu nombreux et d\u00e9veloppent souvent des activit\u00e9s annexes, comme le coaching ou le \u00ab\u00a0streaming\u00a0\u00bb, afin de subvenir \u00e0 leurs besoins. Mais Eliot Duclos a plus d\u2019une carte dans son jeu.<\/p>\n<p><strong>\u00ab\u00a0Quitte ou double\u00a0\u00bb pour les championnats du monde<\/strong><br \/>\u00ab\u00a0Je vais partir avec un \u00ab deck \u00bb (un jeu de cartes) risqu\u00e9, donc c\u2019est quitte ou double.\u00a0\u00bb Voil\u00e0 l\u2019\u00e9tat d\u2019esprit d\u2019Eliot Duclos \u00e0 l\u2019heure d\u2019aborder le championnat du monde dans la cit\u00e9 des Anges. \u00ab\u00a0Comme j\u2019ai d\u00e9j\u00e0 fait ce que je voulais l\u2019an dernier, je veux simplement prendre du plaisir, faire la meilleure performance possible.\u00a0\u00bb Ses objectifs\u00a0? \u00ab\u00a0Se qualifier pour le deuxi\u00e8me jour de la comp\u00e9tition\u00a0\u00bb et \u00ab\u00a0terminer dans le Top 16 de sa cat\u00e9gorie d\u2019\u00e2ge\u00a0\u00bb.<\/p>\n","protected":false},"excerpt":{"rendered":"L\u2019Allemagne, les Pays-Bas, l\u2019Italie, la Su\u00e8de, le Royaume-Uni, le Japon, Hawa\u00ef et les \u00c9tats-Unis\u2026 Une liste interminable de&hellip;\n","protected":false},"author":2,"featured_media":320855,"comment_status":"","ping_status":"","sticky":false,"template":"","format":"standard","meta":{"footnotes":""},"categories":[2821],"tags":[1111,11,829,765,1777,674,1011,27,848,12,16048,584,25],"class_list":{"0":"post-320854","1":"post","2":"type-post","3":"status-publish","4":"format-standard","5":"has-post-thumbnail","7":"category-rennes","8":"tag-actu","9":"tag-actualites","10":"tag-bretagne","11":"tag-en-continu","12":"tag-eu","13":"tag-europe","14":"tag-fr","15":"tag-france","16":"tag-ille-et-vilaine","17":"tag-news","18":"tag-newsletter-aujourdhui-en-bretagne","19":"tag-rennes","20":"tag-republique-francaise"},"share_on_mastodon":{"url":"https:\/\/pubeurope.com\/@fr\/115032923030317616","error":""},"_links":{"self":[{"href":"https:\/\/www.europesays.com\/fr\/wp-json\/wp\/v2\/posts\/320854","targetHints":{"allow":["GET"]}}],"collection":[{"href":"https:\/\/www.europesays.com\/fr\/wp-json\/wp\/v2\/posts"}],"about":[{"href":"https:\/\/www.europesays.com\/fr\/wp-json\/wp\/v2\/types\/post"}],"author":[{"embeddable":true,"href":"https:\/\/www.europesays.com\/fr\/wp-json\/wp\/v2\/users\/2"}],"replies":[{"embeddable":true,"href":"https:\/\/www.europesays.com\/fr\/wp-json\/wp\/v2\/comments?post=320854"}],"version-history":[{"count":0,"href":"https:\/\/www.europesays.com\/fr\/wp-json\/wp\/v2\/posts\/320854\/revisions"}],"wp:featuredmedia":[{"embeddable":true,"href":"https:\/\/www.europesays.com\/fr\/wp-json\/wp\/v2\/media\/320855"}],"wp:attachment":[{"href":"https:\/\/www.europesays.com\/fr\/wp-json\/wp\/v2\/media?parent=320854"}],"wp:term":[{"taxonomy":"category","embeddable":true,"href":"https:\/\/www.europesays.com\/fr\/wp-json\/wp\/v2\/categories?post=320854"},{"taxonomy":"post_tag","embeddable":true,"href":"https:\/\/www.europesays.com\/fr\/wp-json\/wp\/v2\/tags?post=320854"}],"curies":[{"name":"wp","href":"https:\/\/api.w.org\/{rel}","templated":true}]}}