{"id":320865,"date":"2025-08-15T13:15:18","date_gmt":"2025-08-15T13:15:18","guid":{"rendered":"https:\/\/www.europesays.com\/fr\/320865\/"},"modified":"2025-08-15T13:15:18","modified_gmt":"2025-08-15T13:15:18","slug":"un-voyage-vivant-au-coeur-du-moyen-age-a-bordeaux-avec-les-medievales-de-bouliac","status":"publish","type":"post","link":"https:\/\/www.europesays.com\/fr\/320865\/","title":{"rendered":"Un voyage vivant au c\u0153ur du Moyen \u00c2ge \u00e0 Bordeaux avec les M\u00e9di\u00e9vales de Bouliac"},"content":{"rendered":"<p>Quand en 1998 un historien bouliacais a laiss\u00e9 libre cours \u00e0 son enthousiasme, est n\u00e9e une f\u00eate m\u00e9di\u00e9vale modeste d\u2019abord, devenue au fil des ans le rendez-vous attendu \u00e0 Bouliac.\u00a0<\/p>\n<p>Aux abords de l&rsquo;\u00e9glise, troupes professionnelles offrent des spectacles vivants, m\u00ealant th\u00e9\u00e2tre de rue, fauconnerie, chants, musique, acrobaties, et ateliers p\u00e9dagogiques vari\u00e9s. La reconstitution de la vie m\u00e9di\u00e9vale s\u2019orne de combats de chevaliers et de animations historiques immersives, toujours dans une ambiance accessible aux familles.<\/p>\n<p><img loading=\"lazy\" decoding=\"async\" src=\"https:\/\/www.europesays.com\/fr\/wp-content\/uploads\/2025\/08\/BO2025_comp_equerre_epee_credit_cie.webp.webp\" alt=\"BO2025 comp equerre epee credit cie\" width=\"710\" height=\"475\" style=\"display: block; margin-left: auto; margin-right: auto;\"\/><\/p>\n<p>Festival m\u00e9di\u00e9val de Bouliac<\/p>\n<p>Organis\u00e9 par l\u2019association Amanieu de Bouliac, du nom d\u2019un chevalier local du XII\u1d49 si\u00e8cle, l\u2019\u00e9v\u00e9nement na\u00eet d\u2019un engagement durable. Cette association \u0153uvre \u00e0 la promotion, la restauration, la recherche, la mise en valeur du patrimoine r\u00e9gional. La manifestation doit beaucoup \u00e0 une communaut\u00e9 de b\u00e9n\u00e9voles, de m\u00e9c\u00e8nes, de partenaires et d\u2019un public qui cro\u00eet au fil des ann\u00e9es.<\/p>\n<p>Ce nom nous vient du patronyme du premier chevalier connu du village de Bouliac (Amaniu de Boliac, fin du XIIe si\u00e8cle), dont le lignage a pris directement racine sur ce terroir. On trouve des membres de cette famille dans l\u2019Entre-deux-Mers jusqu\u2019au XVI\u00e8me si\u00e8cle.<\/p>\n<p>La revue des troupes avec Amanieu<\/p>\n<p>Avec le soutien de partenaires fid\u00e8les et gr\u00e2ce \u00e0 une \u00e9quipe de b\u00e9n\u00e9voles particuli\u00e8rement impliqu\u00e9s, l&rsquo;Association Amanieu de Bouliac pr\u00e9sente un \u00e9v\u00e9nement artistique exceptionnel vari\u00e9, riche et comme toujours, p\u00e9dagogique.<\/p>\n<p><img loading=\"lazy\" decoding=\"async\" src=\"https:\/\/www.aquitaineonline.com\/images\/Article_2025\/BO2025_xAl_Cantara_Cr\u00e9eit_Photo_Aurelie_Coquin.webp\" alt=\"BO2025 xAl Cantara Cr\u00e9eit Photo Aurelie Coquin\" width=\"710\" height=\"539\" style=\"display: block; margin-left: auto; margin-right: auto;\"\/><\/p>\n<p>MUSICIENS &amp; SALTIMBANQUES<\/p>\n<p><strong>Al Cantara<\/strong> :\u00a0Ils sont musiciens, com\u00e9diens, diseurs de bons mots, saltimbanques et manient avec \u00e9nergie et talent cornemuses, guitare et percussions.<br \/><strong>Compagnons de l&rsquo;Aurore\u00a0<\/strong>: Musique, jongle, sayn\u00e8tes et spectacle de feu<br \/>Entre Fols : D\u00e9ambulation masqu\u00e9e pendant laquelle le public est pris dans la f\u00eate de cette journ\u00e9e particuli\u00e8re o\u00f9 tout est permis : le jour de la f\u00eate des fous\u2026<br \/>Marre du Pav\u00e9 : les compagnons sont \u00e9reint\u00e9s de ne jamais voir cette capitale dont Balthazar leur parle tant ! C\u2019est le moment pour eux de lever le poing et de n\u2019en faire qu\u2019\u00e0 leurs t\u00eates \u2026<br \/>Au feu le pot au feu : tchatche, musique, jongle, danse : de retour de la capitale les compagnons de l&rsquo;aurores&rsquo;arr\u00eatent pour manger la poularde royale offerte par le Roi lors de leur passage \u00e0 la capitale. Sapristi ! Elle a<br \/>disparue ! Sauront-ils retrouver le voleur? Un enqu\u00eate m\u00e9di\u00e9vale riche en rire et po\u00e9sie.<br \/>Cr\u00e9puscule : spectacle de feu m\u00ealant jongle lumineuse et enflamm\u00e9e au son des tambours et cornemuses.<br \/><strong>L\u2019Arbre F\u00e9e<\/strong> :<strong>\u00a0<\/strong>Musique sur un r\u00e9pertoire XIIe\/XVIe, musique celtique et scandinave, contes inspir\u00e9s des l\u00e9gendes du monde m\u00e9di\u00e9val, celtique et viking, initiation \u00e0 la danse m\u00e9di\u00e9vale et renaissance. Concert musique, danse et contes en \u00e9glise le dimanche<br \/><strong>Quempas<\/strong> :\u00a0Trois musiciens donnent un concert de musique et chants m\u00e9di\u00e9vaux samedi apr\u00e8s-midi en l\u2019\u00e9glise et anime un bal trad le soir, sur l\u2019esplanade.<br \/><strong>D\u00e9sirer les \u00c9toiles<\/strong> : Spectacle de marionnettes m\u00e9di\u00e9vales &lsquo;La Tour de Guigui&rsquo;.\u00a0Le chevalier Guigui s&rsquo;est fait voler son ch\u00e2teau par la princesse Chacha. Il ne compte pas se laisser faire et, avec sa magnifique tour de si\u00e8ge, va livrer bataille pour le r\u00e9cup\u00e9rer. Un combat \u00e9pique s&rsquo;engage. Pour mener l&rsquo;assaut tout est bon, coups de b\u00e9liers, arbal\u00e8tes, et boulets de canons auront-ils raison de la forteresse m\u00e9di\u00e9vale ? Mais c&rsquo;est sans compter sur l&rsquo;intervention d&rsquo;un incroyable dragon et surtout de la seule capable de mettre fin \u00e0 la guerre, la magique F\u00e9e Amour&#8230; A travers ce spectacle de marionnettes pour les enfants, vous assisterez \u00e0 la reconstitution d&rsquo;une v\u00e9ritable bataille f\u00e9odale.<br \/><strong>Baudouin Servicial de Thil<\/strong> :\u00a0La justice au moyen-\u00e2ge rec\u00e8le bien des secrets. L\u2019histoire racont\u00e9e d\u00e9construit les id\u00e9es re\u00e7ues sur le r\u00f4le fantasm\u00e9 du bourreau m\u00e9di\u00e9val. Comment a-t-il \u00e9t\u00e9 recrut\u00e9 ? comment rend on la justice ? Quid de l&rsquo;inquisition et de la torture &#8230; un r\u00e9cit historique du parcours d&rsquo;un accus\u00e9 et de sa condamnation d\u00e9crivant les pratiques justici\u00e8res et les peines encourues, des amendes au b\u00fbcher.<\/p>\n<p><img decoding=\"async\" src=\"https:\/\/www.europesays.com\/fr\/wp-content\/uploads\/2025\/08\/BO2025_xComp_Aurore-_0230911AURORE-WA0037.webp.webp\" alt=\"BO2025 xComp Aurore 0230911AURORE\" width=\"1280\" height=\"789\" style=\"display: block; margin-left: auto; margin-right: auto;\" loading=\"lazy\"\/><\/p>\n<p>SEIGNEURS, CHEVALIERS, FAUCONNIERS<\/p>\n<p><strong>Les Portes de l&rsquo;Histoire\u00a0<\/strong>: Tournoi de chevalerie &lsquo;A Corps et armes&rsquo;, l&rsquo;histoire peu ordinaire d&rsquo;un recrutement pour la 3\u00e8me croisade !\u00a0Combats et actions \u00e9questres, joutes \u00e0 la lance, \u00e0 la mani\u00e8re XIIe<br \/><strong>Les Compagnons de l&rsquo;\u00c9querre et l&rsquo;\u00c9p\u00e9e\u00a0<\/strong>: Le camp de vie d&rsquo;une compagnie de mercenaires, ateliers (jeux de taverne, poliorc\u00e9tique, cuisine, d\u00e9couverte de l&rsquo;archerie, chasse au furet, r\u00e9cit de bataille, pr\u00e9sentation de la compagnie et de son armement).<br \/><strong>Vol en Sc\u00e8ne<\/strong> :<strong>\u00a0<\/strong>Spectacle \u2018Les G\u00e9ants du Ciel\u2019 : Deux fauconniers pr\u00e9sentent une dizaine d\u2019oiseaux en vol (buse de Harris, vautour \u00e0 capuchon, hibou grand-duc, chouette effraie, aigle bateleur, faucon sacre\u2026). Entre les repr\u00e9sentations, les fauconniers sont \u00e0 la disposition du public pour parler \u2026 oiseaux<\/p>\n<p><img decoding=\"async\" src=\"https:\/\/www.europesays.com\/fr\/wp-content\/uploads\/2025\/08\/BO2025_Vrehnd_credit_ClaireBpr.jpg\" alt=\"BO2025 Vrehnd credit ClaireBpr\" width=\"710\" height=\"445\" style=\"display: block; margin-left: auto; margin-right: auto;\" loading=\"lazy\"\/><\/p>\n<p>JEUX&amp; ATELIERS<\/p>\n<p><strong>Vrehnd<\/strong> <br \/>Parc de jeux m\u00e9di\u00e9vaux. Comme tous les ans, la compagnie occupe le jardin du Centre Culturel, avec un d\u00e9cor et des jeux admirablement bien con\u00e7us, pour le plaisir de tous \u2014 m\u00eame si ce vaste espace est d\u00e9di\u00e9 avant tout aux petits ! Tir \u00e0 l&rsquo;arc et \u00e0 la corde, m\u00e2t de cocagne, jeux de quilles, jeux d&rsquo;eau, \u00e9chasses&#8230; <br \/><strong>Jeux de la ludoth\u00e8que de Bouliac (au centre culturel)<\/strong> <br \/>Les visiteurs pourront assouvir leur passion des jeux anciens gr\u00e2ce \u00e0 une vingtaine de jeux de soci\u00e9t\u00e9. Animation par le responsable de la ludoth\u00e8que. <br \/><strong>Clem\u00a0<\/strong>: Atelier de calligraphie \u00e0 l&rsquo;attention des grands et des petits, pour apprendre \u00e0 \u00e9crire son nom avec de belles lettres&#8230; et repartir avec son \u0153uvre <br \/><strong>Brins de couleurs\u00a0<\/strong>: Atelier de teinture v\u00e9g\u00e9tale. D\u00e9monstration des diff\u00e9rentes techniques de teinture, et atelier pour les enfants : coloration d&rsquo;une \u00e9toffe, empreintes de feuilles&#8230; \u00c9corces, feuilles, racines&#8230; <br \/>Chacun pourra emporter son ouvrage. <br \/><strong>D\u2019abord des livres<\/strong> :\u00a0Une librairie associative itin\u00e9rante \u2018Des livres \u00e0 bord\u2019 tiendra boutique pr\u00e8s des jeux pour enfants et proposera un atelier Bestiaire fantastique pour les enfants, qu\u2019on se le dise !\u00a0<\/p>\n<p><img decoding=\"async\" src=\"https:\/\/www.europesays.com\/fr\/wp-content\/uploads\/2025\/08\/BO2025_xComp-_Aurore__feu_IMG-20230911-WA0049.webp.webp\" alt=\"BO2025 xComp Aurore feu \" width=\"710\" height=\"473\" style=\"display: block; margin-left: auto; margin-right: auto;\" loading=\"lazy\"\/><\/p>\n<blockquote><p>&#13;<\/p>\n<p>Qu&rsquo;on se le dise ! Qe chacun reparte avec un peu de ce Moyen \u00c2ge retrouv\u00e9 dans le rire, le savoir-faire et la musique !<\/p>\n<p>&#13;\n<\/p><\/blockquote>\n<p>\u00a0Au-del\u00e0 des joutes traditionnelles, une attention particuli\u00e8re est port\u00e9e aux animations conviviales et \u00e0 la restauration locale. Les visiteurs peuvent go\u00fbter aux produits r\u00e9gionaux pr\u00e9par\u00e9s sur place, plongeant ainsi leurs sens dans le go\u00fbt d\u2019autrefois. Aux voix des chanteurs et aux vertigineux num\u00e9ros d\u2019acrobates s\u2019ajoute le bruit des armures et le parfum des cr\u00eapes ou du vin chaud, g\u00e9n\u00e9rant une ambiance sensorielle authentique.\u00a0<\/p>\n<p>Pour festoyer et se restaurer sur place\u00a0<\/p>\n<p>Tavernes Amanieu &amp; Poton \u2022 cr\u00eapes, hypocras, p\u00each\u00e9 d&rsquo;Amanieu et autres breuvages Lard d\u2019Eymet \u2022 La Po\u00eal\u00e9e de Papa \u2022 Chris le d\u00e9lice restauration<\/p>\n<p><img decoding=\"async\" src=\"https:\/\/www.europesays.com\/fr\/wp-content\/uploads\/2025\/08\/BO2025_xvol_en_scene_Aigle_Bateleur.webp.webp\" alt=\"BO2025 xvol en scene Aigle Bateleur\" width=\"710\" height=\"474\" style=\"display: block; margin-left: auto; margin-right: auto;\" loading=\"lazy\"\/><\/p>\n<p><img decoding=\"async\" src=\"https:\/\/www.europesays.com\/fr\/wp-content\/uploads\/2025\/04\/favicon.png\" alt=\"\" width=\"60\" height=\"60\" data-alt=\"FAVICO\" loading=\"lazy\"\/>informations pratiques<\/p>\n<ul>&#13;<\/p>\n<li><strong>dates : 12 au 14 septembre 2025<\/strong>&#13;\n<ul>&#13;<\/p>\n<li><strong>Vendredi 12 septembre<\/strong> \u2022 \u00e0 partir de 19h \u2022 Entr\u00e9e gratuite <br \/>Soir\u00e9e inaugurale autour de la taverne Amanieu \u2022 s&rsquo;abreuver \u00e0 la taverne autour d&rsquo;un verre d&rsquo;hypocras, p\u00e9ch\u00e9 d&rsquo;Amanieu ou autre breuvage \u2022 faire ripaille chez Lard d\u2019Eymet, La Po\u00eal\u00e9e de Papa ou l&rsquo;Auberge du Marais Bouliac. Accompagnement musical <br \/><strong>Samedi 13 septembre<\/strong> \u2022 \u00e0 partir de 12h <br \/>Animations permanentes : Les Compagnons de L&rsquo;\u00c9querre et l&rsquo;\u00c9p\u00e9e -&gt; camp d&rsquo;une compagnie de mercenaires, ateliers (jeux de taverne, poliorc\u00e9tique, cuisine, archerie, chasse au furet, r\u00e9cits de bataille, armement)<br \/><strong>Dimanche 14 septembre<\/strong> \u2022 \u00e0 partir de 11h\u00a0 ; Animations permanentes : Les Compagnons de L&rsquo;\u00c9querre et l&rsquo;\u00c9p\u00e9e -&gt; camp d&rsquo;une compagnie de mercenaires, atelier (jeux de taverne, poliorc\u00e9tique, cuisine, archerie, chasse au furet, r\u00e9cits de bataille, armement) \u2022 Vrehnd -&gt;village de jeux m\u00e9di\u00e9vaux \u2022 Ludoth\u00e8que de Bouliac -&gt; jeux de soci\u00e9t\u00e9 \u2022 CLEM -&gt; atelier calligraphie \u2022 Brins de Couleurs -&gt; atelier teinture v\u00e9g\u00e9tale\u00a0<\/li>\n<p>&#13;\n<\/ul>\n<p>&#13;\n<\/li>\n<p>&#13;<\/p>\n<li>lieu : place Chevelaure, Bouliac (33), Gironde \u2013 Nouvelle-Aquitaine<\/li>\n<p>&#13;<\/p>\n<li>tarifs pour les\u00a0 journ\u00e9es du 13 et 14: 8 \u20ac plein (11 ans et plus) par jour, 6 \u20ac tarif r\u00e9duit, gratuit jusqu\u2019\u00e0 10 ans<\/li>\n<p>&#13;<\/p>\n<li>programme complet et d\u00e9taill\u00e9 des\u00a0 : site officiel des M\u00e9di\u00e9vales de Bouliac\u00a0<a href=\"https:\/\/lesmedievalesdebouliac.com\/\" rel=\"nofollow noopener\" target=\"_blank\">https:\/\/lesmedievalesdebouliac.com\/<\/a><\/li>\n<p>&#13;\n<\/ul>\n<p><img decoding=\"async\" src=\"https:\/\/www.europesays.com\/fr\/wp-content\/uploads\/2025\/08\/BO2025_xLarbrefee_LAutre_Monde_de_Guilhem.webp.webp\" alt=\"BO2025 xLarbrefee L'Autre Monde de Guilhem\" width=\"533\" height=\"710\" style=\"display: block; margin-left: auto; margin-right: auto;\" loading=\"lazy\"\/><\/p>\n","protected":false},"excerpt":{"rendered":"Quand en 1998 un historien bouliacais a laiss\u00e9 libre cours \u00e0 son enthousiasme, est n\u00e9e une f\u00eate m\u00e9di\u00e9vale&hellip;\n","protected":false},"author":2,"featured_media":320866,"comment_status":"","ping_status":"","sticky":false,"template":"","format":"standard","meta":{"footnotes":""},"categories":[2817],"tags":[1111,11,1997,1777,674,1011,27,12,2219,25],"class_list":{"0":"post-320865","1":"post","2":"type-post","3":"status-publish","4":"format-standard","5":"has-post-thumbnail","7":"category-bordeaux","8":"tag-actu","9":"tag-actualites","10":"tag-bordeaux","11":"tag-eu","12":"tag-europe","13":"tag-fr","14":"tag-france","15":"tag-news","16":"tag-nouvelle-aquitaine","17":"tag-republique-francaise"},"share_on_mastodon":{"url":"https:\/\/pubeurope.com\/@fr\/115032970242284833","error":""},"_links":{"self":[{"href":"https:\/\/www.europesays.com\/fr\/wp-json\/wp\/v2\/posts\/320865","targetHints":{"allow":["GET"]}}],"collection":[{"href":"https:\/\/www.europesays.com\/fr\/wp-json\/wp\/v2\/posts"}],"about":[{"href":"https:\/\/www.europesays.com\/fr\/wp-json\/wp\/v2\/types\/post"}],"author":[{"embeddable":true,"href":"https:\/\/www.europesays.com\/fr\/wp-json\/wp\/v2\/users\/2"}],"replies":[{"embeddable":true,"href":"https:\/\/www.europesays.com\/fr\/wp-json\/wp\/v2\/comments?post=320865"}],"version-history":[{"count":0,"href":"https:\/\/www.europesays.com\/fr\/wp-json\/wp\/v2\/posts\/320865\/revisions"}],"wp:featuredmedia":[{"embeddable":true,"href":"https:\/\/www.europesays.com\/fr\/wp-json\/wp\/v2\/media\/320866"}],"wp:attachment":[{"href":"https:\/\/www.europesays.com\/fr\/wp-json\/wp\/v2\/media?parent=320865"}],"wp:term":[{"taxonomy":"category","embeddable":true,"href":"https:\/\/www.europesays.com\/fr\/wp-json\/wp\/v2\/categories?post=320865"},{"taxonomy":"post_tag","embeddable":true,"href":"https:\/\/www.europesays.com\/fr\/wp-json\/wp\/v2\/tags?post=320865"}],"curies":[{"name":"wp","href":"https:\/\/api.w.org\/{rel}","templated":true}]}}