{"id":320873,"date":"2025-08-15T13:19:12","date_gmt":"2025-08-15T13:19:12","guid":{"rendered":"https:\/\/www.europesays.com\/fr\/320873\/"},"modified":"2025-08-15T13:19:12","modified_gmt":"2025-08-15T13:19:12","slug":"pres-de-lille-une-route-de-la-metropole-fermee-plusieurs-nuits-pour-des-travaux-de-renovation","status":"publish","type":"post","link":"https:\/\/www.europesays.com\/fr\/320873\/","title":{"rendered":"Pr\u00e8s de Lille. Une route de la m\u00e9tropole ferm\u00e9e plusieurs nuits pour des travaux de r\u00e9novation"},"content":{"rendered":"<p>            Par<br \/>\n        <strong><br \/>\n            <a href=\"https:\/\/actu.fr\/auteur\/bastien-grossin\" title=\"Consulter tous les articles de Bastien Grossin\" target=\"_blank\" rel=\"noopener\">Bastien Grossin<\/a><br \/>\n        <\/strong><\/p>\n<p>        Publi\u00e9 le<\/p>\n<p>            15 ao\u00fbt 2025 \u00e0 14h06        <\/p>\n<p>La <a href=\"https:\/\/actu.fr\/tag\/metropole-europeenne-de-lille\" target=\"_blank\" rel=\"noopener\">M\u00e9tropole Europ\u00e9enne de Lille<\/a> (MEL) lance un chantier de r\u00e9novation sur la route m\u00e9tropolitaine 549, \u00e0<a href=\"https:\/\/actu.fr\/hauts-de-france\/seclin_59560\" target=\"_blank\" rel=\"noopener\"> Seclin<\/a> (Nord). Elle sera ferm\u00e9e plusieurs nuits du 25\u00a0ao\u00fbt au 3\u00a0septembre 2025. La MEL y m\u00e8nera un chantier de r\u00e9novation complet sur 1,1\u00a0km afin de renforcer la chauss\u00e9e, poser un rev\u00eatement plus durable et am\u00e9liorer la s\u00e9curit\u00e9 des usagers. \u00ab\u2009L\u2019objectif\u2009: am\u00e9liorer la s\u00e9curit\u00e9, le confort et la durabilit\u00e9 de cet axe tr\u00e8s fr\u00e9quent\u00e9.\u2009\u00bb<\/p>\n<p>Les op\u00e9rations pr\u00e9vues sur le chantier<\/p>\n<p data-end=\"1194\" class=\" wall-content\">Les travaux comporteront plusieurs op\u00e9rations d\u00e9j\u00e0 annonc\u00e9es par la MEL\u2009:<\/p>\n<ul class=\" wall-content\">\n<li data-end=\"1264\"><b data-end=\"1228\">Renforcement de la chauss\u00e9e<\/b>, en r\u00e9parant les couches ab\u00eem\u00e9es.<\/li>\n<li data-end=\"1361\"><b data-end=\"1295\">Pose d\u2019un enrob\u00e9 sp\u00e9cial<\/b>, un bitume modifi\u00e9 plus r\u00e9sistant au trafic et aux intemp\u00e9ries.<\/li>\n<li data-end=\"1451\"><b data-end=\"1399\">Remplacement d\u2019un joint de pont<\/b>, \u00e9l\u00e9ment essentiel pour la solidit\u00e9 de l\u2019ouvrage.<\/li>\n<li data-end=\"1563\"><b data-end=\"1481\">Nouveau marquage au sol<\/b>, pour une meilleure visibilit\u00e9 de nuit et par temps de pluie<\/li>\n<\/ul>\n<p class=\" wall-content\">Les interventions se d\u00e9rouleront exclusivement de nuit, entre 21\u2009h et 5\u2009h du matin, un choix assum\u00e9 par la M\u00e9tropole Europ\u00e9enne de Lille afin de \u00ab<b data-end=\"274\">\u2009limiter au maximum la g\u00eane pour les automobilistes\u2009\u00bb<\/b>. Concr\u00e8tement, sur ce cr\u00e9neau, la RM549 sera enti\u00e8rement ferm\u00e9e \u00e0 la circulation entre les ronds-points du centre commercial L\u2019\u00c9pinette et de Conforama.<\/p>\n<p class=\" wall-content\">Les sorties n\u00b0\u00a019 de l\u2019autoroute A1, qui permettent normalement de rejoindre directement cette portion, seront \u00e9galement ferm\u00e9es. Le trafic sera cependant r\u00e9tabli en journ\u00e9e.<\/p>\n<p class=\" wall-content\">Au total, les travaux r\u00e9alis\u00e9s par l\u2019entreprise Eiffage auront co\u00fbt\u00e9 780 000 euros.<\/p>\n<p class=\" wall-content\">Suivez toute l\u2019actualit\u00e9 de vos villes et m\u00e9dias favoris en vous inscrivant \u00e0 <a href=\"https:\/\/moncompte.actu.fr\" title=\"D\u00e9couvez Mon Actu\" rel=\"nofollow noopener\" data-trk=\"{&quot;cta&quot;:{&quot;action&quot;:&quot;https:\\\/\\\/moncompte.actu.fr&quot;,&quot;category&quot;:&quot;mon compte&quot;,&quot;from&quot;:&quot;article footer&quot;,&quot;name&quot;:&quot;Mon actu&quot;,&quot;type&quot;:&quot;cta&quot;}}\" target=\"_blank\">Mon Actu<\/a>.<\/p>\n","protected":false},"excerpt":{"rendered":"Par Bastien Grossin Publi\u00e9 le 15 ao\u00fbt 2025 \u00e0 14h06 La M\u00e9tropole Europ\u00e9enne de Lille (MEL) lance un&hellip;\n","protected":false},"author":2,"featured_media":320874,"comment_status":"","ping_status":"","sticky":false,"template":"","format":"standard","meta":{"footnotes":""},"categories":[2815],"tags":[1111,11,1777,674,1011,27,811,1307,12,25,104,2086],"class_list":{"0":"post-320873","1":"post","2":"type-post","3":"status-publish","4":"format-standard","5":"has-post-thumbnail","7":"category-lille","8":"tag-actu","9":"tag-actualites","10":"tag-eu","11":"tag-europe","12":"tag-fr","13":"tag-france","14":"tag-hauts-de-france","15":"tag-lille","16":"tag-news","17":"tag-republique-francaise","18":"tag-societe","19":"tag-travaux"},"share_on_mastodon":{"url":"https:\/\/pubeurope.com\/@fr\/115032985760614350","error":""},"_links":{"self":[{"href":"https:\/\/www.europesays.com\/fr\/wp-json\/wp\/v2\/posts\/320873","targetHints":{"allow":["GET"]}}],"collection":[{"href":"https:\/\/www.europesays.com\/fr\/wp-json\/wp\/v2\/posts"}],"about":[{"href":"https:\/\/www.europesays.com\/fr\/wp-json\/wp\/v2\/types\/post"}],"author":[{"embeddable":true,"href":"https:\/\/www.europesays.com\/fr\/wp-json\/wp\/v2\/users\/2"}],"replies":[{"embeddable":true,"href":"https:\/\/www.europesays.com\/fr\/wp-json\/wp\/v2\/comments?post=320873"}],"version-history":[{"count":0,"href":"https:\/\/www.europesays.com\/fr\/wp-json\/wp\/v2\/posts\/320873\/revisions"}],"wp:featuredmedia":[{"embeddable":true,"href":"https:\/\/www.europesays.com\/fr\/wp-json\/wp\/v2\/media\/320874"}],"wp:attachment":[{"href":"https:\/\/www.europesays.com\/fr\/wp-json\/wp\/v2\/media?parent=320873"}],"wp:term":[{"taxonomy":"category","embeddable":true,"href":"https:\/\/www.europesays.com\/fr\/wp-json\/wp\/v2\/categories?post=320873"},{"taxonomy":"post_tag","embeddable":true,"href":"https:\/\/www.europesays.com\/fr\/wp-json\/wp\/v2\/tags?post=320873"}],"curies":[{"name":"wp","href":"https:\/\/api.w.org\/{rel}","templated":true}]}}