{"id":320879,"date":"2025-08-15T13:22:10","date_gmt":"2025-08-15T13:22:10","guid":{"rendered":"https:\/\/www.europesays.com\/fr\/320879\/"},"modified":"2025-08-15T13:22:10","modified_gmt":"2025-08-15T13:22:10","slug":"mercato-om-un-joueur-de-lequipe-de-france-determine-il-refuse-tout-pour-marseille","status":"publish","type":"post","link":"https:\/\/www.europesays.com\/fr\/320879\/","title":{"rendered":"Mercato &#8211; OM : Un joueur de l\u2019\u00e9quipe de France d\u00e9termin\u00e9, il refuse tout pour Marseille !"},"content":{"rendered":"<p class=\"heading\">En une seule saison \u00e0 l\u2019OM, Adrien Rabiot a mis tout le monde d\u2019accord. Le milieu de terrain s\u2019est impos\u00e9 comme un des cadres de Roberto De Zerbi et il aurait d\u2019ailleurs d\u00e9cid\u00e9 de rester \u00e0 Marseille malgr\u00e9 quelques doutes sur son futur. L\u2019international fran\u00e7ais a d\u00e9cid\u00e9 de refuser toutes les offres qui lui \u00e9taient propos\u00e9es, car il veut absolument disputer la Ligue des champions avec le club phoc\u00e9en. <\/p>\n<p>Cet \u00e9t\u00e9, l\u2019<a href=\"https:\/\/le10sport.com\/football\/mercato\/une-opportunite-lom-sactive-pour-un-attaquant-754341\" rel=\"nofollow noopener\" target=\"_blank\">OM<\/a> m\u00e8ne un recrutement de grande qualit\u00e9. Le club phoc\u00e9en veut se renforcer pour viser encore plus haut en <strong>Ligue 1<\/strong>, mais surtout car la<strong> Ligue des champions<\/strong> attend les Marseillais la saison prochaine. L\u2019objectif de<strong> Roberto De Zerbi <\/strong>sera de ne pas faire que de la simple figuration et <strong>Pablo Longoria<\/strong> s\u2019active donc pour offrir des joueurs de qualit\u00e9 \u00e0 l\u2019entra\u00eeneur italien. <\/p>\n<p>                                            L\u2019OM a offert 35M\u20ac pour Paixao<\/p>\n<p>Au niveau des achats, l\u2019<strong>OM<\/strong> a fait une petite folie cet \u00e9t\u00e9. Les dirigeants marseillais ont recrut\u00e9 l\u2019attaquant du<strong> Feyenoord Rotterdam<\/strong> <strong>Igor Paixao <\/strong>contre un ch\u00e8que de 35M\u20ac. Une somme record pour le club phoc\u00e9en, qui ne s\u2019est toutefois pas arr\u00eat\u00e9 l\u00e0. <strong>Timothy Weah<\/strong>, <strong>Pierre-Emerick Aubameyang<\/strong>, <strong>CJ Egan-Riley<\/strong>, <strong>Facundo Medina <\/strong>et <strong>Angel Gomes <\/strong>ont \u00e9galement pos\u00e9 leurs valises dans le sud de la <strong>France<\/strong>. <\/p>\n<p>                                            Rabiot a refus\u00e9 toutes les offres pour l\u2019OM <\/p>\n<p>Au-del\u00e0 de recruter des nouveaux joueurs cet \u00e9t\u00e9, l\u2019<strong>OM<\/strong> devait surtout garder ses meilleurs \u00e9l\u00e9ments. Le club phoc\u00e9en y est pour l&rsquo;instant parvenu, car <strong>Mason Greenwood<\/strong>, <strong>Leonardo Balerdi<\/strong> ou bien <strong>Adrien Rabiot<\/strong> sont toujours \u00e0 <strong>Marseille<\/strong>. Le milieu de terrain \u00e9tait tr\u00e8s courtis\u00e9, mais il a d\u00e9cid\u00e9 de rester \u00e0 <strong>Marseille<\/strong> pour jouer la <strong>Ligue des champions <\/strong>comme l\u2019a d\u00e9clar\u00e9 une source interne au journal Le Parisien. \u00ab Il s\u2019est assis \u00e0 la table des dirigeants qui lui ont garanti qu\u2019ils n\u2019allaient pas modifier le projet en cours, qu\u2019ils \u00e9taient ambitieux et que l\u2019OM le serait aussi. La saison pass\u00e9e, ils ont cr\u00e9\u00e9 un v\u00e9ritable groupe et se sont qualifi\u00e9s en C1. Il y a trouv\u00e9 des amis, dans une top ambiance et il s\u2019est dit : J\u2019ai envie de jouer la Ligue des champions avec ce groupe-l\u00e0. \u00c0 partir du moment o\u00f9 il s\u2019est mis d\u2019accord avec la direction sur l\u2019ambition du projet, il n\u2019a plus \u00e9cout\u00e9 aucune offre. \u00bb<\/p>\n","protected":false},"excerpt":{"rendered":"En une seule saison \u00e0 l\u2019OM, Adrien Rabiot a mis tout le monde d\u2019accord. Le milieu de terrain&hellip;\n","protected":false},"author":2,"featured_media":320880,"comment_status":"","ping_status":"","sticky":false,"template":"","format":"standard","meta":{"footnotes":""},"categories":[2814],"tags":[1111,11,1777,674,1011,27,884,12,882,25],"class_list":{"0":"post-320879","1":"post","2":"type-post","3":"status-publish","4":"format-standard","5":"has-post-thumbnail","7":"category-marseille","8":"tag-actu","9":"tag-actualites","10":"tag-eu","11":"tag-europe","12":"tag-fr","13":"tag-france","14":"tag-marseille","15":"tag-news","16":"tag-provence-alpes-cote-dazur","17":"tag-republique-francaise"},"share_on_mastodon":{"url":"https:\/\/pubeurope.com\/@fr\/115032997599168148","error":""},"_links":{"self":[{"href":"https:\/\/www.europesays.com\/fr\/wp-json\/wp\/v2\/posts\/320879","targetHints":{"allow":["GET"]}}],"collection":[{"href":"https:\/\/www.europesays.com\/fr\/wp-json\/wp\/v2\/posts"}],"about":[{"href":"https:\/\/www.europesays.com\/fr\/wp-json\/wp\/v2\/types\/post"}],"author":[{"embeddable":true,"href":"https:\/\/www.europesays.com\/fr\/wp-json\/wp\/v2\/users\/2"}],"replies":[{"embeddable":true,"href":"https:\/\/www.europesays.com\/fr\/wp-json\/wp\/v2\/comments?post=320879"}],"version-history":[{"count":0,"href":"https:\/\/www.europesays.com\/fr\/wp-json\/wp\/v2\/posts\/320879\/revisions"}],"wp:featuredmedia":[{"embeddable":true,"href":"https:\/\/www.europesays.com\/fr\/wp-json\/wp\/v2\/media\/320880"}],"wp:attachment":[{"href":"https:\/\/www.europesays.com\/fr\/wp-json\/wp\/v2\/media?parent=320879"}],"wp:term":[{"taxonomy":"category","embeddable":true,"href":"https:\/\/www.europesays.com\/fr\/wp-json\/wp\/v2\/categories?post=320879"},{"taxonomy":"post_tag","embeddable":true,"href":"https:\/\/www.europesays.com\/fr\/wp-json\/wp\/v2\/tags?post=320879"}],"curies":[{"name":"wp","href":"https:\/\/api.w.org\/{rel}","templated":true}]}}