{"id":320886,"date":"2025-08-15T13:27:14","date_gmt":"2025-08-15T13:27:14","guid":{"rendered":"https:\/\/www.europesays.com\/fr\/320886\/"},"modified":"2025-08-15T13:27:14","modified_gmt":"2025-08-15T13:27:14","slug":"emmanuel-macron-veut-aussi-sa-part-du-lion","status":"publish","type":"post","link":"https:\/\/www.europesays.com\/fr\/320886\/","title":{"rendered":"Emmanuel Macron veut aussi sa part du lion"},"content":{"rendered":"<p class=\"c-chapo \">\n  Alors que la rencontre entre Vladimir Poutine et Donald Trump se tient sans le pr\u00e9sident ukrainien et sans les Europ\u00e9ens, le pr\u00e9sident fran\u00e7ais tente malgr\u00e9 tout d&rsquo;exister sur la sc\u00e8ne internationale.\n<\/p>\n<p>            lire plus tard<\/p>\n<p id=\"dialog__title\" class=\"dialog__title\">Pour sauvegarder cet article, connectez-vous ou cr\u00e9ez un compte franceinfo<\/p>\n<p class=\"dialog__description\">Sans paiement. Sans abonnement.<\/p>\n<p>        Fermer la fen\u00eatre d\u2019activation des notifications France Info<\/p>\n<p>            cr\u00e9er votre compte<\/p>\n<p>            se connecter<\/p>\n<p>        Fermer la fen\u00eatre de pr\u00e9sentation<\/p>\n<p>    <img loading=\"lazy\" decoding=\"async\" class=\"signature__image lazyload\" width=\"100\" height=\"100\" data- alt=\"\" src=\"https:\/\/www.europesays.com\/fr\/wp-content\/uploads\/2025\/05\/64a7df4c5fe71_placeholder-36b69ec8.png\"\/><\/p>\n<p>    Publi\u00e9 le 15\/08\/2025 12:49<\/p>\n<p>        Temps de lecture : 3min<\/p>\n<p>    <img decoding=\"async\"  alt=\"Emmanuel Macron arrive en h\u00e9licopt\u00e8re pour rencontrer le chancelier allemand Friedrich Merz, \u00e0 la Villa Borsig, \u00e0 Berlin, le 23 juillet 2025. (RALF HIRSCHBERGER \/ AFP)\" width=\"432\" height=\"243\" src=\"https:\/\/www.europesays.com\/fr\/wp-content\/uploads\/2025\/08\/000-67m739u-689efe73f2b1c868645128.jpg\" fetchpriority=\"high\"\/><\/p>\n<p>      Emmanuel Macron arrive en h\u00e9licopt\u00e8re pour rencontrer le chancelier allemand Friedrich Merz, \u00e0 la Villa Borsig, \u00e0 Berlin, le 23 juillet 2025. (RALF HIRSCHBERGER \/ AFP)<\/p>\n<p>\u00ab\u00a0Sortir par la porte, entrer par la fen\u00eatre\u00a0\u00bb. Cette expression bien connue qu&rsquo;on utilise quand on veut qualifier quelqu&rsquo;un dont on a bien du mal \u00e0 se d\u00e9barrasser, c&rsquo;est un peu la strat\u00e9gie choisie par Emmanuel Macron vis-\u00e0-vis des puissants de ce monde. Vendredi 15 ao\u00fbt <a href=\"https:\/\/www.franceinfo.fr\/replay-radio\/d-un-monde-a-l-autre\/le-choix-de-l-alaska-pour-la-rencontre-trump-poutine-tout-un-symbole_7356414.html\" rel=\"nofollow noopener\" target=\"_blank\">Donald Trump et Vladimir Poutine doivent se rencontrer en Alaska<\/a> pour un t\u00eate-\u00e0-t\u00eate. Les deux ont beau snober les Europ\u00e9ens dans les n\u00e9gociations pour tenter de mettre fin au conflit entre la Russie et l&rsquo;Ukraine, Emmanuel Macron, lui, se d\u00e9m\u00e8ne pour se faire entendre, car il veut aussi sa part du lion.<\/p>\n<p>Derni\u00e8re sortie en date\u00a0: sa demande il y a moins de 48\u00a0heures de voir Volodymyr Zelensky associ\u00e9 sans plus attendre aux pourparlers dans le cadre d&rsquo;une \u00ab\u00a0trilat\u00e9rale\u00a0\u00bb avec les pr\u00e9sidents Trump et Poutine, le tout organis\u00e9 sur le sol europ\u00e9en. C&rsquo;est une fa\u00e7on pour le pr\u00e9sident Macron de revenir sur le devant de la sc\u00e8ne internationale, en se pla\u00e7ant comme celui qui aura propos\u00e9 le premier, et au nom de tous les Europ\u00e9ens, une initiative pour tenter d&rsquo;\u00e9viter que des d\u00e9cisions soient prises dans le dos de l&rsquo;Ukraine, notamment sur la question territoriale.<\/p>\n<p>La parole d&rsquo;Emmanuel Macron est, dans l&rsquo;ensemble, plut\u00f4t respect\u00e9e \u00e0 l&rsquo;international, mais elle a un poids politique quasiment nul face aux g\u00e9ants Trump et Poutine, qui l&rsquo;\u00e9coutent peu pour le premier et m\u00eame plus du tout pour le second. M\u00eame en Europe, le pr\u00e9sident fran\u00e7ais, qui a voulu se positionner comme le chef de l&rsquo;Europe depuis son \u00e9lection en 2017, a bien du mal \u00e0 s&rsquo;imposer comme le leader des 27.<\/p>\n<p>De l&rsquo;autre c\u00f4t\u00e9 de la Manche, les Britanniques et leur Premier ministre Keir Starmer, sont, malgr\u00e9 le Brexit, consid\u00e9rablement revenus dans le jeu diplomatique mondial et essaient d&rsquo;appara\u00eetre aujourd&rsquo;hui comme les interlocuteurs privil\u00e9gi\u00e9s des \u00c9tats-Unis de Trump. De l&rsquo;autre c\u00f4t\u00e9 du Rhin, la mont\u00e9e en puissance du nouveau chancelier allemand Friedrich Merz, qui a re\u00e7u Volodymyr Zelensky mercredi \u00e0 Berlin, et qui souhaite faire entrer son pays dans une nouvelle \u00e8re militaire, commence aussi \u00e0 faire de l&rsquo;ombre \u00e0 Emmanuel Macron. Sans parler de la cheffe du gouvernement italien, <a href=\"https:\/\/www.franceinfo.fr\/monde\/usa\/droits-de-douane\/droits-de-douane-donald-trump-se-dit-sur-a-100-qu-un-accord-sera-trouve-avec-l-ue-apres-sa-rencontre-avec-giorgia-meloni_7195428.html\" rel=\"nofollow noopener\" target=\"_blank\">Georgia Meloni<\/a>, que Donald Trump appr\u00e9cie de par leur proximit\u00e9 id\u00e9ologique.<\/p>\n<p>Mais Emmanuel Macron n&rsquo;a quand m\u00eame pas tout perdu. Utiliser \u00e0 outrance son domaine r\u00e9serv\u00e9 qu&rsquo;est l&rsquo;international comme il le fait notamment depuis la dissolution, lui permet aussi de r\u00e9-exister au niveau national, de (re)mettre bien souvent son grain de sel dans la politique gouvernementale, comme quand il a annonc\u00e9 le doublement du budget des arm\u00e9es. Finalement cette posture lui permet d&rsquo;\u00eatre plut\u00f4t bien vu des Fran\u00e7ais pour son action en dehors de nos fronti\u00e8res.<\/p>\n","protected":false},"excerpt":{"rendered":"Alors que la rencontre entre Vladimir Poutine et Donald Trump se tient sans le pr\u00e9sident ukrainien et sans&hellip;\n","protected":false},"author":2,"featured_media":320887,"comment_status":"","ping_status":"","sticky":false,"template":"","format":"standard","meta":{"footnotes":""},"categories":[1888],"tags":[1111,1928,11,1927,1777,674,1011,27,12,1926,626,1925,25],"class_list":{"0":"post-320886","1":"post","2":"type-post","3":"status-publish","4":"format-standard","5":"has-post-thumbnail","7":"category-paris","8":"tag-actu","9":"tag-actu-paris","10":"tag-actualites","11":"tag-actualites-paris","12":"tag-eu","13":"tag-europe","14":"tag-fr","15":"tag-france","16":"tag-news","17":"tag-news-paris","18":"tag-paris","19":"tag-paris-news","20":"tag-republique-francaise"},"share_on_mastodon":{"url":"https:\/\/pubeurope.com\/@fr\/115033017319772310","error":""},"_links":{"self":[{"href":"https:\/\/www.europesays.com\/fr\/wp-json\/wp\/v2\/posts\/320886","targetHints":{"allow":["GET"]}}],"collection":[{"href":"https:\/\/www.europesays.com\/fr\/wp-json\/wp\/v2\/posts"}],"about":[{"href":"https:\/\/www.europesays.com\/fr\/wp-json\/wp\/v2\/types\/post"}],"author":[{"embeddable":true,"href":"https:\/\/www.europesays.com\/fr\/wp-json\/wp\/v2\/users\/2"}],"replies":[{"embeddable":true,"href":"https:\/\/www.europesays.com\/fr\/wp-json\/wp\/v2\/comments?post=320886"}],"version-history":[{"count":0,"href":"https:\/\/www.europesays.com\/fr\/wp-json\/wp\/v2\/posts\/320886\/revisions"}],"wp:featuredmedia":[{"embeddable":true,"href":"https:\/\/www.europesays.com\/fr\/wp-json\/wp\/v2\/media\/320887"}],"wp:attachment":[{"href":"https:\/\/www.europesays.com\/fr\/wp-json\/wp\/v2\/media?parent=320886"}],"wp:term":[{"taxonomy":"category","embeddable":true,"href":"https:\/\/www.europesays.com\/fr\/wp-json\/wp\/v2\/categories?post=320886"},{"taxonomy":"post_tag","embeddable":true,"href":"https:\/\/www.europesays.com\/fr\/wp-json\/wp\/v2\/tags?post=320886"}],"curies":[{"name":"wp","href":"https:\/\/api.w.org\/{rel}","templated":true}]}}