{"id":320901,"date":"2025-08-15T13:35:26","date_gmt":"2025-08-15T13:35:26","guid":{"rendered":"https:\/\/www.europesays.com\/fr\/320901\/"},"modified":"2025-08-15T13:35:26","modified_gmt":"2025-08-15T13:35:26","slug":"une-voiture-luxembourgeoise-evite-un-controle-policier-en-allemagne-et-repasse-la-frontiere","status":"publish","type":"post","link":"https:\/\/www.europesays.com\/fr\/320901\/","title":{"rendered":"Une voiture luxembourgeoise \u00e9vite un contr\u00f4le policier en Allemagne et repasse la fronti\u00e8re"},"content":{"rendered":"<p class=\"Paragraph_root__xJSDF Paragraph_default-lg-default__txMNQ articleParagraph\">Apr\u00e8s avoir tent\u00e9 d&rsquo;\u00e9chapper \u00e0 un contr\u00f4le frontalier allemand sur l&rsquo;autoroute A64, des agents de police ont suivi un automobiliste et ses passagers originaires du Luxembourg sur l&rsquo;A64 mais aussi \u00e0 travers Tr\u00e8ves, jusqu&rsquo;\u00e0 leur retour au Grand-Duch\u00e9.<\/p>\n<p><a href=\"https:\/\/www.virgule.lu\/luxembourg\/un-conducteur-ivre-roule-en-sens-inverse-et-percute-plusieurs-vehicules\/83858996.html\" class=\"RelatedTeaser_related-teaser__awFnD RelatedTeaser_related-teaser--image__oZDce read-more_withImage__1YJa_\" data-article-id=\"83858996\" rel=\"nofollow noopener\" target=\"_blank\"><\/p>\n<p>Lire aussi :Un conducteur ivre roule en sens inverse et percute plusieurs v\u00e9hicules<\/p>\n<p><\/a><\/p>\n<p class=\"Paragraph_root__xJSDF Paragraph_default-lg-default__txMNQ articleParagraph\">Dans la nuit de jeudi \u00e0 vendredi, vers minuit, les agents ont signal\u00e9 au conducteur d&rsquo;une Volkswagen Golf noire qu&rsquo;ils voulaient contr\u00f4ler sa voiture, a indiqu\u00e9 la police. Au lieu de s&rsquo;arr\u00eater, le conducteur a forc\u00e9 le poste de contr\u00f4le frontalier et a pris la fuite, indique la police f\u00e9d\u00e9rale de Tr\u00e8ves dans un communiqu\u00e9.<\/p>\n<p class=\"Paragraph_root__xJSDF Paragraph_default-lg-default__txMNQ articleParagraph\">L&rsquo;homme roulait en partie \u00e0 160 km\/h dans des zones o\u00f9 la vitesse maximale autoris\u00e9e est de 100 km\/h, a d\u00e9clar\u00e9 un porte-parole de la police. Plusieurs patrouilles de police l&rsquo;ont suivi. La course-poursuite aurait notamment travers\u00e9 le pont Kaiser-Wilhelm \u00e0 travers Tr\u00e8ves, puis le chantier sur le pont frontalier entre le Luxembourg et l&rsquo;Allemagne. Selon le porte-parole, les agents n&rsquo;ont pas pu d\u00e9passer dans le chantier, si bien que le conducteur a r\u00e9ussi \u00e0 retourner au Luxembourg.<\/p>\n<p><a href=\"https:\/\/www.virgule.lu\/luxembourg\/un-camion-venant-d-allemagne-pousse-une-voiture-sur-15-km-jusqu-au-luxembourg\/83622193.html\" class=\"RelatedTeaser_related-teaser__awFnD RelatedTeaser_related-teaser--image__oZDce read-more_withImage__1YJa_\" data-article-id=\"83622193\" rel=\"nofollow noopener\" target=\"_blank\"><\/p>\n<p>Lire aussi :Un camion venant d\u2019Allemagne pousse une voiture sur 1,5 km jusqu\u2019au Luxembourg <\/p>\n<p><\/a><\/p>\n<p class=\"Paragraph_root__xJSDF Paragraph_default-lg-default__txMNQ articleParagraph\">L\u00e0, la police luxembourgeoise a pris le relais et a pu localiser la voiture par la suite. Les trois occupants ont tent\u00e9 de fuir \u00e0 pied. Un passager n&rsquo;a pas \u00e9t\u00e9 assez rapide, a d\u00e9clar\u00e9 le porte-parole, et il a pu \u00eatre arr\u00eat\u00e9. Le conducteur et un autre passager ont toutefois r\u00e9ussi \u00e0 s&rsquo;enfuir. La police recherche des t\u00e9moins. Il n&rsquo;y a pour l&rsquo;instant aucune indication sur les raisons qui ont pouss\u00e9 l&rsquo;homme \u00e0 vouloir fuir le contr\u00f4le.<\/p>\n<p class=\"Paragraph_root__xJSDF Paragraph_default-lg-default__txMNQ articleParagraph\">Cet article a \u00e9t\u00e9 publi\u00e9 initialement <a class=\"LinkText_root__0Tfta annotation-link_annotationLink__nXU8B\" href=\"https:\/\/www.wort.lu\/luxemburg\/osten\/luxemburger-auto-flieht-vor-deutscher-kontrolle-zurueck-ueber-die-grenze\/83889378.html\" target=\"_blank\" rel=\"nofollow noopener\">sur le site du Luxemburger Wort.<\/a> Il a \u00e9t\u00e9 traduit \u00e0 l\u2019aide d\u2019outils d\u2019intelligence artificielle qui apprennent \u00e0 partir de donn\u00e9es issues de traductions humaines, puis v\u00e9rifi\u00e9 par Pascal Mittelberger.<\/p>\n<p>Source Bundespolizeiinspektion Trier<\/p>\n","protected":false},"excerpt":{"rendered":"Apr\u00e8s avoir tent\u00e9 d&rsquo;\u00e9chapper \u00e0 un contr\u00f4le frontalier allemand sur l&rsquo;autoroute A64, des agents de police ont suivi&hellip;\n","protected":false},"author":2,"featured_media":320902,"comment_status":"","ping_status":"","sticky":false,"template":"","format":"standard","meta":{"footnotes":""},"categories":[1587],"tags":[11,672,1804,1805,1803,1777,674,1801,12,1802],"class_list":{"0":"post-320901","1":"post","2":"type-post","3":"status-publish","4":"format-standard","5":"has-post-thumbnail","7":"category-allemagne","8":"tag-actualites","9":"tag-allemagne","10":"tag-bundesrepublik-deutschland","11":"tag-de","12":"tag-deutschland","13":"tag-eu","14":"tag-europe","15":"tag-germany","16":"tag-news","17":"tag-republique-federale-dallemagne"},"share_on_mastodon":{"url":"https:\/\/pubeurope.com\/@fr\/115033048753159519","error":""},"_links":{"self":[{"href":"https:\/\/www.europesays.com\/fr\/wp-json\/wp\/v2\/posts\/320901","targetHints":{"allow":["GET"]}}],"collection":[{"href":"https:\/\/www.europesays.com\/fr\/wp-json\/wp\/v2\/posts"}],"about":[{"href":"https:\/\/www.europesays.com\/fr\/wp-json\/wp\/v2\/types\/post"}],"author":[{"embeddable":true,"href":"https:\/\/www.europesays.com\/fr\/wp-json\/wp\/v2\/users\/2"}],"replies":[{"embeddable":true,"href":"https:\/\/www.europesays.com\/fr\/wp-json\/wp\/v2\/comments?post=320901"}],"version-history":[{"count":0,"href":"https:\/\/www.europesays.com\/fr\/wp-json\/wp\/v2\/posts\/320901\/revisions"}],"wp:featuredmedia":[{"embeddable":true,"href":"https:\/\/www.europesays.com\/fr\/wp-json\/wp\/v2\/media\/320902"}],"wp:attachment":[{"href":"https:\/\/www.europesays.com\/fr\/wp-json\/wp\/v2\/media?parent=320901"}],"wp:term":[{"taxonomy":"category","embeddable":true,"href":"https:\/\/www.europesays.com\/fr\/wp-json\/wp\/v2\/categories?post=320901"},{"taxonomy":"post_tag","embeddable":true,"href":"https:\/\/www.europesays.com\/fr\/wp-json\/wp\/v2\/tags?post=320901"}],"curies":[{"name":"wp","href":"https:\/\/api.w.org\/{rel}","templated":true}]}}