{"id":320913,"date":"2025-08-15T13:41:11","date_gmt":"2025-08-15T13:41:11","guid":{"rendered":"https:\/\/www.europesays.com\/fr\/320913\/"},"modified":"2025-08-15T13:41:11","modified_gmt":"2025-08-15T13:41:11","slug":"standard-portland-classic-cernousek-prend-seule-la-tete","status":"publish","type":"post","link":"https:\/\/www.europesays.com\/fr\/320913\/","title":{"rendered":"Standard Portland Classic : Cernousek prend seule la t\u00eate"},"content":{"rendered":"<p>De retour aux \u00c9tats-Unis apr\u00e8s la phase britannique du calendrier, les joueuses du <strong>LPGA Tour<\/strong> sont cette semaine r\u00e9unies au <strong>Columbia Edgewater Country Club<\/strong> (Oregon) qui accueille le <strong>Portland Classic<\/strong>. Mais toutes ne sont pas pr\u00e9sentes. En l\u2019absence de nombreuses t\u00eates de s\u00e9rie &#8211; neuf des dix meilleures joueuses de la plan\u00e8te ont fait l\u2019impasse &#8211; l\u2019occasion de briller est plus grande pour celles qui ont fait le d\u00e9placement.<\/p>\n<p>Et <strong>Adela<\/strong> <strong>Cernousek<\/strong> l\u2019a bien compris ! L\u2019ex-\u00e9tudiante de Texas A&amp;M, pass\u00e9e pro fin 2024 pour jouer sa premi\u00e8re saison sur le circuit am\u00e9ricain de premi\u00e8re division, a tout simplement pris la t\u00eate du tournoi ce jeudi en signant la meilleure carte du jour. La Fran\u00e7aise de 22 ans a sign\u00e9 un \u00e9blouissant 64 (-8), ponctu\u00e9e de six birdies et d\u2019un eagle, plein de promesses pour la suite de l\u2019\u00e9v\u00e9nement. Un d\u00e9part id\u00e9al pour celle qui n\u2019avait jusque-l\u00e0 franchi que deux cuts cette saison. Mais derri\u00e8re elle, la concurrence se bouscule avec pas moins de cinq joueuses \u00e0 une longueur seulement, et autant \u00e0 un coup de plus.<\/p>\n","protected":false},"excerpt":{"rendered":"De retour aux \u00c9tats-Unis apr\u00e8s la phase britannique du calendrier, les joueuses du LPGA Tour sont cette semaine&hellip;\n","protected":false},"author":2,"featured_media":320914,"comment_status":"","ping_status":"","sticky":false,"template":"","format":"standard","meta":{"footnotes":""},"categories":[1418],"tags":[1011,27,1472,60],"class_list":{"0":"post-320913","1":"post","2":"type-post","3":"status-publish","4":"format-standard","5":"has-post-thumbnail","7":"category-golf","8":"tag-fr","9":"tag-france","10":"tag-golf","11":"tag-sports"},"share_on_mastodon":{"url":"https:\/\/pubeurope.com\/@fr\/115033072098543680","error":""},"_links":{"self":[{"href":"https:\/\/www.europesays.com\/fr\/wp-json\/wp\/v2\/posts\/320913","targetHints":{"allow":["GET"]}}],"collection":[{"href":"https:\/\/www.europesays.com\/fr\/wp-json\/wp\/v2\/posts"}],"about":[{"href":"https:\/\/www.europesays.com\/fr\/wp-json\/wp\/v2\/types\/post"}],"author":[{"embeddable":true,"href":"https:\/\/www.europesays.com\/fr\/wp-json\/wp\/v2\/users\/2"}],"replies":[{"embeddable":true,"href":"https:\/\/www.europesays.com\/fr\/wp-json\/wp\/v2\/comments?post=320913"}],"version-history":[{"count":0,"href":"https:\/\/www.europesays.com\/fr\/wp-json\/wp\/v2\/posts\/320913\/revisions"}],"wp:featuredmedia":[{"embeddable":true,"href":"https:\/\/www.europesays.com\/fr\/wp-json\/wp\/v2\/media\/320914"}],"wp:attachment":[{"href":"https:\/\/www.europesays.com\/fr\/wp-json\/wp\/v2\/media?parent=320913"}],"wp:term":[{"taxonomy":"category","embeddable":true,"href":"https:\/\/www.europesays.com\/fr\/wp-json\/wp\/v2\/categories?post=320913"},{"taxonomy":"post_tag","embeddable":true,"href":"https:\/\/www.europesays.com\/fr\/wp-json\/wp\/v2\/tags?post=320913"}],"curies":[{"name":"wp","href":"https:\/\/api.w.org\/{rel}","templated":true}]}}