{"id":320915,"date":"2025-08-15T13:43:12","date_gmt":"2025-08-15T13:43:12","guid":{"rendered":"https:\/\/www.europesays.com\/fr\/320915\/"},"modified":"2025-08-15T13:43:12","modified_gmt":"2025-08-15T13:43:12","slug":"pro-d2-avec-colomiers-valentin-delpy-veut-continuer-son-ascension-a-toute-allure","status":"publish","type":"post","link":"https:\/\/www.europesays.com\/fr\/320915\/","title":{"rendered":"Pro D2. Avec Colomiers, Valentin Delpy veut continuer son ascension \u00e0 toute allure"},"content":{"rendered":"<p>            Par<br \/>\n        <strong><br \/>\n            <a href=\"https:\/\/actu.fr\/auteur\/remy-messegue\" title=\"Consulter tous les articles de R\u00e9my Mess\u00e9gu\u00e9\" target=\"_blank\" rel=\"noopener\">R\u00e9my Mess\u00e9gu\u00e9<\/a><br \/>\n        <\/strong><\/p>\n<p>        Publi\u00e9 le<\/p>\n<p>            15 ao\u00fbt 2025 \u00e0 13h05        <\/p>\n<p>Rendez-vous \u00e9tait donn\u00e9 autour de midi apr\u00e8s l\u2019entra\u00eenement du matin. Valentin Delpy est arriv\u00e9 un peu apr\u00e8s. Mais il est tout excus\u00e9 ! En effet, le jeune demi d\u2019ouverture de <a href=\"https:\/\/actu.fr\/sports\/rugby\/pro\/pro-d2-apres-une-saison-reussie-colomiers-veut-faire-rimer-transition-avec-ambition_63000745.html\" target=\"_blank\" rel=\"noopener\">Colomiers<\/a> finissait de s\u2019exercer aux tirs au but,avec une r\u00e9ussite certaine malgr\u00e9 les chambrages de certains de ses partenaires. L\u2019occasion pour Actu Rugby de vous le faire d\u00e9couvrir dans un portrait.\u00a0<\/p>\n<p>Six mois en passant par toutes les \u00e9motions<\/p>\n<p class=\" wall-content\">Il faut dire, qu\u2019\u00e0 21 ans, le gar\u00e7on a connu un condens\u00e9 en six mois, de ce que peut \u00eatre la carri\u00e8re d\u2019un rugbyman dans son int\u00e9gralit\u00e9. Un match en Top 14 \u00e0 Clermont avec le Stade Toulousain le dimanche, puis un pr\u00eat imm\u00e9diat \u00e0 l\u2019USAP. L\u2019occasion d\u2019acqu\u00e9rir de l\u2019exp\u00e9rience en acc\u00e9l\u00e9r\u00e9 : \u00ab\u00a0Tout s\u2019est pass\u00e9 tr\u00e8s vite ! Je jouais le dimanche avec Toulouse et le lendemain j\u2019\u00e9tais a Perpignan. Puis j\u2019ai jou\u00e9 le samedi d\u2019apr\u00e8s avec l\u2019USAP. \u00c7a a \u00e9t\u00e9 assez rapide mais \u00e7a s\u2019est tr\u00e8s bien pass\u00e9 parce que le groupe \u00e9tait vraiment incroyable. C\u2019\u00e9tait dur, mais je pense que \u00e7a m\u2019a beaucoup servi.\u00a0\u00bb<\/p>\n<p>    <img   decoding=\"async\" loading=\"lazy\" src=\"https:\/\/www.europesays.com\/fr\/wp-content\/uploads\/2025\/08\/img-5418-min-960x640.png\" alt=\"Valentin Delpy anime d\u00e9j\u00e0 la ligne d'attaque de Colomiers durant cette pr\u00e9-saison.\" width=\"960\" height=\"640\"\/><br \/>\n    Valentin Delpy anime d\u00e9j\u00e0 la ligne d\u2019attaque de Colomiers durant cette pr\u00e9-saison. (\u00a9Colomiers Rugby)<\/p>\n<p class=\" wall-content\">D\u2019autant plus qu\u2019avec les Catalans, Delpy va conna\u00eetre la tension d\u2019un match de barrage Top 14 \/ Pro D2\u00a0 dans un endroit qui ne vit que pour le ballon ovale : \u00ab\u00a0Le contexte de la ville, c\u2019est diff\u00e9rent de Toulouse, c\u2019est plus petit, ils vivent vraiment pour le rugby. C\u2019\u00e9tait vraiment particulier, mais j\u2019ai beaucoup appr\u00e9ci\u00e9 et je pense que \u00e7a m\u2019a beaucoup servi. M\u00eame ce match de barrage \u00e7a reste un souvenir dur mais aussi un bon moment \u00e0 la fin gr\u00e2ce \u00e0 la victoire. C\u2019\u00e9tait vraiment du rel\u00e2chement qu\u2019il y avait apr\u00e8s tous les efforts entrepris pour se sauver.\u00a0\u00bb<\/p>\n<p>Colomiers pour se rapprocher des siens<\/p>\n<p class=\" wall-content\">Alors, suite \u00e0 toutes ces \u00e9motions, il a fallu redescendre. Et quoi de mieux que le cadre familial de Colomiers, pour se rapprocher de chez soi et retrouver un environnement qu\u2019il conna\u00eet ? Un choix assez naturel pour son entra\u00eeneur Florian Nicot : \u00ab\u00a0C\u2019\u00e9tait une opportunit\u00e9 pour tout le monde, pour le Stade Toulousain, pour nous et le joueur. C\u2019\u00e9tait la meilleure opportunit\u00e9 possible pour qu\u2019il s\u2019\u00e9panouisse, qu\u2019il continue de progresser et qu\u2019il ait beaucoup de temps de jeu avec nous en \u00e9tant toujours pas loin de sa structure si elle a besoin.\u00a0\u00bb<\/p>\n<p class=\" wall-content\">M\u00eame son de cloche du c\u00f4t\u00e9 du joueur : \u00ab\u00a0Lorsque j\u2019\u00e9tais \u00e0 Perpignan, je continuais les cours\u00a0 \u00e0 Toulouse (il est en formation dans une \u00e9cole d\u2019ost\u00e9opathie, NDLR), je devais faire la route tous les jeudis. Revenir \u00e0 Colomiers c\u2019est franchement bien. Pour l\u2019\u00e9cole, la famille, les amis. M\u00eame le cadre ici est super et le groupe est bien.\u00a0\u00bb<\/p>\n<p class=\" wall-content\">Des amis qui ne sont jamais tr\u00e8s loin lorsqu\u2019il faut se vider la t\u00eate et se changer les id\u00e9es. Par petits groupes, ils enfourchent le v\u00e9lo et les voil\u00e0 partis pour de belles sorties comme il l\u2019explique : \u00ab\u00a0Pendant les p\u00e9riodes hors saison j\u2019aime faire du v\u00e9lo avec les copains. L\u2019\u00e9t\u00e9 dernier \u00e7a m\u2019avait remis en forme. On roulait deux, trois fois par semaine. Pendant les vacances on a fait le tour du lac L\u00e9man. On est parti t\u00f4t le matin, on a mang\u00e9 tranquille, on a fait quasiment 180 bornes.\u00a0\u00bb<\/p>\n<p>Le golf pour se changer les id\u00e9es\u2026 mais rarement seul<\/p>\n<p class=\" wall-content\">Et lorsque ce n\u2019est pas un guidon qu\u2019il tient entre les mains, vous pourriez le retrouver avec un club de golf. Sa deuxi\u00e8me passion derri\u00e8re le rugby, lorsqu\u2019il en parle, la voix se fait plus claire et le d\u00e9bit s\u2019acc\u00e9l\u00e8re : \u00ab\u00a0Je suis all\u00e9 cinq jours avec mon p\u00e8re \u00e0 Bordeaux. On a fait un petit voyage golf. \u00c7a fait longtemps que je joue. J\u2019ai fait quelques parties avec les joueurs de Perpignan aussi. Chaque fois j\u2019essaie de me trouver des personnes avec qui jouer selon le club o\u00f9 je suis.\u00a0\u00bb Il ajoute en riant, pour \u00e9viter de se faire taper sur les doigts : \u00ab\u00a0Je joue de temps en temps, lorsque j\u2019ai du temps libre, parce que \u00e7a fatigue aussi.\u00a0\u00bb<\/p>\n<p class=\" wall-content\">Cependant, il sera tr\u00e8s rare que vous croisiez Valentin Delpy seul, le gar\u00e7on a besoin d\u2019\u00eatre entour\u00e9 : \u00a0\u00bb J\u2019aime \u00eatre en groupe de deux ou trois. \u00c7a m\u2019est arriv\u00e9 de partir tout seul \u00e0 v\u00e9lo mais je suis moins fan, c\u2019est un peu moins marrant. Alors que si on y va \u00e0 deux ou trois on rigole et on prend moins le vent. Au golf, y aller tout seul j\u2019ai du mal. \u00c0 part aller au practice, mais faire le parcours tout seul j\u2019ai du mal.\u00a0\u00bb\u00a0<\/p>\n<blockquote class=\"ac-article-quote wall-content\">\n<p>J\u2019aime bien les trails, la rando, \u00eatre dehors avec les copains, on rigole. C\u2019est pareil au golf, le golf c\u2019est bien, il y a des jolis paysages mais il faut les copains !<\/p>\n<p>    <strong>Valentin Delpy<\/strong><br \/>\n        Demi d&rsquo;ouverture de Colomiers    <\/p><\/blockquote>\n<p class=\" wall-content\">Nul doute que dans son nouveau club de Colomiers il trouvera des partenaires pr\u00eats \u00e0 l\u2019accompagner pour des parties endiabl\u00e9es sur les parcours de Toulouse et sa banlieue mais attention, \u00ab\u00a0en voiturette, pas en marchant, il ne faut pas se fatiguer.\u00a0\u00bb<\/p>\n<p class=\" wall-content\">Suivez toute l\u2019actualit\u00e9 de vos villes et m\u00e9dias favoris en vous inscrivant \u00e0 <a href=\"https:\/\/moncompte.actu.fr\" title=\"D\u00e9couvez Mon Actu\" rel=\"nofollow noopener\" data-trk=\"{&quot;cta&quot;:{&quot;action&quot;:&quot;https:\\\/\\\/moncompte.actu.fr&quot;,&quot;category&quot;:&quot;mon compte&quot;,&quot;from&quot;:&quot;article footer&quot;,&quot;name&quot;:&quot;Mon actu&quot;,&quot;type&quot;:&quot;cta&quot;}}\" target=\"_blank\">Mon Actu<\/a>.<\/p>\n<ul class=\"ac-article-tag wall-content\">\n<li><a href=\"https:\/\/actu.fr\/tag\/stade-toulousain\" data-trk=\"{&quot;cta&quot;:{&quot;action&quot;:&quot;Stade toulousain&quot;,&quot;category&quot;:&quot;tag&quot;,&quot;from&quot;:&quot;article footer&quot;,&quot;name&quot;:&quot;Stade toulousain&quot;,&quot;type&quot;:&quot;cta&quot;}}\" target=\"_blank\" rel=\"noopener\">#Stade toulousain<\/a><\/li>\n<li><a href=\"https:\/\/actu.fr\/tag\/usap-perpignan\" data-trk=\"{&quot;cta&quot;:{&quot;action&quot;:&quot;Usap Perpignan&quot;,&quot;category&quot;:&quot;tag&quot;,&quot;from&quot;:&quot;article footer&quot;,&quot;name&quot;:&quot;Usap Perpignan&quot;,&quot;type&quot;:&quot;cta&quot;}}\" target=\"_blank\" rel=\"noopener\">#Usap Perpignan<\/a><\/li>\n<\/ul>\n","protected":false},"excerpt":{"rendered":"Par R\u00e9my Mess\u00e9gu\u00e9 Publi\u00e9 le 15 ao\u00fbt 2025 \u00e0 13h05 Rendez-vous \u00e9tait donn\u00e9 autour de midi apr\u00e8s l\u2019entra\u00eenement&hellip;\n","protected":false},"author":2,"featured_media":320916,"comment_status":"","ping_status":"","sticky":false,"template":"","format":"standard","meta":{"footnotes":""},"categories":[1416],"tags":[1011,27,3788,2308,479,1468,60,476,10744],"class_list":{"0":"post-320915","1":"post","2":"type-post","3":"status-publish","4":"format-standard","5":"has-post-thumbnail","7":"category-rugby","8":"tag-fr","9":"tag-france","10":"tag-pro","11":"tag-pro-d2","12":"tag-rugby","13":"tag-rugby-football","14":"tag-sports","15":"tag-stade-toulousain","16":"tag-usap-perpignan"},"share_on_mastodon":{"url":"https:\/\/pubeurope.com\/@fr\/115033080098059544","error":""},"_links":{"self":[{"href":"https:\/\/www.europesays.com\/fr\/wp-json\/wp\/v2\/posts\/320915","targetHints":{"allow":["GET"]}}],"collection":[{"href":"https:\/\/www.europesays.com\/fr\/wp-json\/wp\/v2\/posts"}],"about":[{"href":"https:\/\/www.europesays.com\/fr\/wp-json\/wp\/v2\/types\/post"}],"author":[{"embeddable":true,"href":"https:\/\/www.europesays.com\/fr\/wp-json\/wp\/v2\/users\/2"}],"replies":[{"embeddable":true,"href":"https:\/\/www.europesays.com\/fr\/wp-json\/wp\/v2\/comments?post=320915"}],"version-history":[{"count":0,"href":"https:\/\/www.europesays.com\/fr\/wp-json\/wp\/v2\/posts\/320915\/revisions"}],"wp:featuredmedia":[{"embeddable":true,"href":"https:\/\/www.europesays.com\/fr\/wp-json\/wp\/v2\/media\/320916"}],"wp:attachment":[{"href":"https:\/\/www.europesays.com\/fr\/wp-json\/wp\/v2\/media?parent=320915"}],"wp:term":[{"taxonomy":"category","embeddable":true,"href":"https:\/\/www.europesays.com\/fr\/wp-json\/wp\/v2\/categories?post=320915"},{"taxonomy":"post_tag","embeddable":true,"href":"https:\/\/www.europesays.com\/fr\/wp-json\/wp\/v2\/tags?post=320915"}],"curies":[{"name":"wp","href":"https:\/\/api.w.org\/{rel}","templated":true}]}}