{"id":320917,"date":"2025-08-15T13:45:11","date_gmt":"2025-08-15T13:45:11","guid":{"rendered":"https:\/\/www.europesays.com\/fr\/320917\/"},"modified":"2025-08-15T13:45:11","modified_gmt":"2025-08-15T13:45:11","slug":"us-open-lajovic-sur-djokovic-novak-est-favori-tout-comme-sinner-et-alcaraz-a-lus-open-si","status":"publish","type":"post","link":"https:\/\/www.europesays.com\/fr\/320917\/","title":{"rendered":"US Open > Lajovic sur Djokovic : \u00ab\u00a0Novak est favori, tout comme Sinner et Alcaraz \u00e0 l&rsquo;US Open si&#8230;\u00a0\u00bb"},"content":{"rendered":"<p>Ce n\u2019est un secret pour personne, Novak Djokovic se concentre exclu\u00adsi\u00adve\u00adment sur les Grand Chelems dans la derni\u00e8re partie de sa carri\u00e8re, pour d\u00e9cro\u00adcher un tant attendu 25e sacre. Preuve en est, l\u2019ac\u00adtuel septi\u00e8me joueur mondial a simple\u00adment fait l\u2019im\u00adpasse sur la tourn\u00e9e am\u00e9ri\u00adcaine en marge de l\u2019US\u00a0Open.\u00a0<\/p>\n<p>Le Djoker s\u2019aven\u00adtu\u00adrera \u00e0 Flushing Meadows sans aucune pr\u00e9pa\u00adra\u00adtion. Pour son compa\u00adtriote Dusan Lajovic, ce n\u2019est pas forc\u00e9\u00adment un facteur qui l\u2019\u00e9carte des favoris. \u00c0 la seule condi\u00adtion qu\u2019il soit au point physiquement.<\/p>\n<p><strong>\u00ab\u202fLe plus gros obstacle pour Novak cette ann\u00e9e en Grand Chelem est sa pr\u00e9pa\u00adra\u00adtion physique, nous l\u2019avons tous constat\u00e9. S\u2019il parvient \u00e0 \u00e9galer leur niveau physique, \u00e0 encha\u00eener des matchs avec les 10 meilleurs joueurs\u2026 S\u2019il y parvient, Novak est favori, tout comme Sinner et Alcaraz. Sinner a montr\u00e9 \u00e0 Wimbledon qu\u2019il savait g\u00e9rer une lourde d\u00e9faite \u00e0 Roland\u2010Garros, gagnant ainsi une nouvelle confiance en lui. Alcaraz et Sinner sont physi\u00adque\u00adment un peu devant, mais quand Novak joue \u00e0 son meilleur niveau, il est invin\u00adcible. J\u2019aimerais qu\u2019il soit pr\u00eat pour tout les matchs\u202f\u00bb<\/strong>, a comment\u00e9 le Serbe, dans les colonnes de <a href=\"https:\/\/sportklub.n1info.rs\/tenis\/us-open\/zasto-novak-ne-igra-pred-uso-njemu-su-prva-kola-slema-priprema\/\" data-wpel-link=\"external\" target=\"_blank\" rel=\"nofollow external noopener\">Sportklub<\/a>.<\/p>\n<p class=\"post-published-date\" style=\"color: silver; font-size: 75%; text-align: left;\">Publi\u00e9 le vendredi 15 ao\u00fbt 2025 \u00e0 14:15<\/p>\n","protected":false},"excerpt":{"rendered":"Ce n\u2019est un secret pour personne, Novak Djokovic se concentre exclu\u00adsi\u00adve\u00adment sur les Grand Chelems dans la derni\u00e8re&hellip;\n","protected":false},"author":2,"featured_media":240270,"comment_status":"","ping_status":"","sticky":false,"template":"","format":"standard","meta":{"footnotes":""},"categories":[1415],"tags":[1744,105,1011,27,2127,60,1467],"class_list":{"0":"post-320917","1":"post","2":"type-post","3":"status-publish","4":"format-standard","5":"has-post-thumbnail","7":"category-tennis","8":"tag-alcaraz","9":"tag-djokovic","10":"tag-fr","11":"tag-france","12":"tag-sinner","13":"tag-sports","14":"tag-tennis"},"share_on_mastodon":{"url":"https:\/\/pubeurope.com\/@fr\/115033087828287366","error":""},"_links":{"self":[{"href":"https:\/\/www.europesays.com\/fr\/wp-json\/wp\/v2\/posts\/320917","targetHints":{"allow":["GET"]}}],"collection":[{"href":"https:\/\/www.europesays.com\/fr\/wp-json\/wp\/v2\/posts"}],"about":[{"href":"https:\/\/www.europesays.com\/fr\/wp-json\/wp\/v2\/types\/post"}],"author":[{"embeddable":true,"href":"https:\/\/www.europesays.com\/fr\/wp-json\/wp\/v2\/users\/2"}],"replies":[{"embeddable":true,"href":"https:\/\/www.europesays.com\/fr\/wp-json\/wp\/v2\/comments?post=320917"}],"version-history":[{"count":0,"href":"https:\/\/www.europesays.com\/fr\/wp-json\/wp\/v2\/posts\/320917\/revisions"}],"wp:featuredmedia":[{"embeddable":true,"href":"https:\/\/www.europesays.com\/fr\/wp-json\/wp\/v2\/media\/240270"}],"wp:attachment":[{"href":"https:\/\/www.europesays.com\/fr\/wp-json\/wp\/v2\/media?parent=320917"}],"wp:term":[{"taxonomy":"category","embeddable":true,"href":"https:\/\/www.europesays.com\/fr\/wp-json\/wp\/v2\/categories?post=320917"},{"taxonomy":"post_tag","embeddable":true,"href":"https:\/\/www.europesays.com\/fr\/wp-json\/wp\/v2\/tags?post=320917"}],"curies":[{"name":"wp","href":"https:\/\/api.w.org\/{rel}","templated":true}]}}