{"id":320918,"date":"2025-08-15T13:47:10","date_gmt":"2025-08-15T13:47:10","guid":{"rendered":"https:\/\/www.europesays.com\/fr\/320918\/"},"modified":"2025-08-15T13:47:10","modified_gmt":"2025-08-15T13:47:10","slug":"miguel-oliveira-en-sursis-la-menace-toprak-razgatlioglu-plane","status":"publish","type":"post","link":"https:\/\/www.europesays.com\/fr\/320918\/","title":{"rendered":"Miguel Oliveira en sursis, la menace Toprak Razgatlioglu plane\u2028"},"content":{"rendered":"<p>Depuis le d\u00e9but de la saison, Miguel Oliveira peine \u00e0 convaincre. Manque de r\u00e9gularit\u00e9, qualifications en retrait et rythme de course insuffisant l\u2019ont tenu \u00e0 l\u2019\u00e9cart des places qui comptent. Cette situation fragilise sa position dans le projet Pramac, surtout dans un contexte o\u00f9 la concurrence interne et externe se renforce.<\/p>\n<p><b>Toprak, la menace qui plane<\/b><b\/><\/p>\n<p>La structure italienne a d\u00e9j\u00e0 annonc\u00e9 l\u2019arriv\u00e9e de Toprak Razgatlioglu, double champion du monde Superbike, qui d\u00e9couvrira le MotoGP sur la Yamaha la saison prochaine. Reste \u00e0 d\u00e9terminer lequel des deux titulaires actuels devra c\u00e9der sa place. Si Oliveira dispose th\u00e9oriquement d\u2019un contrat le liant \u00e0 Pramac pour 2026, nos confr\u00e8res de \u201cThe Race\u201d ont r\u00e9v\u00e9l\u00e9 l\u2019existence de clauses permettant \u00e0 l\u2019\u00e9quipe de s\u2019en s\u00e9parer en cas de position trop basse au championnat.<\/p>\n<p><b>Une deuxi\u00e8me moiti\u00e9 de saison sous pression maximale<\/b><b\/><\/p>\n<p>Ces prochaines courses seront un v\u00e9ritable test de survie pour Oliveira. Pramac attend de lui des performances solides, des entr\u00e9es r\u00e9guli\u00e8res dans le haut de grille et la capacit\u00e9 \u00e0 rivaliser avec les meilleurs. La moindre erreur ou contre-performance pourrait peser lourd dans la balance.<\/p>\n<blockquote>\n<p>\u201cMalheureusement, il n\u2019y a pas eu de temps forts \u00e0 notre d\u00e9but de saison. On a tr\u00e8s bien d\u00e9but\u00e9 en Tha\u00eflande, puis j\u2019ai \u00e9t\u00e9 bless\u00e9. Ensuite, j\u2019ai eu deux courses pour m\u2019habituer \u00e0 tout. Lors des derni\u00e8res courses, je dois dire que les choses se sont am\u00e9lior\u00e9es. J\u2019\u00e9tais de plus en plus rapide. \u00c9videmment, il y a des courses que je n\u2019ai pas termin\u00e9es le dimanche. C\u2019\u00e9taient de belles opportunit\u00e9s pour de gros points. D\u2019autres moins. Disons que le potentiel est l\u00e0. Il y a juste besoin de r\u00e9gler l\u2019une ou l\u2019autre chose pour aller plus vite.\u201d D\u00e9clare Oliveira, source : <a href=\"http:\/\/autohebdo.fr\" target=\"_blank\" rel=\"noopener\">autohebdo.fr<\/a>\u00a0<\/p>\n<\/blockquote>\n<p>Pour le Portugais, cette fin de saison est bien plus qu\u2019une simple opportunit\u00e9 de rebondir : c\u2019est un combat pour prouver qu\u2019il m\u00e9rite sa place dans le projet Pramac Aprilia face \u00e0 l\u2019ombre grandissante de Toprak.<\/p>\n<p>    Partagez cette info avec vos amis et vos proches en cliquant ici  <\/p>\n<p> Podcasts \u00e0 la une MEN LIFE <\/p>\n<p>    MotoGP : Oliveira joue son avenir face \u00e0 la menace Toprak\u2028<\/p>\n<p>La deuxi\u00e8me moiti\u00e9 de saison s\u2019annonce d\u00e9terminante pour Miguel Oliveira, dont l\u2019avenir chez Pramac Aprilia est menac\u00e9 par l\u2019arriv\u00e9e en 2026 de Toprak Razgatlioglu. Chaque course sera cruciale pour prouver qu\u2019il m\u00e9rite sa place.<\/p>\n<p>R\u00e9dacteur<\/p>\n<p><img decoding=\"async\" width=\"76\" height=\"76\" loading=\"lazy\" src=\"https:\/\/www.europesays.com\/fr\/wp-content\/uploads\/2025\/04\/avatar-sport-am.png\" alt=\"Victor Teyssier\"\/><\/p>\n","protected":false},"excerpt":{"rendered":"Depuis le d\u00e9but de la saison, Miguel Oliveira peine \u00e0 convaincre. Manque de r\u00e9gularit\u00e9, qualifications en retrait et&hellip;\n","protected":false},"author":2,"featured_media":320919,"comment_status":"","ping_status":"","sticky":false,"template":"","format":"standard","meta":{"footnotes":""},"categories":[1413],"tags":[1011,27,1457,1456,60],"class_list":{"0":"post-320918","1":"post","2":"type-post","3":"status-publish","4":"format-standard","5":"has-post-thumbnail","7":"category-moto","8":"tag-fr","9":"tag-france","10":"tag-moto","11":"tag-motocycle","12":"tag-sports"},"share_on_mastodon":{"url":"https:\/\/pubeurope.com\/@fr\/115033095874507244","error":""},"_links":{"self":[{"href":"https:\/\/www.europesays.com\/fr\/wp-json\/wp\/v2\/posts\/320918","targetHints":{"allow":["GET"]}}],"collection":[{"href":"https:\/\/www.europesays.com\/fr\/wp-json\/wp\/v2\/posts"}],"about":[{"href":"https:\/\/www.europesays.com\/fr\/wp-json\/wp\/v2\/types\/post"}],"author":[{"embeddable":true,"href":"https:\/\/www.europesays.com\/fr\/wp-json\/wp\/v2\/users\/2"}],"replies":[{"embeddable":true,"href":"https:\/\/www.europesays.com\/fr\/wp-json\/wp\/v2\/comments?post=320918"}],"version-history":[{"count":0,"href":"https:\/\/www.europesays.com\/fr\/wp-json\/wp\/v2\/posts\/320918\/revisions"}],"wp:featuredmedia":[{"embeddable":true,"href":"https:\/\/www.europesays.com\/fr\/wp-json\/wp\/v2\/media\/320919"}],"wp:attachment":[{"href":"https:\/\/www.europesays.com\/fr\/wp-json\/wp\/v2\/media?parent=320918"}],"wp:term":[{"taxonomy":"category","embeddable":true,"href":"https:\/\/www.europesays.com\/fr\/wp-json\/wp\/v2\/categories?post=320918"},{"taxonomy":"post_tag","embeddable":true,"href":"https:\/\/www.europesays.com\/fr\/wp-json\/wp\/v2\/tags?post=320918"}],"curies":[{"name":"wp","href":"https:\/\/api.w.org\/{rel}","templated":true}]}}