{"id":320928,"date":"2025-08-15T13:53:10","date_gmt":"2025-08-15T13:53:10","guid":{"rendered":"https:\/\/www.europesays.com\/fr\/320928\/"},"modified":"2025-08-15T13:53:10","modified_gmt":"2025-08-15T13:53:10","slug":"le-top-10-des-livres-tarnais-a-lire-sans-moderation-cet-ete","status":"publish","type":"post","link":"https:\/\/www.europesays.com\/fr\/320928\/","title":{"rendered":"Le Top 10 des livres tarnais \u00e0 lire sans mod\u00e9ration cet \u00e9t\u00e9"},"content":{"rendered":"<p>\n                                                                    l&rsquo;essentiel<br \/>\n                                                                Polars, romans ou bandes dessin\u00e9es\u2026 Quels livres lire cet \u00e9t\u00e9\u00a0? Anne et Coralie de la librairie Coulier \u00e0 Castres ont s\u00e9lectionn\u00e9 dix ouvrages en lien avec le Tarn.\n                            <\/p>\n<p>Entre polars, essais et po\u00e9sies en lien avec le Tarn, Anne et Coralie de la librairie Coulier \u00e0 Castres pr\u00e9sentent leurs dix coups de\u00a0c\u0153ur de l\u2019\u00e9t\u00e9.<\/p>\n<p>Le diable sur les \u00e9paules\u00a0&#8211; Christian Carayon<\/p>\n<p>Ce polar prend place dans le Tarn, durant l\u2019entre-deux-guerres. En 1924, un criminologue vient enqu\u00eater sur son lieu d\u2019enfance, dans un petit village\u00a0o\u00f9 des crimes se sont produits. L\u2019auteur est n\u00e9 \u00e0 Mazamet et est professeur d\u2019histoire-g\u00e9ographie en lyc\u00e9e. 544 p. (Pocket, 2013)<\/p>\n<p>La ballade des gar\u00e7ons poussi\u00e8res\u00a0&#8211; Jean Ciantar<\/p>\n<p>Il s\u2019agit du premier roman de Jean Ciantar, qui habite pr\u00e8s de Castres. Entre sensibilit\u00e9 et rudesse, l\u2019auteur retrace la qu\u00eate de v\u00e9rit\u00e9 de Yacob Piro, un homme qui refait le dernier voyage de son ami d\u00e9c\u00e9d\u00e9 pour lui rendre hommage. 320 p. (Les Avrils, 2025)<\/p>\n<p>Le secret de la montagne noire\u00a0&#8211; Bruno Combes<\/p>\n<p>Une histoire avec du suspense, des myst\u00e8res \u00e0 \u00e9lucider, autour d\u2019une jeune fille qui quitte Cabard\u00e8s, dans la montagne noire, pour refaire sa vie\u00a0dans le massif central. Mais les secrets du pass\u00e9 ressurgissent\u2026 600 p. (Michel Lafon poche, 2022)<\/p>\n<p>Ces Tarnais qui font l\u2019Histoire\u00a0&#8211; Max Assi\u00e9<\/p>\n<p>L\u2019auteur, originaire du Tarn, met en lumi\u00e8re d\u2019illustres Tarnais, connus ou peu connus. Du scientifique Lucien Fabre \u00e0 la femme de lettres Louisa Paulin, cinquante \u00e9crivains, hommes politiques, sportifs, scientifiques et artisans sont pr\u00e9sent\u00e9s dans ce livre. 264 p. (Papillon rouge, 2024)<\/p>\n<p>Jean Jaur\u00e8s\u00a0&#8211;\u00a0Jean-Numa Ducange<\/p>\n<p>Cette biographie ultra-d\u00e9taill\u00e9e sur Jaur\u00e8s est sortie \u00e0 l\u2019occasion du centenaire de la panth\u00e9onisation de ce grand nom du Tarn. 464 p. (Perrin, 2024)<\/p>\n<p>B\u00fbcheron\u00a0&#8211; Mathias Bonneau<\/p>\n<p>Un r\u00e9cit tr\u00e8s personnel \u00e9crit par un b\u00fbcheron tarnais. Il parle de son parcours, de son rapport \u00e0 la for\u00eat et des difficult\u00e9s du m\u00e9tier qu\u2019il essaie de faire perdurer avec de nouvelles techniques et une nouvelle approche. 272 p. (Seuil, 2025)<\/p>\n<p>La voie du soldat\u00a0&#8211; Mayeul Besson<\/p>\n<p>Le r\u00e9cit poignant d\u2019un ancien militaire du 8e RPIMa qui a combattu les talibans en Afghanistan et a surv\u00e9cu \u00e0 l\u2019embuscade d\u2019Uzbin en 2008, o\u00f9 10 soldats ont p\u00e9ri. Reconverti dans la s\u00e9curit\u00e9 priv\u00e9e, il m\u00e8ne ensuite des missions antipiraterie au Y\u00e9men, avant d\u2019int\u00e9grer la police nationale. 222 p. (Mareuil, 2025)<\/p>\n<p>Pr\u00e9sente\u00a0&#8211; Catherine\u00a0Asti\u00e9<\/p>\n<p>Un recueil de po\u00e8mes tr\u00e8s intime, plein de douceur, inspir\u00e9 de moments de la vie de l\u2019autrice. Castraise et professeure de fran\u00e7ais au coll\u00e8ge de Mazamet, Catherine\u00a0Asti\u00e9 signe ici son premier recueil. 110 p. (L\u2019Harmattan, 2024)<\/p>\n<p>Isidore et Simone, Juifs en R\u00e9sistance\u00a0&#8211; Simon Louvet<\/p>\n<p>Bande dessin\u00e9e inspir\u00e9e de la vie des arri\u00e8res grands-parents de l\u2019auteur. R\u00e9sistants juifs durant la Seconde Guerre mondiale, ils devinrent r\u00e9sistants dans le maquis vabrais, l\u2019un des plus gros r\u00e9seaux de r\u00e9sistance juif en France. 192 p. (Ouest France, 2023)<\/p>\n<p>Hortus et les gardiens du jardin\u00a0&#8211; Karen Plan\u00e8s<\/p>\n<p>Karen Plan\u00e8s est une auteure jeunesse et illustratrice install\u00e9e \u00e0 Castres. Son dernier album donne \u00e0 voir une histoire po\u00e9tique qui met en relation les diff\u00e9rents insectes qui peuples nos jardins. M\u00eame les plus disgracieux ont un r\u00f4le \u00e0 jouer dans le bon fonctionnement de leur habitat naturel. 24 p. (Les crayons de Karen, 2025)<\/p>\n","protected":false},"excerpt":{"rendered":"l&rsquo;essentiel Polars, romans ou bandes dessin\u00e9es\u2026 Quels livres lire cet \u00e9t\u00e9\u00a0? Anne et Coralie de la librairie Coulier&hellip;\n","protected":false},"author":2,"featured_media":320929,"comment_status":"","ping_status":"","sticky":false,"template":"","format":"standard","meta":{"footnotes":""},"categories":[1357],"tags":[1379,58,59,1011,27,1380],"class_list":{"0":"post-320928","1":"post","2":"type-post","3":"status-publish","4":"format-standard","5":"has-post-thumbnail","7":"category-livres","8":"tag-books","9":"tag-divertissement","10":"tag-entertainment","11":"tag-fr","12":"tag-france","13":"tag-livres"},"share_on_mastodon":{"url":"https:\/\/pubeurope.com\/@fr\/115033119348175601","error":""},"_links":{"self":[{"href":"https:\/\/www.europesays.com\/fr\/wp-json\/wp\/v2\/posts\/320928","targetHints":{"allow":["GET"]}}],"collection":[{"href":"https:\/\/www.europesays.com\/fr\/wp-json\/wp\/v2\/posts"}],"about":[{"href":"https:\/\/www.europesays.com\/fr\/wp-json\/wp\/v2\/types\/post"}],"author":[{"embeddable":true,"href":"https:\/\/www.europesays.com\/fr\/wp-json\/wp\/v2\/users\/2"}],"replies":[{"embeddable":true,"href":"https:\/\/www.europesays.com\/fr\/wp-json\/wp\/v2\/comments?post=320928"}],"version-history":[{"count":0,"href":"https:\/\/www.europesays.com\/fr\/wp-json\/wp\/v2\/posts\/320928\/revisions"}],"wp:featuredmedia":[{"embeddable":true,"href":"https:\/\/www.europesays.com\/fr\/wp-json\/wp\/v2\/media\/320929"}],"wp:attachment":[{"href":"https:\/\/www.europesays.com\/fr\/wp-json\/wp\/v2\/media?parent=320928"}],"wp:term":[{"taxonomy":"category","embeddable":true,"href":"https:\/\/www.europesays.com\/fr\/wp-json\/wp\/v2\/categories?post=320928"},{"taxonomy":"post_tag","embeddable":true,"href":"https:\/\/www.europesays.com\/fr\/wp-json\/wp\/v2\/tags?post=320928"}],"curies":[{"name":"wp","href":"https:\/\/api.w.org\/{rel}","templated":true}]}}