{"id":320932,"date":"2025-08-15T13:55:13","date_gmt":"2025-08-15T13:55:13","guid":{"rendered":"https:\/\/www.europesays.com\/fr\/320932\/"},"modified":"2025-08-15T13:55:13","modified_gmt":"2025-08-15T13:55:13","slug":"patrick-sebastien-abba-ces-concerts-sont-gratuits-le-week-end-du-15-aout-voici-ou-en-profiter","status":"publish","type":"post","link":"https:\/\/www.europesays.com\/fr\/320932\/","title":{"rendered":"Patrick S\u00e9bastien, ABBA\u2026 Ces concerts sont gratuits le week-end du 15 ao\u00fbt, voici o\u00f9 en profiter"},"content":{"rendered":"<p class=\"article__intro\">Du Nord au Pas-de-Calais en passant par la Picardie, le long week-end du 15 ao\u00fbt 2025 s\u2019annonce riche en animations. Patrick S\u00e9bastien \u00e0 Fresnes-sur-Escaut, l\u2019American Motor Show \u00e0 Saint-Pol-sur-Mer, concerts gratuits \u00e0 Arras, Berck et Le Crotoy, f\u00eate m\u00e9di\u00e9vale \u00e0 B\u00e9thune, ou encore festival \u00e0 Mers-les-Bains\u2026 Voici notre s\u00e9lection des \u00e9v\u00e9nements immanquables pour sortir dans les Hauts-de-France.<\/p>\n<p>\n      L\u2019actu des r\u00e9gions\n    <\/p>\n<p>\n      Chaque jour, un tour d\u2019horizon des principales infos de toutes les r\u00e9gions.\n    <\/p>\n<p>    France T\u00e9l\u00e9visions utilise votre adresse e-mail afin de vous envoyer la newsletter \u00ab\u00a0L\u2019actu des r\u00e9gions\u00a0\u00bb. Vous pouvez vous d\u00e9sinscrire \u00e0 tout moment via le lien en bas de cette newsletter. <a target=\"_blank\" href=\"https:\/\/www.francetelevisions.fr\/groupe\/confidentialite\/politique-de-confidentialite\/politique-de-confidentialite-de-france-televisions-6503\" rel=\"nofollow noopener\">Notre politique de confidentialit\u00e9<\/a><\/p>\n<p>Si vous passez ce long week-end du 15 ao\u00fbt dans les Hauts-France, voici un condens\u00e9 des \u00e9v\u00e9nements festifs propos\u00e9s dans le Nord-Pas-de-Calais et en Picardie.<\/p>\n<p><strong>Fresnes-sur-Escaut :<\/strong> Dans cette commune pr\u00e8s de Valenciennes, Patrick S\u00e9bastien va faire tourner les serviettes sur la place de la Mairie de 22 h 30 \u00e0 23 h 45. Il sera pr\u00e9c\u00e9d\u00e9 du duo de vari\u00e9t\u00e9s Aude &amp; Soline (\u00e0 20 h 00) et du groupe Big Fiesta (\u00e0 20 h 30). L\u2019entr\u00e9e est gratuite.<\/p>\n<p><strong>Cambrai :<\/strong> La ville va bouger au rythme de la f\u00eate communale avec \u00e0 18 h 00 au Kiosque \u00e0 musique, un concert gratuit d\u2019un invit\u00e9 de marque : Alexis Labarri\u00e9re, accord\u00e9oniste Nordiste, qui a remport\u00e9 en 2024, le titre de champion du monde dans la cat\u00e9gorie musette.<\/p>\n<p><strong>Saint-Pol-sur-Mer :<\/strong> Si vous \u00eates fans de cascades spectaculaires, mur de feu, Monster Trucks et voitures sur deux roues, notez que l\u2019American Motor Show d\u00e9barque pour la premi\u00e8re fois en France et il sera de passage \u00e0 Saint-Pol-sur-Mer les vendredi 15, samedi 16 et dimanche 17 ao\u00fbt 2025. Des spectacles de 1 h 30, les plus jeunes pourront aussi croiser Flash McQueen, h\u00e9ros du film d\u2019animation Cars. Le tarif est de 15 \u20ac pour les enfants et 20 \u20ac pour les adultes.<\/p>\n<p><strong>Berck :<\/strong> Apr\u00e8s Cambrai la veille, la formation belge Big fiesta va ambiancer la place Claude-Wilquin \u00e0 Berck, samedi 16 aout 2025. Avec son r\u00e9pertoire de reprises de tubes d&rsquo;hier et d\u2019aujourd\u2019hui, le groupe se produira de 21 heures \u00e0 23 heures dans le cadre du concert des commer\u00e7ants de Berck-Ville. La premi\u00e8re partie sera assur\u00e9e par le groupe belge Brasero de 19 heures \u00e0 21 heures.<\/p>\n<p><strong>Arras :<\/strong> La F\u00eate des Grandes Prairies va faire vibrer la ville ce vendredi 15 aout. Plusieurs concerts sont pr\u00e9vus : 18 h : S&rsquo;Dance Company, 19 h : JKL, 19 h 30 : SKR &amp; Yamcha feat DJ Weers, 20 h : Pharos, 21 h : Axel Marbeuf de la Star Ac\u2019, 21h50 : La petite culotte. Entr\u00e9e gratuite.<\/p>\n<p><strong>B\u00e9thune :<\/strong> Le festival de la Nuit Magique s\u2019installe au port de plaisance de B\u00e9thune du 15 au 17 ao\u00fbt. Au programme son royaume des huit constellations, o\u00f9 se donnent en spectacle dragons, chevaliers, sir\u00e8nes et sorci\u00e8res. Tarifs : une journ\u00e9e \u00e0 4 euros, pass 3 jours \u00e0 9 euros.<\/p>\n<p><strong>Le Crotoy <\/strong>: Voil\u00e0 de quoi satisfaire les fans de disco. Vendredi 15 ao\u00fbt 2025 d\u00e8s 20 h 30 \u00e0 Le Crotoy, Avec leurs costumes qui brillent sous les projecteurs, les artistes des spectacles Disco Fiesta (un groupe de passionn\u00e9s) se d\u00e9fient dans un show explosif o\u00f9 le public pourra voir des chor\u00e9graphies endiabl\u00e9es sur les plus grands hits disco revisit\u00e9s. Entr\u00e9e gratuite.<\/p>\n<p><strong>Mers-les-Bains :<\/strong> Vendredi 15 et Samedi 16 aout 2025, l\u2019 \u201cEffet. Mer Festival\u201d s\u2019empare de la commune de Mers-les-Bains. Une soir\u00e9e gratuite est pr\u00e9vue ce vendredi avec des groupes locaux (Les Petits Suisses, S\u00e9quelles, Element, WAY, House Rival et Stax\u2026) et sur billetterie pour les t\u00eates d\u2019affiche du samedi (Sniper, 47TER, Henri PFR, Morgan Nagoya, Nuttea\u2026).<\/p>\n<p><strong>Abbeville : <\/strong>Ce vendredi 15 ao\u00fbt 2025, la tourn\u00e9e d\u2019\u00e9t\u00e9 organis\u00e9e par la r\u00e9gion des Hauts-de-France, fait \u00e9tape \u00e0 Abbeville. Au programme : Karaok\u00e9 en famille de 20 h 30 \u00e0 21 h 30 et spectacle de Passe-partout de l\u2019\u00e9mission Fort-Boyard, de 21 h 30 \u00e0 22 h 30\u2002\u2002<\/p>\n<p><strong>Quend :<\/strong>\u2002Samedi 16 ao\u00fbt \u00e0 partir de 21 h sur la Place Charles de Gaulle de Quend, le groupe \u201cAbba Trouper\u201d mettra l\u2019ambiance avec costumes, instruments et chor\u00e9graphies fid\u00e8les, permettant de revivre l\u2019univers mythique d\u2019ABBA.<\/p>\n","protected":false},"excerpt":{"rendered":"Du Nord au Pas-de-Calais en passant par la Picardie, le long week-end du 15 ao\u00fbt 2025 s\u2019annonce riche&hellip;\n","protected":false},"author":2,"featured_media":320933,"comment_status":"","ping_status":"","sticky":false,"template":"","format":"standard","meta":{"footnotes":""},"categories":[1355],"tags":[58,59,1011,27,1361,873],"class_list":{"0":"post-320932","1":"post","2":"type-post","3":"status-publish","4":"format-standard","5":"has-post-thumbnail","7":"category-musique","8":"tag-divertissement","9":"tag-entertainment","10":"tag-fr","11":"tag-france","12":"tag-music","13":"tag-musique"},"share_on_mastodon":{"url":"https:\/\/pubeurope.com\/@fr\/115033127356474243","error":""},"_links":{"self":[{"href":"https:\/\/www.europesays.com\/fr\/wp-json\/wp\/v2\/posts\/320932","targetHints":{"allow":["GET"]}}],"collection":[{"href":"https:\/\/www.europesays.com\/fr\/wp-json\/wp\/v2\/posts"}],"about":[{"href":"https:\/\/www.europesays.com\/fr\/wp-json\/wp\/v2\/types\/post"}],"author":[{"embeddable":true,"href":"https:\/\/www.europesays.com\/fr\/wp-json\/wp\/v2\/users\/2"}],"replies":[{"embeddable":true,"href":"https:\/\/www.europesays.com\/fr\/wp-json\/wp\/v2\/comments?post=320932"}],"version-history":[{"count":0,"href":"https:\/\/www.europesays.com\/fr\/wp-json\/wp\/v2\/posts\/320932\/revisions"}],"wp:featuredmedia":[{"embeddable":true,"href":"https:\/\/www.europesays.com\/fr\/wp-json\/wp\/v2\/media\/320933"}],"wp:attachment":[{"href":"https:\/\/www.europesays.com\/fr\/wp-json\/wp\/v2\/media?parent=320932"}],"wp:term":[{"taxonomy":"category","embeddable":true,"href":"https:\/\/www.europesays.com\/fr\/wp-json\/wp\/v2\/categories?post=320932"},{"taxonomy":"post_tag","embeddable":true,"href":"https:\/\/www.europesays.com\/fr\/wp-json\/wp\/v2\/tags?post=320932"}],"curies":[{"name":"wp","href":"https:\/\/api.w.org\/{rel}","templated":true}]}}