{"id":320936,"date":"2025-08-15T13:57:10","date_gmt":"2025-08-15T13:57:10","guid":{"rendered":"https:\/\/www.europesays.com\/fr\/320936\/"},"modified":"2025-08-15T13:57:10","modified_gmt":"2025-08-15T13:57:10","slug":"les-autorites-preconisent-de-ne-pas-sen-approcher-dans-le-colorado-des-lapins-frankenstein-avec-des-tentacules-affolent-les-internautes","status":"publish","type":"post","link":"https:\/\/www.europesays.com\/fr\/320936\/","title":{"rendered":"Les autorit\u00e9s pr\u00e9conisent de ne pas s\u2019en approcher\u00a0: dans le Colorado, des \u00ab\u00a0lapins Frankenstein\u00a0\u00bb avec des tentacules affolent les internautes"},"content":{"rendered":"<p>\n                                                                Dans le Colorado, des lapins arborant d\u2019\u00e9tranges excroissances semblables \u00e0 des tentacules ont \u00e9t\u00e9 photographi\u00e9s et massivement partag\u00e9s sur les r\u00e9seaux sociaux. Malgr\u00e9 leur apparence surprenante, les autorit\u00e9s rassurent\u00a0: il n\u2019y a aucune raison de s\u2019inqui\u00e9ter.\n                            <\/p>\n<p>Des lapins avec des tentacules\u2026 et ce n\u2019est pas un montage\u00a0! \u00c0 Fort Collins, dans le Colorado, un \u00e9trange ph\u00e9nom\u00e8ne\u00a0intrigue les\u00a0habitants\u00a0: <strong>des\u00a0lapins \u00e0 queue\u00a0blanche exhibant de spectaculaires excroissances noires, rappelant des\u00a0tentacules, ont\u00a0\u00e9t\u00e9 aper\u00e7us \u00e0\u00a0plusieurs reprises<\/strong>, rapporte le <a href=\"https:\/\/www.theguardian.com\/us-news\/2025\/aug\/14\/rabbits-horn-warts-colorado\" target=\"_self\" rel=\"nofollow noopener\">Guardian<\/a>.<\/p>\n<p>Leurs photos, partag\u00e9es sur les r\u00e9seaux sociaux, ont tr\u00e8s vite attir\u00e9 l\u2019attention et valu \u00e0 ces animaux les surnoms de \u201clapins Frankenstein\u201d, \u201clapins zombies\u201d ou encore \u201cd\u00e9mons lapins\u201d, tant leur allure semble tout droit sortie d\u2019un film d\u2019horreur.<\/p>\n<p>Un virus b\u00e9nin<\/p>\n<p>Pourtant, malgr\u00e9 leur allure surprenante, il n\u2019y a pas de quoi\u00a0paniquer, garantissent les scientifiques. Ces excroissances sont provoqu\u00e9es par <strong>le virus de Shope, un papillomavirus<\/strong> qui d\u00e9forme la peau des lapins \u00e0 queue blanche.<strong> Relativement fr\u00e9quente dans le Midwest am\u00e9ricain<\/strong>, cette affection reste spectaculaire, certes, mais relativement b\u00e9nigne\u00a0: tant que ces malformations n\u2019entravent ni leur vue ni leur capacit\u00e9 \u00e0 se nourrir, les lapins se portent bien et continuent leur vie presque normalement.\u00a0Chez eux, le syst\u00e8me immunitaire parvient g\u00e9n\u00e9ralement \u00e0 combattre le virus, et les tumeurs finissent par dispara\u00eetre naturellement.<\/p>\n<p>Le virus se transmet principalement <strong>par les tiques et les puces, voire de moustiques<\/strong>, mais peut aussi passer d\u2019un lapin \u00e0 l\u2019autre par contact direct. Il ne repr\u00e9sente aucun danger pour l\u2019homme ni pour les autres animaux, ce qui permet de contempler ces cr\u00e9atures fascinantes en toute s\u00e9curit\u00e9. Les autorit\u00e9s locales recommandent simplement de garder ses distances et d\u2019observer ces petits mutants\u2026 de loin, pour leur bien-\u00eatre comme pour le n\u00f4tre.<\/p>\n<p><strong>D\u00e9couvert dans les ann\u00e9es 1930<\/strong>, le virus de Shope a sans doute inspir\u00e9 <strong>le mythe du jackalope, ce fameux lapin cornu du folklore am\u00e9ricain. <\/strong>Mais cette curiosit\u00e9 intrigante a \u00e9galement permis aux chercheurs de mieux comprendre les liens entre virus et cancers, notamment dans le cas du papillomavirus humain, responsable du cancer du col de l\u2019ut\u00e9rus.<\/p>\n","protected":false},"excerpt":{"rendered":"Dans le Colorado, des lapins arborant d\u2019\u00e9tranges excroissances semblables \u00e0 des tentacules ont \u00e9t\u00e9 photographi\u00e9s et massivement partag\u00e9s&hellip;\n","protected":false},"author":2,"featured_media":320937,"comment_status":"","ping_status":"","sticky":false,"template":"","format":"standard","meta":{"footnotes":""},"categories":[10],"tags":[1011,27,72,71],"class_list":{"0":"post-320936","1":"post","2":"type-post","3":"status-publish","4":"format-standard","5":"has-post-thumbnail","7":"category-sante","8":"tag-fr","9":"tag-france","10":"tag-health","11":"tag-sante"},"share_on_mastodon":{"url":"https:\/\/pubeurope.com\/@fr\/115033135120433366","error":""},"_links":{"self":[{"href":"https:\/\/www.europesays.com\/fr\/wp-json\/wp\/v2\/posts\/320936","targetHints":{"allow":["GET"]}}],"collection":[{"href":"https:\/\/www.europesays.com\/fr\/wp-json\/wp\/v2\/posts"}],"about":[{"href":"https:\/\/www.europesays.com\/fr\/wp-json\/wp\/v2\/types\/post"}],"author":[{"embeddable":true,"href":"https:\/\/www.europesays.com\/fr\/wp-json\/wp\/v2\/users\/2"}],"replies":[{"embeddable":true,"href":"https:\/\/www.europesays.com\/fr\/wp-json\/wp\/v2\/comments?post=320936"}],"version-history":[{"count":0,"href":"https:\/\/www.europesays.com\/fr\/wp-json\/wp\/v2\/posts\/320936\/revisions"}],"wp:featuredmedia":[{"embeddable":true,"href":"https:\/\/www.europesays.com\/fr\/wp-json\/wp\/v2\/media\/320937"}],"wp:attachment":[{"href":"https:\/\/www.europesays.com\/fr\/wp-json\/wp\/v2\/media?parent=320936"}],"wp:term":[{"taxonomy":"category","embeddable":true,"href":"https:\/\/www.europesays.com\/fr\/wp-json\/wp\/v2\/categories?post=320936"},{"taxonomy":"post_tag","embeddable":true,"href":"https:\/\/www.europesays.com\/fr\/wp-json\/wp\/v2\/tags?post=320936"}],"curies":[{"name":"wp","href":"https:\/\/api.w.org\/{rel}","templated":true}]}}