{"id":320946,"date":"2025-08-15T14:02:12","date_gmt":"2025-08-15T14:02:12","guid":{"rendered":"https:\/\/www.europesays.com\/fr\/320946\/"},"modified":"2025-08-15T14:02:12","modified_gmt":"2025-08-15T14:02:12","slug":"a-washington-800-gardes-nationaux-sont-arrives-sur-place-pour-nettoyer-la-ville-selon-le-pentagone-liberation","status":"publish","type":"post","link":"https:\/\/www.europesays.com\/fr\/320946\/","title":{"rendered":"A Washington, 800 gardes nationaux sont arriv\u00e9s sur place pour \u00abnettoyer\u00bb la ville, selon le Pentagone \u2013 Lib\u00e9ration"},"content":{"rendered":"<p class=\"sc-ksZaOG ehjQrN text-element\"><a href=\"https:\/\/www.liberation.fr\/international\/amerique\/etats-unis-donald-trump-deploie-la-garde-nationale-a-washington-20250811_ESON6RTTVZEO7H6J6KFYXYSTMQ\/?redirected=1\" target=\"_blank\" rel=\"noreferrer noopener\" title=\"https:\/\/www.liberation.fr\/international\/amerique\/etats-unis-donald-trump-deploie-la-garde-nationale-a-washington-20250811_ESON6RTTVZEO7H6J6KFYXYSTMQ\/?redirected=1\">Une nouvelle d\u00e9monstration de force sur le plan s\u00e9curitaire voulue par Donald Trump.<\/a> Jeudi, les 800 gardes nationaux mobilis\u00e9s par le pr\u00e9sident am\u00e9ricain pour \u00abnettoyer\u00bb Washington, selon ses termes, sont arriv\u00e9s dans la capitale am\u00e9ricaine, a annonc\u00e9 Kingsley Wilson, porte-parole du minist\u00e8re de la D\u00e9fense. Ils \u00abaideront la police de Washington et ses partenaires f\u00e9d\u00e9raux charg\u00e9s de l\u2019ordre public \u00e0 assurer la s\u00e9curit\u00e9 des monuments, \u00e0 effectuer des patrouilles de s\u00e9curit\u00e9 dans les quartiers, \u00e0 prot\u00e9ger les installations et les agents f\u00e9d\u00e9raux\u00bb et \u00e0 contr\u00f4ler la circulation, a-t-elle ajout\u00e9.<\/p>\n<p class=\"sc-ksZaOG ehjQrN text-element\">L\u2019arm\u00e9e de Terre a de son c\u00f4t\u00e9 indiqu\u00e9 dans un communiqu\u00e9 que la Garde nationale \u00abne proc\u00e9derait pas \u00e0 des arrestations ni \u00e0 des fouilles\u00bb, pas plus qu\u2019elle ne dirigerait des missions d\u2019ordre public, mais \u00e9tait \u00abhabilit\u00e9e \u00e0 appr\u00e9hender temporairement une personne pour pr\u00e9venir un danger imminent\u00bb. Elle est l\u00e0 pour \u00abfournir une pr\u00e9sence visible dans d\u2019importants endroits fr\u00e9quent\u00e9s par le public, \u00e0 titre de dissuasion\u00bb, selon ce communiqu\u00e9.<\/p>\n<p class=\"sc-ksZaOG ehjQrN text-element\"><a href=\"https:\/\/www.liberation.fr\/checknews\/2020\/06\/05\/qu-est-ce-que-la-garde-nationale-deployee-aux-etats-unis-apres-la-mort-de-george-floyd_1790211\/\" target=\"_blank\" rel=\"noreferrer noopener\" title=\"https:\/\/www.liberation.fr\/checknews\/2020\/06\/05\/qu-est-ce-que-la-garde-nationale-deployee-aux-etats-unis-apres-la-mort-de-george-floyd_1790211\/\">Ces militaires de r\u00e9serve <\/a>\u00abresteront sur place jusqu\u2019\u00e0 ce que l\u2019ordre public soit r\u00e9tabli dans la ville, comme d\u00e9cid\u00e9 par le pr\u00e9sident\u00bb Donald Trump, a avanc\u00e9 la porte-parole du Pentagone.<\/p>\n<p class=\"sc-ksZaOG ehjQrN text-element\">Face \u00e0 ces militaires en treillis qui patrouillent d\u00e9j\u00e0 devant la gare de la capitale am\u00e9ricaine, \u00e0 deux pas du Capitole, Randy Kindle, membre d\u2019un groupe de manifestants contre la politique de Donald Trump, a d\u00e9clar\u00e9 craindre que les sans-abri soient arr\u00eat\u00e9s et mis en prison ou dans un centre de r\u00e9tention, \u00abalors qu\u2019ils ont simplement besoin d\u2019aide\u00bb.<\/p>\n<p class=\"sc-ksZaOG ehjQrN text-element\">Lundi 11\u00a0ao\u00fbt, le pr\u00e9sident am\u00e9ricain avait en effet annonc\u00e9 placer le maintien de l\u2019ordre \u00e0 Washington sous le contr\u00f4le de son administration et d\u00e9ployer la Garde nationale. Des mesures exceptionnelles pour cette ville qu\u2019il d\u00e9crit comme \u00abenvahie par des gangs violents\u00bb et qu\u2019il veut donc \u00abnettoyer\u00bb. Les statistiques officielles montrent pourtant une baisse de la criminalit\u00e9 violente dans la capitale. Mais \u00e0 l\u2019inverse des 50 Etats am\u00e9ricains, la municipalit\u00e9 de Washington op\u00e8re dans le cadre d\u2019une relation particuli\u00e8re avec l\u2019Etat f\u00e9d\u00e9ral qui limite son autonomie.<\/p>\n<p class=\"sc-ksZaOG ehjQrN text-element\">Par ailleurs, <a href=\"https:\/\/www.liberation.fr\/international\/amerique\/etats-unis-donald-trump-declare-la-guerre-a-la-californie-honnie-20250609_4GMXZDJGZNEYLEUYJJIVRXGHOA\/\" target=\"_blank\" rel=\"noreferrer noopener\" title=\"https:\/\/www.liberation.fr\/international\/amerique\/etats-unis-donald-trump-declare-la-guerre-a-la-californie-honnie-20250609_4GMXZDJGZNEYLEUYJJIVRXGHOA\/\">Donald Trump avait d\u00e9j\u00e0 mobilis\u00e9 en juin la Garde nationale en Californie, <\/a>contre l\u2019avis du gouverneur d\u00e9mocrate Gavin Newsom, affirmant vouloir ainsi r\u00e9tablir l\u2019ordre \u00e0 Los Angeles apr\u00e8s des manifestations contre des arrestations muscl\u00e9es d\u2019immigr\u00e9s par la police f\u00e9d\u00e9rale de l\u2019immigration (ICE).<\/p>\n","protected":false},"excerpt":{"rendered":"Une nouvelle d\u00e9monstration de force sur le plan s\u00e9curitaire voulue par Donald Trump. Jeudi, les 800 gardes nationaux&hellip;\n","protected":false},"author":2,"featured_media":320947,"comment_status":"","ping_status":"","sticky":false,"template":"","format":"standard","meta":{"footnotes":""},"categories":[5],"tags":[11,75,73,1011,27,14,12,28],"class_list":{"0":"post-320946","1":"post","2":"type-post","3":"status-publish","4":"format-standard","5":"has-post-thumbnail","7":"category-international","8":"tag-actualites","9":"tag-donald-trump","10":"tag-etats-unis","11":"tag-fr","12":"tag-france","13":"tag-international","14":"tag-news","15":"tag-world"},"share_on_mastodon":{"url":"https:\/\/pubeurope.com\/@fr\/115033154840766723","error":""},"_links":{"self":[{"href":"https:\/\/www.europesays.com\/fr\/wp-json\/wp\/v2\/posts\/320946","targetHints":{"allow":["GET"]}}],"collection":[{"href":"https:\/\/www.europesays.com\/fr\/wp-json\/wp\/v2\/posts"}],"about":[{"href":"https:\/\/www.europesays.com\/fr\/wp-json\/wp\/v2\/types\/post"}],"author":[{"embeddable":true,"href":"https:\/\/www.europesays.com\/fr\/wp-json\/wp\/v2\/users\/2"}],"replies":[{"embeddable":true,"href":"https:\/\/www.europesays.com\/fr\/wp-json\/wp\/v2\/comments?post=320946"}],"version-history":[{"count":0,"href":"https:\/\/www.europesays.com\/fr\/wp-json\/wp\/v2\/posts\/320946\/revisions"}],"wp:featuredmedia":[{"embeddable":true,"href":"https:\/\/www.europesays.com\/fr\/wp-json\/wp\/v2\/media\/320947"}],"wp:attachment":[{"href":"https:\/\/www.europesays.com\/fr\/wp-json\/wp\/v2\/media?parent=320946"}],"wp:term":[{"taxonomy":"category","embeddable":true,"href":"https:\/\/www.europesays.com\/fr\/wp-json\/wp\/v2\/categories?post=320946"},{"taxonomy":"post_tag","embeddable":true,"href":"https:\/\/www.europesays.com\/fr\/wp-json\/wp\/v2\/tags?post=320946"}],"curies":[{"name":"wp","href":"https:\/\/api.w.org\/{rel}","templated":true}]}}