{"id":320956,"date":"2025-08-15T14:10:14","date_gmt":"2025-08-15T14:10:14","guid":{"rendered":"https:\/\/www.europesays.com\/fr\/320956\/"},"modified":"2025-08-15T14:10:14","modified_gmt":"2025-08-15T14:10:14","slug":"une-pepite-du-club-se-rapproche-de-toulon-une-recrue-star-prolonge-laventure","status":"publish","type":"post","link":"https:\/\/www.europesays.com\/fr\/320956\/","title":{"rendered":"une p\u00e9pite du club se rapproche de Toulon, une recrue star prolonge l\u2019aventure"},"content":{"rendered":"<p>\u00a0<\/p>\n<p>Une semaine agit\u00e9e se profile du c\u00f4t\u00e9 de Montpellier. Avant l\u2019approche de la reprise du Top 14, le MHR s\u2019active en coulisses pour dessiner les contours de son effectif en 2026. Parmi les priorit\u00e9s du club h\u00e9raultais se trouve le dossier Lenni Nouchi. D\u00e9j\u00e0 consid\u00e9r\u00e9 comme l\u2019un des meilleurs joueurs du club, le champion du monde U20 est l\u2019un des plus grands talents fran\u00e7ais \u00e0 son poste et a d\u00e9j\u00e0 r\u00e9ussi \u00e0 taper dans l\u2019\u0153il de Fabien Galthi\u00e9.<\/p>\n<p>Alors qu\u2019il se retrouve en fin de contrat \u00e0 l\u2019issue de la saison, le troisi\u00e8me-ligne dispose logiquement de courtisans. Selon les informations de <a href=\"https:\/\/www.rugbyrama.fr\/2025\/08\/15\/transferts-top-14-montpellier-ou-toulon-verdict-imminent-pour-lenni-nouchi-12876351.php\" rel=\"nofollow noopener\" target=\"_blank\">Midi Olympique<\/a>, Lenni Nouchi doit trancher d\u2019ici la fin de semaine entre le MHR et Toulon. Le RCT lui a fait une offre all\u00e9chante et le joueur serait actuellement en pleine r\u00e9flexion, avec la perspective de rejoindre un candidat au titre.<\/p>\n<p>Vunipola va prolonger<\/p>\n<p>Si le dossier Nouchi pourrait laisser de l\u2019amertume chez les dirigeants du MHR, ces derniers ont en revanche r\u00e9ussi un tour de force. Arriv\u00e9 l\u2019an pass\u00e9 en provenance des Saracens, Billy Vunipola n\u2019a pas mis longtemps \u00e0 s\u2019int\u00e9grer et \u00e0 justifier la confiance accord\u00e9e. D\u00e9j\u00e0 cadre du club, l\u2019Anglais va rempiler et signer une prolongation.<\/p>\n<p>Partagez cette info avec vos amis et vos proches en cliquant ici<br \/>Pour r\u00e9sumer<\/p>\n<p>Selon les informations de Midi Olympique, l\u2019un des grands talents et meilleur joueur du MHR doit faire un choix entre son club formateur et Toulon dans les jours \u00e0 venir. En revanche, Montpellier a trouv\u00e9 un accord pour la prolongation de l\u2019une de ses stars.<\/p>\n<p> <img decoding=\"async\" width=\"76\" height=\"76\" loading=\"lazy\" src=\"https:\/\/www.europesays.com\/fr\/wp-content\/uploads\/2025\/04\/avatar-quinze.png\" alt=\"Arnaud D\u00e9chelotte\"\/><\/p>\n","protected":false},"excerpt":{"rendered":"\u00a0 Une semaine agit\u00e9e se profile du c\u00f4t\u00e9 de Montpellier. Avant l\u2019approche de la reprise du Top 14,&hellip;\n","protected":false},"author":2,"featured_media":320957,"comment_status":"","ping_status":"","sticky":false,"template":"","format":"standard","meta":{"footnotes":""},"categories":[9619],"tags":[1111,11,1777,674,1011,27,12,882,25,2310],"class_list":{"0":"post-320956","1":"post","2":"type-post","3":"status-publish","4":"format-standard","5":"has-post-thumbnail","7":"category-toulon","8":"tag-actu","9":"tag-actualites","10":"tag-eu","11":"tag-europe","12":"tag-fr","13":"tag-france","14":"tag-news","15":"tag-provence-alpes-cote-dazur","16":"tag-republique-francaise","17":"tag-toulon"},"share_on_mastodon":{"url":"https:\/\/pubeurope.com\/@fr\/115033186283589214","error":""},"_links":{"self":[{"href":"https:\/\/www.europesays.com\/fr\/wp-json\/wp\/v2\/posts\/320956","targetHints":{"allow":["GET"]}}],"collection":[{"href":"https:\/\/www.europesays.com\/fr\/wp-json\/wp\/v2\/posts"}],"about":[{"href":"https:\/\/www.europesays.com\/fr\/wp-json\/wp\/v2\/types\/post"}],"author":[{"embeddable":true,"href":"https:\/\/www.europesays.com\/fr\/wp-json\/wp\/v2\/users\/2"}],"replies":[{"embeddable":true,"href":"https:\/\/www.europesays.com\/fr\/wp-json\/wp\/v2\/comments?post=320956"}],"version-history":[{"count":0,"href":"https:\/\/www.europesays.com\/fr\/wp-json\/wp\/v2\/posts\/320956\/revisions"}],"wp:featuredmedia":[{"embeddable":true,"href":"https:\/\/www.europesays.com\/fr\/wp-json\/wp\/v2\/media\/320957"}],"wp:attachment":[{"href":"https:\/\/www.europesays.com\/fr\/wp-json\/wp\/v2\/media?parent=320956"}],"wp:term":[{"taxonomy":"category","embeddable":true,"href":"https:\/\/www.europesays.com\/fr\/wp-json\/wp\/v2\/categories?post=320956"},{"taxonomy":"post_tag","embeddable":true,"href":"https:\/\/www.europesays.com\/fr\/wp-json\/wp\/v2\/tags?post=320956"}],"curies":[{"name":"wp","href":"https:\/\/api.w.org\/{rel}","templated":true}]}}