{"id":320972,"date":"2025-08-15T14:25:10","date_gmt":"2025-08-15T14:25:10","guid":{"rendered":"https:\/\/www.europesays.com\/fr\/320972\/"},"modified":"2025-08-15T14:25:10","modified_gmt":"2025-08-15T14:25:10","slug":"cerrone-nathalie-duchene-bon-entendeur-vous-donnent-rendez-vous-en-septembre-a-la-plage-le-temps-dun-ete-a-nice","status":"publish","type":"post","link":"https:\/\/www.europesays.com\/fr\/320972\/","title":{"rendered":"Cerrone, Nathalie Duchene, Bon Entendeur&#8230; vous donnent rendez-vous en septembre \u00e0 la plage Le Temps d\u2019un \u00e9t\u00e9 \u00e0 Nice"},"content":{"rendered":"<p>Quand on habite sur la C\u00f4te d\u2019Azur, on sait que les r\u00e9jouissances ne s\u2019arr\u00eatent pas forc\u00e9ment au moment de la rentr\u00e9e des classes.<\/p>\n<p>C\u2019est encore plus vrai du c\u00f4t\u00e9 de Nice, o\u00f9 la plage Amour d\u00e9gainera deux ultimes soir\u00e9es (le 4 septembre avec le collectif Maraboutage et le 12 avec Kavinsky) et o\u00f9 le Festival Crossover d\u00e9roulera une programmation entre rap, shatta, baile funk et dancehall (5 et 6 septembre au 109).<\/p>\n<p>Sur la Prom\u2019, on vibrera aussi du c\u00f4t\u00e9 de la plage Le temps d\u2019un \u00e9t\u00e9, qui mettra sur pied une nouvelle \u00e9dition du festival du m\u00eame nom. Et on peut dire que pour sa troisi\u00e8me ann\u00e9e d\u2019existence, le rendez-vous, initialement baptis\u00e9 Label France, va prendre encore plus de consistance et attirer l\u2019\u0153il de celles et ceux qui ignoraient encore son existence.<\/p>\n<p>Cerrone, pape disco toujours fid\u00e8le au poste<\/p>\n<p>Du 5 au 7 septembre, pas moins de 13 artistes et collectifs se relaieront derri\u00e8re les platines. \u00ab\u00a0Les principes restent similaires aux ann\u00e9es pr\u00e9c\u00e9dentes: swinguer sur un fond de carte postale, sous le soleil, au bord de l\u2019eau, les pieds dans les galets. Une programmation haute en couleur qui devrait plaire aux amateurs de house, mais pas que\u00a0\u00bb, promettent les organisateurs.<\/p>\n<p>On aurait tendance \u00e0 les croire, puisque le nom figurant tout en haut de l\u2019affiche est celui de <b>Cerrone<\/b>, pape du disco de 73 ans, poss\u00e9dant des r\u00e9sidences \u00e0 Ramatuelle et \u00e0 Cannes, et souvent aper\u00e7u dans des \u00e9v\u00e9nements de la r\u00e9gion ces derniers temps.<\/p>\n<p>Juste apr\u00e8s le nom de la l\u00e9gende des 70\u2019s, on trouve <b>Denis Sulta<\/b>. Fier repr\u00e9sentant de la prolifique sc\u00e8ne de Glasgow, celui qui a forg\u00e9 sa culture musicale en bossant chez un disquaire, compte notamment une participation au prestigieux Montreux Jazz Festival et une session Boiler Room \u00e0 3 millions de vues \u00e0 savourer sur YouTube.<\/p>\n<p>              <img ci-src=\"https:\/\/www.nicematin.com\/concerts\/protec\/DATA_ART_16075487-KKae7DYi.jpg?vh=9df20b&amp;ci_seal=50dd3438ae\" alt=\"\"\/><br \/>\n        Le groupe Bon Entendeur figurera parmi les t\u00eates d\u2019affiche.  <strong>Photos Frantz Bouton et S\u00e9bastien Botella.<\/strong> <\/p>\n<p>                                Bon Entendeur et Dusty Nation, couleur locale<\/p>\n<p>Quand on poss\u00e8de dans son r\u00e9pertoire des morceaux intitul\u00e9s Le temps est bon, M\u00e9diterran\u00e9e et un dernier album nomm\u00e9 Rivages, on a forc\u00e9ment sa place dans les parages.<\/p>\n<p>Bienvenue donc \u00e0 <b>Bon Entendeur,<\/b> dont l\u2019un des membres Pierre Dellla Monica, est originaire de Nice. \u00c0 chacun de ses passages dans le coin, aux Plages \u00e9lectroniques ou \u00e0 La Cr\u00e8me Festival, les sp\u00e9cialistes des remix inspir\u00e9s ont toujours s\u00e9duit.<\/p>\n<p>\u00c0 noter \u00e9galement la belle r\u00e9gularit\u00e9 du collectif <b>Dusty Nation <\/b>(avec deux Nissarts dans ses rangs), pr\u00e9sent \u00e0 chaque \u00e9dition du Temps d\u2019un \u00e9t\u00e9 depuis sa cr\u00e9ation.<\/p>\n<p>Producteur pour The Blessed Madonna ou Fred Again, rep\u00e9r\u00e9 sur le label Ed Banger et d\u00e9sormais \u00e0 la t\u00eate de sa propre entit\u00e9, Circa\u201999, <b>Boston Bun<\/b> enquillera pour sa part avec une deuxi\u00e8me participation cons\u00e9cutive.<\/p>\n<p>                                Des habitu\u00e9s de la C\u00f4te d\u2019Azur en approche<\/p>\n<p>De passage du c\u00f4t\u00e9 de Villefranche pour La Cr\u00e8me en juin dernier, <b>Un*Deux,<\/b> producteur originaire de Vitry-sur-Seine, sera de retour dans les Alpes-Maritimes. Le R\u00e9mois <b>Yuksek,<\/b> lui aussi, a son rond de serviette dans ce festival.<\/p>\n<p>Il avait \u00e9galement marqu\u00e9 de son empreinte la premi\u00e8re saison du Stockfish, en 2022. S\u2019il consacre d\u00e9sormais beaucoup de temps \u00e0 la composition pour le cin\u00e9ma et les s\u00e9ries, il semble avoir encore l\u2019oreille qui tra\u00eene partout, comme le prouve Universalismo, la derni\u00e8re compilation en date sortie sur son label, Partyfine.<\/p>\n<p>Et les femmes dans tout \u00e7a? Elles seront l\u00e0, minoritaires mais tr\u00e8s bien repr\u00e9sent\u00e9es par <b>Marina Trench<\/b> et <b>Nathalie Duchene <\/b>(en m\u00e9daillon). Pour avoir assist\u00e9 \u00e0 leurs performances, du c\u00f4t\u00e9 de La Cr\u00e8me, du Stockfish ou de Crossover (incontournables, d\u00e9cid\u00e9ment), on peut vous garantir que la Fran\u00e7aise assure autant que la Belge.<\/p>\n<p>&gt;&gt; Egalement programm\u00e9s au Temps d\u2019un \u00e9t\u00e9 festival: Kirollus, Barbieri, Salah, Maison Shiro et Faubourg. Pass 1 jour \u00e0 34,65 euros. Pass 2 jours \u00e0 partir de 50,09 euros et 3 jours \u00e0 partir de 71,40 euros (prix \u00e9volutifs \u00e0 l\u2019approche de la date). Renseignements sur Instagram: @letempsdunetefestival<\/p>\n","protected":false},"excerpt":{"rendered":"Quand on habite sur la C\u00f4te d\u2019Azur, on sait que les r\u00e9jouissances ne s\u2019arr\u00eatent pas forc\u00e9ment au moment&hellip;\n","protected":false},"author":2,"featured_media":320973,"comment_status":"","ping_status":"","sticky":false,"template":"","format":"standard","meta":{"footnotes":""},"categories":[2819],"tags":[1111,11,4156,251,1777,674,1011,27,12,2401,882,25],"class_list":{"0":"post-320972","1":"post","2":"type-post","3":"status-publish","4":"format-standard","5":"has-post-thumbnail","7":"category-nice","8":"tag-actu","9":"tag-actualites","10":"tag-concerts","11":"tag-culture","12":"tag-eu","13":"tag-europe","14":"tag-fr","15":"tag-france","16":"tag-news","17":"tag-nice","18":"tag-provence-alpes-cote-dazur","19":"tag-republique-francaise"},"share_on_mastodon":{"url":"https:\/\/pubeurope.com\/@fr\/115033245199256072","error":""},"_links":{"self":[{"href":"https:\/\/www.europesays.com\/fr\/wp-json\/wp\/v2\/posts\/320972","targetHints":{"allow":["GET"]}}],"collection":[{"href":"https:\/\/www.europesays.com\/fr\/wp-json\/wp\/v2\/posts"}],"about":[{"href":"https:\/\/www.europesays.com\/fr\/wp-json\/wp\/v2\/types\/post"}],"author":[{"embeddable":true,"href":"https:\/\/www.europesays.com\/fr\/wp-json\/wp\/v2\/users\/2"}],"replies":[{"embeddable":true,"href":"https:\/\/www.europesays.com\/fr\/wp-json\/wp\/v2\/comments?post=320972"}],"version-history":[{"count":0,"href":"https:\/\/www.europesays.com\/fr\/wp-json\/wp\/v2\/posts\/320972\/revisions"}],"wp:featuredmedia":[{"embeddable":true,"href":"https:\/\/www.europesays.com\/fr\/wp-json\/wp\/v2\/media\/320973"}],"wp:attachment":[{"href":"https:\/\/www.europesays.com\/fr\/wp-json\/wp\/v2\/media?parent=320972"}],"wp:term":[{"taxonomy":"category","embeddable":true,"href":"https:\/\/www.europesays.com\/fr\/wp-json\/wp\/v2\/categories?post=320972"},{"taxonomy":"post_tag","embeddable":true,"href":"https:\/\/www.europesays.com\/fr\/wp-json\/wp\/v2\/tags?post=320972"}],"curies":[{"name":"wp","href":"https:\/\/api.w.org\/{rel}","templated":true}]}}