{"id":320984,"date":"2025-08-15T14:34:10","date_gmt":"2025-08-15T14:34:10","guid":{"rendered":"https:\/\/www.europesays.com\/fr\/320984\/"},"modified":"2025-08-15T14:34:10","modified_gmt":"2025-08-15T14:34:10","slug":"le-toulouse-football-club-lance-sa-saison-en-ligue-1-voici-ou-et-quand-voir-la-premiere-journee-en-direct","status":"publish","type":"post","link":"https:\/\/www.europesays.com\/fr\/320984\/","title":{"rendered":"Le Toulouse Football Club lance sa saison en Ligue 1, voici o\u00f9 et quand voir la premi\u00e8re journ\u00e9e en direct"},"content":{"rendered":"<p>            Par<br \/>\n        <strong><br \/>\n            <a href=\"https:\/\/actu.fr\/auteur\/enzo-legros\" title=\"Consulter tous les articles de Enzo Legros\" rel=\"nofollow noopener\" target=\"_blank\">Enzo Legros<\/a><br \/>\n        <\/strong><\/p>\n<p>        Publi\u00e9 le<\/p>\n<p>            15 ao\u00fbt 2025 \u00e0 16h18        <\/p>\n<p>L\u2019attente est bient\u00f4t termin\u00e9e pour les supporters du <strong><a href=\"https:\/\/actu.fr\/tag\/toulouse-football-club-tfc\" rel=\"nofollow noopener\" target=\"_blank\">Toulouse Football Club<\/a>\u2009<\/strong>! <strong>La Ligue\u00a01 <\/strong>fait son<strong> grand retour<\/strong> ce week-end du 15 ao\u00fbt 2025, et le T\u00e9f\u00e9c\u00e9 en fait bien s\u00fbr partie. Dixi\u00e8me au classement final de la saison derni\u00e8re, le club de la Ville rose repart pour une <strong>55\u1d49 saison<\/strong> dans l\u2019\u00e9lite, la quatri\u00e8me d\u2019affil\u00e9e depuis 2022. On vous donne toutes les bonnes infos \u00e0 conna\u00eetre pour vivre cette premi\u00e8re journ\u00e9e au mieux.<\/p>\n<p>Le premier match sera sur la C\u00f4te d\u2019Azur<\/p>\n<p class=\" wall-content\">Pour retrouver le logo de la Ligue\u00a01 <a href=\"https:\/\/actu.fr\/tag\/stadium-de-toulouse\" rel=\"nofollow noopener\" target=\"_blank\">au Stadium de Toulouse<\/a>, il faudra attendre encore un peu. Le TFC joue en effet son premier match de la saison <strong>\u00e0 l\u2019ext\u00e9rieur<\/strong>, face \u00e0 <strong>l\u2019OGC Nice<\/strong>. Ce d\u00e9placement sur la C\u00f4te d\u2019Azur opposera donc les Toulousains \u00e0 un club europ\u00e9en, qualifi\u00e9 pour la Ligue Europa cette saison.<\/p>\n<p class=\" wall-content\">Cette confrontation sera l\u2019occasion pour le club d\u2019arborer son tout nouveau maillot ext\u00e9rieur, aux couleurs de sa r\u00e9gion.<\/p>\n<p>Rendez-vous fix\u00e9 en prime time<\/p>\n<p class=\" wall-content\">Ce match se d\u00e9roulera <strong>samedi 16 ao\u00fbt 2025<\/strong> au soir. Le coup d\u2019envoi est pr\u00e9vu pour <strong>21h05<\/strong> \u00e0 l\u2019Allianz Riviera. Hormis les centaines de supporters toulousains qui font le d\u00e9placement jusqu\u2019\u00e0 Nice, il faudra se poster devant la t\u00e9l\u00e9 pour supporter les violets.<\/p>\n<p>Vid\u00e9os : en ce moment sur Actu<\/p>\n<p class=\" wall-content\">Ce sera la toute nouvelle cha\u00eene Ligue\u00a01 +, appartenant \u00e0 la Ligue de football professionnel, qui diffusera le match. Pour s\u2019y abonner, il suffit de se rendre <a href=\"https:\/\/ligue1plus.fr\/\" rel=\"nofollow noopener\" target=\"_blank\">sur son site<\/a> ou son application. Sinon, la cha\u00eene RMC sport et les plateformes DAZN, Amazon Prime et Molotov.tv\u00a0proposent \u00e9galement des offres mensuelles et annuelles allant de <strong>15 \u00e0 25\u00a0euros<\/strong>.<\/p>\n<p>Un nouveau d\u00e9part apr\u00e8s une pr\u00e9paration difficile<\/p>\n<p class=\" wall-content\">Pour le TFC, <a href=\"https:\/\/actu.fr\/toulouse\/sports\/football\/ligue-1\" rel=\"nofollow noopener\" target=\"_blank\">la reprise de la Ligue\u00a01<\/a> marque aussi le retour des matchs \u00e0 enjeux. Ces derni\u00e8res semaines, l\u2019\u00e9quipe a v\u00e9cu une <strong>pr\u00e9paration rythm\u00e9e<\/strong> par des rencontres de taille. D\u2019une d\u00e9faite face \u00e0 Cristiano Ronaldo (1-2) en passant par un calvaire face \u00e0 Leipzig (0-7), le bilan des matchs amicaux organis\u00e9s cet \u00e9t\u00e9 n\u2019a pas servi \u00e0 mettre en confiance les fans toulousains.<\/p>\n<p class=\" wall-content\">Il faut dire que <strong>le programme \u00e9tait charg\u00e9 et exigeant<\/strong>, <a href=\"https:\/\/actu.fr\/occitanie\/toulouse_31555\/tefece-une-grande-soiree-festive-attendue-pour-le-dernier-match-de-preparation-face-au-fc-seville_62999846.html\" rel=\"nofollow noopener\" target=\"_blank\">avec en plus un match de gala face au<strong> FC S\u00e9ville<\/strong><\/a>, club europ\u00e9en historique, o\u00f9 les Violets sont parvenus \u00e0 <strong>d\u00e9crocher un match nul<\/strong> \u00e0 domicile.<\/p>\n<p class=\" wall-content\">Le d\u00e9fi ne sera pas moins grand samedi soir. Mais une statistique peut <strong>animer l\u2019espoir de ramener au moins un point<\/strong> \u00e0 Toulouse\u2009: sur les dix derniers matchs face \u00e0 Nice, le club de la Ville rose comptabilise six matchs nuls et une victoire, pour seulement trois d\u00e9faites.<\/p>\n<p class=\" wall-content\">Suivez toute l\u2019actualit\u00e9 de vos villes et m\u00e9dias favoris en vous inscrivant \u00e0 <a href=\"https:\/\/moncompte.actu.fr\" title=\"D\u00e9couvez Mon Actu\" rel=\"nofollow noopener\" data-trk=\"{&quot;cta&quot;:{&quot;action&quot;:&quot;https:\\\/\\\/moncompte.actu.fr&quot;,&quot;category&quot;:&quot;mon compte&quot;,&quot;from&quot;:&quot;article footer&quot;,&quot;name&quot;:&quot;Mon actu&quot;,&quot;type&quot;:&quot;cta&quot;}}\" target=\"_blank\">Mon Actu<\/a>.<\/p>\n<ul class=\"ac-article-tag wall-content\">\n<li><a href=\"https:\/\/actu.fr\/tag\/toulouse-football-club-tfc\" data-trk=\"{&quot;cta&quot;:{&quot;action&quot;:&quot;Toulouse Football Club (TFC)&quot;,&quot;category&quot;:&quot;tag&quot;,&quot;from&quot;:&quot;article footer&quot;,&quot;name&quot;:&quot;Toulouse Football Club (TFC)&quot;,&quot;type&quot;:&quot;cta&quot;}}\" rel=\"nofollow noopener\" target=\"_blank\">#Toulouse Football Club (TFC)<\/a><\/li>\n<\/ul>\n","protected":false},"excerpt":{"rendered":"Par Enzo Legros Publi\u00e9 le 15 ao\u00fbt 2025 \u00e0 16h18 L\u2019attente est bient\u00f4t termin\u00e9e pour les supporters du&hellip;\n","protected":false},"author":2,"featured_media":320985,"comment_status":"","ping_status":"","sticky":false,"template":"","format":"standard","meta":{"footnotes":""},"categories":[2816],"tags":[1111,11,1777,674,63,1011,27,12,2680,25,60,2312,4159],"class_list":{"0":"post-320984","1":"post","2":"type-post","3":"status-publish","4":"format-standard","5":"has-post-thumbnail","7":"category-toulouse","8":"tag-actu","9":"tag-actualites","10":"tag-eu","11":"tag-europe","12":"tag-football","13":"tag-fr","14":"tag-france","15":"tag-news","16":"tag-occitanie","17":"tag-republique-francaise","18":"tag-sports","19":"tag-toulouse","20":"tag-toulouse-football-club-tfc"},"share_on_mastodon":{"url":"https:\/\/pubeurope.com\/@fr\/115033280505457499","error":""},"_links":{"self":[{"href":"https:\/\/www.europesays.com\/fr\/wp-json\/wp\/v2\/posts\/320984","targetHints":{"allow":["GET"]}}],"collection":[{"href":"https:\/\/www.europesays.com\/fr\/wp-json\/wp\/v2\/posts"}],"about":[{"href":"https:\/\/www.europesays.com\/fr\/wp-json\/wp\/v2\/types\/post"}],"author":[{"embeddable":true,"href":"https:\/\/www.europesays.com\/fr\/wp-json\/wp\/v2\/users\/2"}],"replies":[{"embeddable":true,"href":"https:\/\/www.europesays.com\/fr\/wp-json\/wp\/v2\/comments?post=320984"}],"version-history":[{"count":0,"href":"https:\/\/www.europesays.com\/fr\/wp-json\/wp\/v2\/posts\/320984\/revisions"}],"wp:featuredmedia":[{"embeddable":true,"href":"https:\/\/www.europesays.com\/fr\/wp-json\/wp\/v2\/media\/320985"}],"wp:attachment":[{"href":"https:\/\/www.europesays.com\/fr\/wp-json\/wp\/v2\/media?parent=320984"}],"wp:term":[{"taxonomy":"category","embeddable":true,"href":"https:\/\/www.europesays.com\/fr\/wp-json\/wp\/v2\/categories?post=320984"},{"taxonomy":"post_tag","embeddable":true,"href":"https:\/\/www.europesays.com\/fr\/wp-json\/wp\/v2\/tags?post=320984"}],"curies":[{"name":"wp","href":"https:\/\/api.w.org\/{rel}","templated":true}]}}